{"id":4836,"date":"2024-06-13T16:21:30","date_gmt":"2024-06-13T16:21:30","guid":{"rendered":"https:\/\/gemeindebuechereikastl.de\/?p=4836"},"modified":"2024-06-13T16:36:15","modified_gmt":"2024-06-13T16:36:15","slug":"buechertisch-mit-interesanten-lebensgeschichten-im-og","status":"publish","type":"post","link":"https:\/\/gemeindebuechereikastl.de\/?p=4836","title":{"rendered":"B\u00fcchertisch mit interesanten Lebensgeschichten im OG"},"content":{"rendered":"<h2 style=\"text-align: center;\"><span style=\"color: #ff6600;\"><strong>Interessanter B\u00fcchertisch mit au\u00dfergew\u00f6hnlichen Lebensgeschichten im OG f\u00fcr alle Leser zusammengestellt<\/strong><\/span><\/h2>\n<h4><img loading=\"lazy\" decoding=\"async\" class=\"alignleft wp-image-4842 \" src=\"https:\/\/gemeindebuechereikastl.de\/wp-content\/uploads\/2024\/06\/Lebensgeschichten-936x1206.jpg\" alt=\"\" width=\"521\" height=\"671\" srcset=\"https:\/\/gemeindebuechereikastl.de\/wp-content\/uploads\/2024\/06\/Lebensgeschichten-936x1206.jpg 936w, https:\/\/gemeindebuechereikastl.de\/wp-content\/uploads\/2024\/06\/Lebensgeschichten-233x300.jpg 233w, https:\/\/gemeindebuechereikastl.de\/wp-content\/uploads\/2024\/06\/Lebensgeschichten-768x990.jpg 768w, https:\/\/gemeindebuechereikastl.de\/wp-content\/uploads\/2024\/06\/Lebensgeschichten-1192x1536.jpg 1192w, https:\/\/gemeindebuechereikastl.de\/wp-content\/uploads\/2024\/06\/Lebensgeschichten-1589x2048.jpg 1589w, https:\/\/gemeindebuechereikastl.de\/wp-content\/uploads\/2024\/06\/Lebensgeschichten-750x967.jpg 750w, https:\/\/gemeindebuechereikastl.de\/wp-content\/uploads\/2024\/06\/Lebensgeschichten-scaled.jpg 1987w\" sizes=\"auto, (max-width: 521px) 100vw, 521px\" \/><\/h4>\n<p>K\u00fcnstler und Politiker, Unternehmer und Milit\u00e4r-Strategen, Rebellen und Kirchenm\u00e4nner und -frauen, Sportler und Journalisten, Wissenschaftler und Erfinder &#8230; Bedeutende und ber\u00fchmte Pers\u00f6nlichkeiten erz\u00e4hlen aus ihrem bewegten Leben; Autoren stellen uns namhafte Personen der Zeitgeschichte n\u00e4her vor. Biografien und Autobiografien faszinieren unz\u00e4hlige Leserinnen und Leser und sind aus dem Sachbuch-Ressort einfach nicht wegzudenken.<\/p>\n<p>Deshalb hat das Team wieder eine Ausstellung mit interessanten B\u00fcchern zusammengestellt unter dem Motto werden \u201eInteressante, Spannende, Lehrreiche, Mitreisende, Abenteuerliche, Bewegende und Bedeutsame Lebensgeschichten\u201c in dieser Ausstellung vorgestellt.<\/p>\n<h4><strong>Auch gibt es weitere B\u00fccher zu entdecken die nicht in der Ausstellung sind. Bei unseren Sachb\u00fcchern in den Bereichen: BIOGRAPHIE, RELIGION, GESCHICHTE; HEIMAT usw.\u00a0 und auch auf <a href=\"https:\/\/gemeindebuechereikastl.de\/?page_id=76\">LEO NORD (E-Books)<\/a>\u00a0gibt es weitere interessante B\u00fccher \u00fcber Bedeutende und ber\u00fchmte Pers\u00f6nlichkeiten zu entdecken.<\/strong><\/h4>\n<h4><strong>Kommen Sie bei uns in der B\u00fccherei vorbei und entdecken weitere interessante B\u00fccher zum Thema; LEBENSGESCHICHTEN oder BIOGRAPHIEN oder Sie informieren sich vorab in unseren <a href=\"https:\/\/iopac.gemeindebuechereikastl.de\/\">Online-Katalog<\/a>\u00a0!<\/strong><\/h4>\n","protected":false},"excerpt":{"rendered":"<p>Interessanter B\u00fcchertisch mit au\u00dfergew\u00f6hnlichen Lebensgeschichten im OG f\u00fcr alle Leser zusammengestellt K\u00fcnstler und Politiker, Unternehmer und Milit\u00e4r-Strategen, Rebellen und Kirchenm\u00e4nner und -frauen, Sportler und Journalisten, Wissenschaftler und Erfinder &#8230; Bedeutende und ber\u00fchmte Pers\u00f6nlichkeiten erz\u00e4hlen aus ihrem bewegten Leben; Autoren stellen uns namhafte Personen der Zeitgeschichte n\u00e4her vor. Biografien und Autobiografien faszinieren unz\u00e4hlige Leserinnen und Leser &hellip; <\/p>\n<p><a class=\"more-link btn\" href=\"https:\/\/gemeindebuechereikastl.de\/?p=4836\">Weiterlesen<\/a><\/p>\n","protected":false},"author":1,"featured_media":4842,"comment_status":"closed","ping_status":"closed","sticky":false,"template":"","format":"standard","meta":{"footnotes":""},"categories":[5],"tags":[192,591,194,590],"class_list":["post-4836","post","type-post","status-publish","format-standard","has-post-thumbnail","hentry","category-news","tag-ausstellung","tag-biografien","tag-buchausstellung","tag-lebensgeschichten","item-wrap"],"_links":{"self":[{"href":"https:\/\/gemeindebuechereikastl.de\/index.php?rest_route=\/wp\/v2\/posts\/4836","targetHints":{"allow":["GET"]}}],"collection":[{"href":"https:\/\/gemeindebuechereikastl.de\/index.php?rest_route=\/wp\/v2\/posts"}],"about":[{"href":"https:\/\/gemeindebuechereikastl.de\/index.php?rest_route=\/wp\/v2\/types\/post"}],"author":[{"embeddable":true,"href":"https:\/\/gemeindebuechereikastl.de\/index.php?rest_route=\/wp\/v2\/users\/1"}],"replies":[{"embeddable":true,"href":"https:\/\/gemeindebuechereikastl.de\/index.php?rest_route=%2Fwp%2Fv2%2Fcomments&post=4836"}],"version-history":[{"count":4,"href":"https:\/\/gemeindebuechereikastl.de\/index.php?rest_route=\/wp\/v2\/posts\/4836\/revisions"}],"predecessor-version":[{"id":4840,"href":"https:\/\/gemeindebuechereikastl.de\/index.php?rest_route=\/wp\/v2\/posts\/4836\/revisions\/4840"}],"wp:featuredmedia":[{"embeddable":true,"href":"https:\/\/gemeindebuechereikastl.de\/index.php?rest_route=\/wp\/v2\/media\/4842"}],"wp:attachment":[{"href":"https:\/\/gemeindebuechereikastl.de\/index.php?rest_route=%2Fwp%2Fv2%2Fmedia&parent=4836"}],"wp:term":[{"taxonomy":"category","embeddable":true,"href":"https:\/\/gemeindebuechereikastl.de\/index.php?rest_route=%2Fwp%2Fv2%2Fcategories&post=4836"},{"taxonomy":"post_tag","embeddable":true,"href":"https:\/\/gemeindebuechereikastl.de\/index.php?rest_route=%2Fwp%2Fv2%2Ftags&post=4836"}],"curies":[{"name":"wp","href":"https:\/\/api.w.org\/{rel}","templated":true}]}}