{"id":4845,"date":"2024-06-13T16:57:14","date_gmt":"2024-06-13T16:57:14","guid":{"rendered":"https:\/\/gemeindebuechereikastl.de\/?p=4845"},"modified":"2024-06-13T17:56:15","modified_gmt":"2024-06-13T17:56:15","slug":"buecher-ueber-geschichte-und-geschichten-fuer-fussballfans-bei-uns-in-der-buecherei","status":"publish","type":"post","link":"https:\/\/gemeindebuechereikastl.de\/?p=4845","title":{"rendered":"B\u00fccher \u00fcber Geschichte und Geschichten f\u00fcr Fu\u00dfballfans bei uns in der B\u00fccherei"},"content":{"rendered":"<h2 style=\"text-align: center;\"><span style=\"color: #ff6600;\"><strong>Rechtzeitig zur EURO 2024\u00a0 gibt es in der B\u00fccherei einen B\u00fcchertisch mit Geschichte und Geschichten f\u00fcr Fu\u00dfballfans ob klein oder gro\u00df<\/strong><\/span><\/h2>\n<p><img loading=\"lazy\" decoding=\"async\" class=\"alignleft wp-image-4838 \" src=\"https:\/\/gemeindebuechereikastl.de\/wp-content\/uploads\/2024\/06\/Euro-2024-852x1206.jpg\" alt=\"\" width=\"324\" height=\"458\" srcset=\"https:\/\/gemeindebuechereikastl.de\/wp-content\/uploads\/2024\/06\/Euro-2024-852x1206.jpg 852w, https:\/\/gemeindebuechereikastl.de\/wp-content\/uploads\/2024\/06\/Euro-2024-212x300.jpg 212w, https:\/\/gemeindebuechereikastl.de\/wp-content\/uploads\/2024\/06\/Euro-2024-768x1087.jpg 768w, https:\/\/gemeindebuechereikastl.de\/wp-content\/uploads\/2024\/06\/Euro-2024-1085x1536.jpg 1085w, https:\/\/gemeindebuechereikastl.de\/wp-content\/uploads\/2024\/06\/Euro-2024-1447x2048.jpg 1447w, https:\/\/gemeindebuechereikastl.de\/wp-content\/uploads\/2024\/06\/Euro-2024-750x1062.jpg 750w, https:\/\/gemeindebuechereikastl.de\/wp-content\/uploads\/2024\/06\/Euro-2024-scaled.jpg 1808w\" sizes=\"auto, (max-width: 324px) 100vw, 324px\" \/><img loading=\"lazy\" decoding=\"async\" class=\"wp-image-4846 alignright\" src=\"https:\/\/gemeindebuechereikastl.de\/wp-content\/uploads\/2024\/06\/Fussball-2024-300x300.jpg\" alt=\"\" width=\"163\" height=\"163\" srcset=\"https:\/\/gemeindebuechereikastl.de\/wp-content\/uploads\/2024\/06\/Fussball-2024-300x300.jpg 300w, https:\/\/gemeindebuechereikastl.de\/wp-content\/uploads\/2024\/06\/Fussball-2024-150x150.jpg 150w, https:\/\/gemeindebuechereikastl.de\/wp-content\/uploads\/2024\/06\/Fussball-2024.jpg 750w\" sizes=\"auto, (max-width: 163px) 100vw, 163px\" \/>Bald ist es wieder so weit! Die Fu\u00dfball-Europameisterschaft beginnt. F\u00fcr alle kleinen und gro\u00dfen Fu\u00dfball-Fans hei\u00dft es dann, f\u00fcr die Lieblings-Mannschaft Daumen dr\u00fccken und mitfiebern. Wir haben Spannende Fu\u00dfballgeschichten f\u00fcr Jungs und M\u00e4dchen. Egal, ob als aktiver Kicker in der Nachwuchsmannschaft des \u00f6rtlichen Fu\u00dfballvereins oder als begeisterter Fan der Lieblings- oder Nationalmannschaft: Nach dem Abpfiff schm\u00f6kern die Kleinen sicherlich noch gerne in ihren Fu\u00dfball-Leseb\u00fcchern. Und beim Vorlesen haben auch die fu\u00dfballbegeisterten Eltern und Gro\u00dfeltern ihre Freude. Mit einer Buchausstellung haben wir unsere beliebtesten Fu\u00dfball-Kinderb\u00fccher mit tollen Fu\u00dfball-Geschichten zusammengestellt.<\/p>\n<p>Mit unseren Kinderb\u00fcchern \u00fcber Fu\u00dfball kommt das Runde in das Eckige. So wird Lesenlernen leicht wie ein Tor ohne Torwart und auch das Vorlesen oder Selberlesen macht ganz besonders viel Spa\u00df! Ist doch klar, oder?<\/p>\n<p><img loading=\"lazy\" decoding=\"async\" class=\"aligncenter wp-image-4847 \" src=\"https:\/\/gemeindebuechereikastl.de\/wp-content\/uploads\/2024\/06\/fussballer-1603x445.jpg\" alt=\"\" width=\"714\" height=\"198\" srcset=\"https:\/\/gemeindebuechereikastl.de\/wp-content\/uploads\/2024\/06\/fussballer-1603x445.jpg 1603w, https:\/\/gemeindebuechereikastl.de\/wp-content\/uploads\/2024\/06\/fussballer-300x83.jpg 300w, https:\/\/gemeindebuechereikastl.de\/wp-content\/uploads\/2024\/06\/fussballer-768x213.jpg 768w, https:\/\/gemeindebuechereikastl.de\/wp-content\/uploads\/2024\/06\/fussballer-1536x426.jpg 1536w, https:\/\/gemeindebuechereikastl.de\/wp-content\/uploads\/2024\/06\/fussballer-750x208.jpg 750w, https:\/\/gemeindebuechereikastl.de\/wp-content\/uploads\/2024\/06\/fussballer.jpg 1920w\" sizes=\"auto, (max-width: 714px) 100vw, 714px\" \/><\/p>\n<h4><strong>Weitere interesanten Fussballb\u00fccher gibt es bei uns in der B\u00fccherei zu entdecken. Oder auch bei unseren<\/strong><strong> <a href=\"https:\/\/gemeindebuechereikastl.de\/?page_id=76\">(E-Books)<\/a> unter <\/strong><strong><a href=\"https:\/\/gemeindebuechereikastl.de\/?page_id=76\">LEO NORD<\/a><\/strong><\/h4>\n<h4><strong>Kommt einfach bei unseren \u00d6ffnnugszeiten vorbei und entdeckt weitere gro\u00dfartige B\u00fccher und Medien, oder informiert euch vorab in unseren <a href=\"https:\/\/iopac.gemeindebuechereikastl.de\/\">Online-Katalog<\/a>\u00a0!<\/strong><\/h4>\n","protected":false},"excerpt":{"rendered":"<p>Rechtzeitig zur EURO 2024\u00a0 gibt es in der B\u00fccherei einen B\u00fcchertisch mit Geschichte und Geschichten f\u00fcr Fu\u00dfballfans ob klein oder gro\u00df Bald ist es wieder so weit! Die Fu\u00dfball-Europameisterschaft beginnt. F\u00fcr alle kleinen und gro\u00dfen Fu\u00dfball-Fans hei\u00dft es dann, f\u00fcr die Lieblings-Mannschaft Daumen dr\u00fccken und mitfiebern. Wir haben Spannende Fu\u00dfballgeschichten f\u00fcr Jungs und M\u00e4dchen. Egal, &hellip; <\/p>\n<p><a class=\"more-link btn\" href=\"https:\/\/gemeindebuechereikastl.de\/?p=4845\">Weiterlesen<\/a><\/p>\n","protected":false},"author":1,"featured_media":4838,"comment_status":"closed","ping_status":"closed","sticky":false,"template":"","format":"standard","meta":{"footnotes":""},"categories":[5,1],"tags":[194,592,593],"class_list":["post-4845","post","type-post","status-publish","format-standard","has-post-thumbnail","hentry","category-news","category-team","tag-buchausstellung","tag-euro-2024","tag-fuss","item-wrap"],"_links":{"self":[{"href":"https:\/\/gemeindebuechereikastl.de\/index.php?rest_route=\/wp\/v2\/posts\/4845","targetHints":{"allow":["GET"]}}],"collection":[{"href":"https:\/\/gemeindebuechereikastl.de\/index.php?rest_route=\/wp\/v2\/posts"}],"about":[{"href":"https:\/\/gemeindebuechereikastl.de\/index.php?rest_route=\/wp\/v2\/types\/post"}],"author":[{"embeddable":true,"href":"https:\/\/gemeindebuechereikastl.de\/index.php?rest_route=\/wp\/v2\/users\/1"}],"replies":[{"embeddable":true,"href":"https:\/\/gemeindebuechereikastl.de\/index.php?rest_route=%2Fwp%2Fv2%2Fcomments&post=4845"}],"version-history":[{"count":2,"href":"https:\/\/gemeindebuechereikastl.de\/index.php?rest_route=\/wp\/v2\/posts\/4845\/revisions"}],"predecessor-version":[{"id":4849,"href":"https:\/\/gemeindebuechereikastl.de\/index.php?rest_route=\/wp\/v2\/posts\/4845\/revisions\/4849"}],"wp:featuredmedia":[{"embeddable":true,"href":"https:\/\/gemeindebuechereikastl.de\/index.php?rest_route=\/wp\/v2\/media\/4838"}],"wp:attachment":[{"href":"https:\/\/gemeindebuechereikastl.de\/index.php?rest_route=%2Fwp%2Fv2%2Fmedia&parent=4845"}],"wp:term":[{"taxonomy":"category","embeddable":true,"href":"https:\/\/gemeindebuechereikastl.de\/index.php?rest_route=%2Fwp%2Fv2%2Fcategories&post=4845"},{"taxonomy":"post_tag","embeddable":true,"href":"https:\/\/gemeindebuechereikastl.de\/index.php?rest_route=%2Fwp%2Fv2%2Ftags&post=4845"}],"curies":[{"name":"wp","href":"https:\/\/api.w.org\/{rel}","templated":true}]}}