{"id":4851,"date":"2024-06-19T09:09:02","date_gmt":"2024-06-19T09:09:02","guid":{"rendered":"https:\/\/gemeindebuechereikastl.de\/?p=4851"},"modified":"2024-06-19T09:23:32","modified_gmt":"2024-06-19T09:23:32","slug":"karten-fuer-bavaria-first-mit-wolfgang-krebs-ab-sofort-erhaeltlich","status":"publish","type":"post","link":"https:\/\/gemeindebuechereikastl.de\/?p=4851","title":{"rendered":"Karten f\u00fcr &#8222;Bavaria first&#8220; mit Wolfgang Krebs ab sofort erh\u00e4ltlich"},"content":{"rendered":"<h2 style=\"text-align: center;\"><span style=\"color: #ff6600;\"><strong>Der Kartenvorverkauf f\u00fcr das Highlight &#8211; \u201eBAVARIA FIRST\u201c ein Abend mit dem Kabarettisten Wolfgang Krebs hat begonnen!<\/strong><\/span><\/h2>\n<p><img loading=\"lazy\" decoding=\"async\" class=\"wp-image-4855 alignleft\" src=\"https:\/\/gemeindebuechereikastl.de\/wp-content\/uploads\/2024\/06\/Bavaria-first-1603x1069.jpg\" alt=\"\" width=\"392\" height=\"261\" srcset=\"https:\/\/gemeindebuechereikastl.de\/wp-content\/uploads\/2024\/06\/Bavaria-first-1603x1069.jpg 1603w, https:\/\/gemeindebuechereikastl.de\/wp-content\/uploads\/2024\/06\/Bavaria-first-300x200.jpg 300w, https:\/\/gemeindebuechereikastl.de\/wp-content\/uploads\/2024\/06\/Bavaria-first-768x512.jpg 768w, https:\/\/gemeindebuechereikastl.de\/wp-content\/uploads\/2024\/06\/Bavaria-first-1536x1025.jpg 1536w, https:\/\/gemeindebuechereikastl.de\/wp-content\/uploads\/2024\/06\/Bavaria-first-2048x1366.jpg 2048w, https:\/\/gemeindebuechereikastl.de\/wp-content\/uploads\/2024\/06\/Bavaria-first-750x500.jpg 750w\" sizes=\"auto, (max-width: 392px) 100vw, 392px\" \/><\/p>\n<p style=\"text-align: center;\"><strong>Auf Einladung des B\u00fcchereiteams der Gemeindeb\u00fccherei Kastl tritt Wolfgang Krebs im Rahmen von <\/strong><strong>\u201e50 Jahre Gemeindeb\u00fccherei Kastl\u201c mit seinen Superbayern am Freitag, 22. Oktober um 20:00 Uhr im <\/strong><strong>Gasthof Forsthof auf.<\/strong><\/p>\n<p>Edmund S., ehemaliger Ministerpr\u00e4sident, hat es schon immer gewusst: Bayern, das beste Bundesland von allen, legt sich mehr ins Zeug als alle anderen zusammen. Was hat es davon? Es finanziert die anderen mit. Immer wieder hat er davon getr\u00e4umt, Bayern selbstst\u00e4ndig zu machen. Bayern als das England der Bundesrepublik, weg von Rest-Deutschland. Ende mit dem <img loading=\"lazy\" decoding=\"async\" class=\"wp-image-4852 alignright\" src=\"https:\/\/gemeindebuechereikastl.de\/wp-content\/uploads\/2024\/06\/Plakat-Krebs.jpg\" alt=\"\" width=\"227\" height=\"267\" srcset=\"https:\/\/gemeindebuechereikastl.de\/wp-content\/uploads\/2024\/06\/Plakat-Krebs.jpg 441w, https:\/\/gemeindebuechereikastl.de\/wp-content\/uploads\/2024\/06\/Plakat-Krebs-255x300.jpg 255w\" sizes=\"auto, (max-width: 227px) 100vw, 227px\" \/>F\u00f6deralismus: \u201eBavaria first\u201c \u2013 der Traum wird Wahrheit; zumindest als Illusion. Wer sitzt im Kabinett, wie ist das Verh\u00e4ltnis zu den befreundeten Staaten \u00d6sterreich und Baden-W\u00fcrttemberg? Wird man am Ende des Abends und des Traumes sagen: Ja, das w\u00e4re sch\u00f6n oder doch: Gott sei Dank nur ein Traum. Wolfgang Krebs ist wie immer allein auf der B\u00fchne und wie immer zusammen mit vielen Personen. Er zeigt, wie Edmunds Traum aussehen k\u00f6nnte. Wenn sich Bayern selbstst\u00e4ndig macht, um im Alleingang der Welt zu beweisen:<\/p>\n<h4 style=\"text-align: center;\"><span style=\"color: #0000ff;\"><strong>Da die Nachfrage nach Karten f\u00fcr diesen Abend so gro\u00df war, hat sich das B\u00fcchereiteam entschlossen den Vorverkauf der Karten zum Preis von 33,00 Euro pro Person ab sofort anzubieten. <span style=\"color: #ff0000;\">Karten sind beim Boader Albert erh\u00e4ltlich.<\/span><\/strong><\/span><\/h4>\n<h4 style=\"text-align: center;\"><span style=\"color: #800000;\"><a style=\"color: #800000;\" href=\"https:\/\/gemeindebuechereikastl.de\/wp-content\/uploads\/2024\/06\/Aktionen-Jubilaeum-2024.pdf\"><span style=\"color: #ff0000;\">Eine \u00dcbersicht \u00fcber die weiteren Veranstaltungen im Rahmen des Jubil\u00e4ums &#8222;50 Jahre Gemeindeb\u00fccherei Kastl&#8220; gibt es hier!\u00a0<\/span><\/a><\/span><\/h4>\n","protected":false},"excerpt":{"rendered":"<p>Der Kartenvorverkauf f\u00fcr das Highlight &#8211; \u201eBAVARIA FIRST\u201c ein Abend mit dem Kabarettisten Wolfgang Krebs hat begonnen! Auf Einladung des B\u00fcchereiteams der Gemeindeb\u00fccherei Kastl tritt Wolfgang Krebs im Rahmen von \u201e50 Jahre Gemeindeb\u00fccherei Kastl\u201c mit seinen Superbayern am Freitag, 22. Oktober um 20:00 Uhr im Gasthof Forsthof auf. Edmund S., ehemaliger Ministerpr\u00e4sident, hat es schon &hellip; <\/p>\n<p><a class=\"more-link btn\" href=\"https:\/\/gemeindebuechereikastl.de\/?p=4851\">Weiterlesen<\/a><\/p>\n","protected":false},"author":1,"featured_media":4852,"comment_status":"closed","ping_status":"closed","sticky":false,"template":"","format":"standard","meta":{"footnotes":""},"categories":[5],"tags":[594,189,549,588],"class_list":["post-4851","post","type-post","status-publish","format-standard","has-post-thumbnail","hentry","category-news","tag-bavaria-first","tag-jubilaeum","tag-kabarettist","tag-wolfgang-krebs","item-wrap"],"_links":{"self":[{"href":"https:\/\/gemeindebuechereikastl.de\/index.php?rest_route=\/wp\/v2\/posts\/4851","targetHints":{"allow":["GET"]}}],"collection":[{"href":"https:\/\/gemeindebuechereikastl.de\/index.php?rest_route=\/wp\/v2\/posts"}],"about":[{"href":"https:\/\/gemeindebuechereikastl.de\/index.php?rest_route=\/wp\/v2\/types\/post"}],"author":[{"embeddable":true,"href":"https:\/\/gemeindebuechereikastl.de\/index.php?rest_route=\/wp\/v2\/users\/1"}],"replies":[{"embeddable":true,"href":"https:\/\/gemeindebuechereikastl.de\/index.php?rest_route=%2Fwp%2Fv2%2Fcomments&post=4851"}],"version-history":[{"count":4,"href":"https:\/\/gemeindebuechereikastl.de\/index.php?rest_route=\/wp\/v2\/posts\/4851\/revisions"}],"predecessor-version":[{"id":4860,"href":"https:\/\/gemeindebuechereikastl.de\/index.php?rest_route=\/wp\/v2\/posts\/4851\/revisions\/4860"}],"wp:featuredmedia":[{"embeddable":true,"href":"https:\/\/gemeindebuechereikastl.de\/index.php?rest_route=\/wp\/v2\/media\/4852"}],"wp:attachment":[{"href":"https:\/\/gemeindebuechereikastl.de\/index.php?rest_route=%2Fwp%2Fv2%2Fmedia&parent=4851"}],"wp:term":[{"taxonomy":"category","embeddable":true,"href":"https:\/\/gemeindebuechereikastl.de\/index.php?rest_route=%2Fwp%2Fv2%2Fcategories&post=4851"},{"taxonomy":"post_tag","embeddable":true,"href":"https:\/\/gemeindebuechereikastl.de\/index.php?rest_route=%2Fwp%2Fv2%2Ftags&post=4851"}],"curies":[{"name":"wp","href":"https:\/\/api.w.org\/{rel}","templated":true}]}}