{"id":491,"date":"2018-05-05T11:09:16","date_gmt":"2018-05-05T11:09:16","guid":{"rendered":"http:\/\/gemeindebuechereikastl.de\/?p=491"},"modified":"2018-05-15T16:11:28","modified_gmt":"2018-05-15T16:11:28","slug":"entensaison-in-der-buecherei-hat-begonnen","status":"publish","type":"post","link":"https:\/\/gemeindebuechereikastl.de\/?p=491","title":{"rendered":"In der B\u00fccherei hat die ENTEN-Saison wieder begonnen"},"content":{"rendered":"<h2 style=\"text-align: center;\"><span style=\"color: #ff9900;\">Verkauf von Renn-Enten f\u00fcr das &#8222;Kastler Entenrennen&#8220; am Samstag, 23. Juni hat begonnen.<\/span><\/h2>\n<p>Im Juni ist es weide soweit, der Nabel der Entenwelt liegt in Kastl. Dort startete das B\u00fcchereiteam am <strong><u>Samstag, 23. Juni<\/u><\/strong> wieder das \u201eKastler Entenrennen\u201c auf der Lauterach.<\/p>\n<p>F\u00fcr das Rennen werden spezielle <strong>\u201eRenn-Enten\u201c<\/strong> ben\u00f6tigt, diese k\u00f6nnen ab sofort wieder in der B\u00fccherei zu den jeweiligen <strong>\u00d6ffnungszeiten zum Preis von 2,50 EUR pro Ente<\/strong> erworben werden.<img loading=\"lazy\" decoding=\"async\" class=\"alignleft size-full wp-image-495\" src=\"https:\/\/gemeindebuechereikastl.de\/wp-content\/uploads\/2018\/05\/Entenrennen-start.jpg\" alt=\"\" width=\"1852\" height=\"1123\" srcset=\"https:\/\/gemeindebuechereikastl.de\/wp-content\/uploads\/2018\/05\/Entenrennen-start.jpg 1852w, https:\/\/gemeindebuechereikastl.de\/wp-content\/uploads\/2018\/05\/Entenrennen-start-300x182.jpg 300w, https:\/\/gemeindebuechereikastl.de\/wp-content\/uploads\/2018\/05\/Entenrennen-start-768x466.jpg 768w, https:\/\/gemeindebuechereikastl.de\/wp-content\/uploads\/2018\/05\/Entenrennen-start-1024x621.jpg 1024w\" sizes=\"auto, (max-width: 1852px) 100vw, 1852px\" \/><\/p>\n<p>Im Rahmen des Kneippbeckenfestes werden dann die Enten auf die Reise geschickt. Start ist beim Steinstadl und das Ziel befindet sich beim Kneipbecken. Auf die Sieger-Enten warten wieder gro\u00dfartige lohnende Preise.<img loading=\"lazy\" decoding=\"async\" class=\"wp-image-525 alignright\" src=\"https:\/\/gemeindebuechereikastl.de\/wp-content\/uploads\/2018\/05\/bgm-entenrennen.jpg\" alt=\"\" width=\"245\" height=\"251\" srcset=\"https:\/\/gemeindebuechereikastl.de\/wp-content\/uploads\/2018\/05\/bgm-entenrennen.jpg 3839w, https:\/\/gemeindebuechereikastl.de\/wp-content\/uploads\/2018\/05\/bgm-entenrennen-293x300.jpg 293w, https:\/\/gemeindebuechereikastl.de\/wp-content\/uploads\/2018\/05\/bgm-entenrennen-768x785.jpg 768w, https:\/\/gemeindebuechereikastl.de\/wp-content\/uploads\/2018\/05\/bgm-entenrennen-1001x1024.jpg 1001w\" sizes=\"auto, (max-width: 245px) 100vw, 245px\" \/><br \/>\n<span style=\"color: #ff0000;\"><strong>\u00a01. + 2.\u00a0 Preis \u2013\u00a0eine Jahreskarte f\u00fcrs Kastler Freibad<\/strong><\/span><\/p>\n<h4><span style=\"color: #ff0000;\"><strong>3. + 4.\u00a0 Preis \u2013\u00a0ein Buchgutschein \u00fcber 20 EUR<\/strong><\/span><\/h4>\n<h4><span style=\"color: #ff0000;\"><strong>5. \u2013 8.\u00a0 Preis \u2013 eine B\u00fccherei Familienjahreskarte<\/strong><\/span><\/h4>\n<h4><span style=\"color: #ff0000;\"><strong>9. &#8211; 10.\u00a0 Preis &#8211; Gutschein f\u00fcr Kinobesuch<\/strong><\/span><\/h4>\n<h4><span style=\"color: #ff0000;\"><strong>11. &#8211; ?? Preis &#8211;\u00a0Diverse weitere kleine Preise<\/strong><\/span><\/h4>\n<p><strong>Am Renntag, Samstag, 23. Juni ist der Treffpunkt f\u00fcr alle Entenbesitzer um 14.30 Uhr am Steinstadl, f\u00fcr ca. 15.00 Uhr ist<br \/>\ndann der Start<\/strong> vorgesehen.<br \/>\nNach dem Einlauf der Enten\u00a0am Kneippbecken werden die schnellsten Enten ermittelt.\u00a0Die Bekanntgabe der Gewinner, mit der Preisverleihung an die\u00a0Sieger-Enten\u00a0findet gleich \u00a0im Anschluss im Rahmen des Kneippbeckenfestes statt.<\/p>\n","protected":false},"excerpt":{"rendered":"<p>Verkauf von Renn-Enten f\u00fcr das &#8222;Kastler Entenrennen&#8220; am Samstag, 23. Juni hat begonnen. Im Juni ist es weide soweit, der Nabel der Entenwelt liegt in Kastl. Dort startete das B\u00fcchereiteam am Samstag, 23. Juni wieder das \u201eKastler Entenrennen\u201c auf der Lauterach. F\u00fcr das Rennen werden spezielle \u201eRenn-Enten\u201c ben\u00f6tigt, diese k\u00f6nnen ab sofort wieder in der &hellip; <\/p>\n<p><a class=\"more-link btn\" href=\"https:\/\/gemeindebuechereikastl.de\/?p=491\">Weiterlesen<\/a><\/p>\n","protected":false},"author":1,"featured_media":495,"comment_status":"closed","ping_status":"closed","sticky":false,"template":"","format":"standard","meta":{"footnotes":""},"categories":[5],"tags":[38,40,42,39,41],"class_list":["post-491","post","type-post","status-publish","format-standard","has-post-thumbnail","hentry","category-news","tag-enten","tag-kneippbecken","tag-preise","tag-rennen","tag-rennente","item-wrap"],"_links":{"self":[{"href":"https:\/\/gemeindebuechereikastl.de\/index.php?rest_route=\/wp\/v2\/posts\/491","targetHints":{"allow":["GET"]}}],"collection":[{"href":"https:\/\/gemeindebuechereikastl.de\/index.php?rest_route=\/wp\/v2\/posts"}],"about":[{"href":"https:\/\/gemeindebuechereikastl.de\/index.php?rest_route=\/wp\/v2\/types\/post"}],"author":[{"embeddable":true,"href":"https:\/\/gemeindebuechereikastl.de\/index.php?rest_route=\/wp\/v2\/users\/1"}],"replies":[{"embeddable":true,"href":"https:\/\/gemeindebuechereikastl.de\/index.php?rest_route=%2Fwp%2Fv2%2Fcomments&post=491"}],"version-history":[{"count":11,"href":"https:\/\/gemeindebuechereikastl.de\/index.php?rest_route=\/wp\/v2\/posts\/491\/revisions"}],"predecessor-version":[{"id":500,"href":"https:\/\/gemeindebuechereikastl.de\/index.php?rest_route=\/wp\/v2\/posts\/491\/revisions\/500"}],"wp:featuredmedia":[{"embeddable":true,"href":"https:\/\/gemeindebuechereikastl.de\/index.php?rest_route=\/wp\/v2\/media\/495"}],"wp:attachment":[{"href":"https:\/\/gemeindebuechereikastl.de\/index.php?rest_route=%2Fwp%2Fv2%2Fmedia&parent=491"}],"wp:term":[{"taxonomy":"category","embeddable":true,"href":"https:\/\/gemeindebuechereikastl.de\/index.php?rest_route=%2Fwp%2Fv2%2Fcategories&post=491"},{"taxonomy":"post_tag","embeddable":true,"href":"https:\/\/gemeindebuechereikastl.de\/index.php?rest_route=%2Fwp%2Fv2%2Ftags&post=491"}],"curies":[{"name":"wp","href":"https:\/\/api.w.org\/{rel}","templated":true}]}}