{"id":4926,"date":"2024-07-25T07:43:09","date_gmt":"2024-07-25T07:43:09","guid":{"rendered":"https:\/\/gemeindebuechereikastl.de\/?p=4926"},"modified":"2024-07-29T16:01:26","modified_gmt":"2024-07-29T16:01:26","slug":"die-vorschulkinder-des-kastler-kindergartens-sind-jetzt-buechereifuechse-2","status":"publish","type":"post","link":"https:\/\/gemeindebuechereikastl.de\/?p=4926","title":{"rendered":"Die Vorschulkinder des Kastler Kindergartens sind jetzt B\u00fcchereif\u00fcchse"},"content":{"rendered":"<h2 style=\"text-align: center;\"><span style=\"color: #ff6600;\"><strong>Mit dem erworbenen <\/strong><strong>B\u00fcchereif\u00fchrerschein sind d<\/strong><strong>ie Vorschulkinder des Kastler Kindergartens jetzt B\u00fcchereif\u00fcchse<\/strong><\/span><\/h2>\n<p>Emsiges Treiben herrschte an einigen Vormittagen in der Gemeindeb\u00fccherei Kastl, viele kleine B\u00fcchereif\u00fcchse kennen sich jetzt in der Kastler B\u00fccherei aus. Die Vorschulkinder die \u201eRiesen\u201c des Kindergartens \u201eMarienheim Kastl\u201c besuchte an drei Vormittagen die B\u00fccherei.<\/p>\n<p><img loading=\"lazy\" decoding=\"async\" class=\"aligncenter wp-image-4934 size-large\" src=\"https:\/\/gemeindebuechereikastl.de\/wp-content\/uploads\/2024\/07\/Buechereifuechse-1603x1069.jpg\" alt=\"\" width=\"750\" height=\"500\" srcset=\"https:\/\/gemeindebuechereikastl.de\/wp-content\/uploads\/2024\/07\/Buechereifuechse-1603x1069.jpg 1603w, https:\/\/gemeindebuechereikastl.de\/wp-content\/uploads\/2024\/07\/Buechereifuechse-300x200.jpg 300w, https:\/\/gemeindebuechereikastl.de\/wp-content\/uploads\/2024\/07\/Buechereifuechse-768x512.jpg 768w, https:\/\/gemeindebuechereikastl.de\/wp-content\/uploads\/2024\/07\/Buechereifuechse-1536x1024.jpg 1536w, https:\/\/gemeindebuechereikastl.de\/wp-content\/uploads\/2024\/07\/Buechereifuechse-2048x1365.jpg 2048w, https:\/\/gemeindebuechereikastl.de\/wp-content\/uploads\/2024\/07\/Buechereifuechse-750x500.jpg 750w\" sizes=\"auto, (max-width: 750px) 100vw, 750px\" \/><\/p>\n<p>Sie nahmen an der Aktion zur Lesef\u00f6rderung \u201eIch bin ein B\u00fcchereifuchs\u201c, dass ein gro\u00dfartiges Angebot ist teil. Lesen geh\u00f6rt zu den Schl\u00fcsselkompetenzen im Leben \u2013 Lesen lernen ist ein komplexer Vorgang, der lange vor dem Schuleintritt angebahnt und unterst\u00fctzt werden kann. Wo k\u00f6nnte dies besser geschehen als in einer \u00f6ffentlichen B\u00fccherei. Ziel war es, den Kindern Freude am Umgang mit B\u00fcchern zu vermitteln und die Vielfalt einer \u00f6ffentlichen B\u00fccherei aufzuzeigen.<\/p>\n<p>Beim ersten Besuch in der Gemeindeb\u00fccherei Kastl wurde den Kindern zu Beginn, dass Bilderbuch \u201ePippilothek??? &#8211; Eine Bibliothek wirkt Wunder\u201c als Kamishibai Theater vorgestellt und vorgelesen. In dem Buch geht es um einen hungrigen Fuchs, der nach einer Verfolgungsjagd nach einer Maus in der Bibliothek landet. Nach der Geschichte erfolgte eine Rally durch die B\u00fccherei, den Kindern wurden verschiedene Bilder von Bilderb\u00fcchern aus der B\u00fccherei gezeigt. Jedes Kind durfte sich ein Bild ziehen und das passende Buch dazu suchen. Alle Kinder waren eifrig bei der Sache und alle fanden die B\u00fccher. Jeder durfte sein Buch kurz vorstellen. Auch ging es ins Obergeschoss, wo sich die B\u00fccher f\u00fcr die Erwachsenen befinden, hier waren sie erstaunt, was es da noch so alles gab.<\/p>\n<p><strong><img loading=\"lazy\" decoding=\"async\" class=\"aligncenter wp-image-4933 size-large\" src=\"https:\/\/gemeindebuechereikastl.de\/wp-content\/uploads\/2024\/07\/Buechereifuechse-mit-Tuerschild-1603x1069.jpg\" alt=\"\" width=\"750\" height=\"500\" srcset=\"https:\/\/gemeindebuechereikastl.de\/wp-content\/uploads\/2024\/07\/Buechereifuechse-mit-Tuerschild-1603x1069.jpg 1603w, https:\/\/gemeindebuechereikastl.de\/wp-content\/uploads\/2024\/07\/Buechereifuechse-mit-Tuerschild-300x200.jpg 300w, https:\/\/gemeindebuechereikastl.de\/wp-content\/uploads\/2024\/07\/Buechereifuechse-mit-Tuerschild-768x512.jpg 768w, https:\/\/gemeindebuechereikastl.de\/wp-content\/uploads\/2024\/07\/Buechereifuechse-mit-Tuerschild-1536x1024.jpg 1536w, https:\/\/gemeindebuechereikastl.de\/wp-content\/uploads\/2024\/07\/Buechereifuechse-mit-Tuerschild-2048x1365.jpg 2048w, https:\/\/gemeindebuechereikastl.de\/wp-content\/uploads\/2024\/07\/Buechereifuechse-mit-Tuerschild-750x500.jpg 750w\" sizes=\"auto, (max-width: 750px) 100vw, 750px\" \/><\/strong><\/p>\n<p>Beim zweiten Besuch wurden sie wieder von \u201eB\u00fcchereifuchs\u201c begr\u00fc\u00dft und bekamen das Bilderbuch \u201eTom Tapir B\u00fcchereidetektiv\u201c vorgestellt. Nichts, gar nichts liebt Tom Tapir so sehr wie B\u00fccher. Ganz besonders Bilderb\u00fccher mit Detektivgeschichten. Nach der Geschichte bekamen sie die Regeln f\u00fcr einen B\u00fccherei-besuch erkl\u00e4rt, auch das man mit den B\u00fcchern und Medien ordentlich umgehen muss. Jedes Kind durfte sich nun ein Buch aussuchen und es auch gleich ausleihen.<\/p>\n<p>Am letzten Tag zum Abschluss der Aktion wurde den Kindern noch das das Bilderbuch \u201eDer B\u00fccherfresser\u201c vorgestellt. Nach der Geschichte durfte jedes Kind kurz erz\u00e4hlen um was es im Buch ging, das sie ausgeliehen hatten, hernach fand die R\u00fcckgabe der B\u00fccher statt.<br \/>\nB\u00fcchereileiter Georg D\u00fcrr der beim dritten Besuch ebenfalls anwesend war, freute sich das die Vorschulkinder, die Riesen des Kastler Kindergartens nun B\u00fcchereif\u00fcchse sind und gratulierte allen recht herzlich. Sie bekamen noch eine Umh\u00e4nge Karte und ein T\u00fcrschild mit der Aufschrift \u201eBitte nicht st\u00f6ren \u2013 Lesefuchs beim Lesen \u00fcberreicht\u201c.<\/p>\n<p><img loading=\"lazy\" decoding=\"async\" class=\"aligncenter wp-image-4948 \" src=\"https:\/\/gemeindebuechereikastl.de\/wp-content\/uploads\/2024\/07\/Buechereifuchs-Buergerfest-1-1603x1095.jpg\" alt=\"\" width=\"727\" height=\"496\" srcset=\"https:\/\/gemeindebuechereikastl.de\/wp-content\/uploads\/2024\/07\/Buechereifuchs-Buergerfest-1-1603x1095.jpg 1603w, https:\/\/gemeindebuechereikastl.de\/wp-content\/uploads\/2024\/07\/Buechereifuchs-Buergerfest-1-300x205.jpg 300w, https:\/\/gemeindebuechereikastl.de\/wp-content\/uploads\/2024\/07\/Buechereifuchs-Buergerfest-1-768x524.jpg 768w, https:\/\/gemeindebuechereikastl.de\/wp-content\/uploads\/2024\/07\/Buechereifuchs-Buergerfest-1-1536x1049.jpg 1536w, https:\/\/gemeindebuechereikastl.de\/wp-content\/uploads\/2024\/07\/Buechereifuchs-Buergerfest-1-750x512.jpg 750w, https:\/\/gemeindebuechereikastl.de\/wp-content\/uploads\/2024\/07\/Buechereifuchs-Buergerfest-1.jpg 1715w\" sizes=\"auto, (max-width: 727px) 100vw, 727px\" \/><\/p>\n<p>Am B\u00fcrgerfest auf der B\u00fchne vor einem gro\u00dfen Puplikum und stolzen Eltern, bekamen sie von Christa Kastner vom Leitungsteam noch eine pers\u00f6nliche Urkunde mit Namen, auf der steht \u201eIch bin ein B\u00fcchereifuchs und kenne mich in der Gemeindeb\u00fccherei Kastl aus und darf mich B\u00fcchereifuchs nennen und einen Lesefuchs Rucksack f\u00fcr die weiteren B\u00fcchereibesuche \u00fcberreicht. Sie w\u00fcnschte den B\u00fccherf\u00fcchsen weiterhin viel Spa\u00df am Lesen und freut sich auf viele Besuche in der Kastler B\u00fccherei Auch bedankte sie sich bei den Erzieherinnen des Kastler Kindergartens, f\u00fcr die Gestaltung der drei Besuche und dass diese gro\u00dfartige Aktion wieder stattfinden konnte.<\/p>\n","protected":false},"excerpt":{"rendered":"<p>Mit dem erworbenen B\u00fcchereif\u00fchrerschein sind die Vorschulkinder des Kastler Kindergartens jetzt B\u00fcchereif\u00fcchse Emsiges Treiben herrschte an einigen Vormittagen in der Gemeindeb\u00fccherei Kastl, viele kleine B\u00fcchereif\u00fcchse kennen sich jetzt in der Kastler B\u00fccherei aus. Die Vorschulkinder die \u201eRiesen\u201c des Kindergartens \u201eMarienheim Kastl\u201c besuchte an drei Vormittagen die B\u00fccherei. Sie nahmen an der Aktion zur Lesef\u00f6rderung \u201eIch &hellip; <\/p>\n<p><a class=\"more-link btn\" href=\"https:\/\/gemeindebuechereikastl.de\/?p=4926\">Weiterlesen<\/a><\/p>\n","protected":false},"author":1,"featured_media":0,"comment_status":"closed","ping_status":"closed","sticky":false,"template":"","format":"standard","meta":{"footnotes":""},"categories":[5],"tags":[179,180,603,181,602],"class_list":["post-4926","post","type-post","status-publish","format-standard","hentry","category-news","tag-buechereifuchs","tag-buechereifuehrerschein","tag-buecherfuechse","tag-kindergarten","tag-lesefoerderung","item-wrap"],"_links":{"self":[{"href":"https:\/\/gemeindebuechereikastl.de\/index.php?rest_route=\/wp\/v2\/posts\/4926","targetHints":{"allow":["GET"]}}],"collection":[{"href":"https:\/\/gemeindebuechereikastl.de\/index.php?rest_route=\/wp\/v2\/posts"}],"about":[{"href":"https:\/\/gemeindebuechereikastl.de\/index.php?rest_route=\/wp\/v2\/types\/post"}],"author":[{"embeddable":true,"href":"https:\/\/gemeindebuechereikastl.de\/index.php?rest_route=\/wp\/v2\/users\/1"}],"replies":[{"embeddable":true,"href":"https:\/\/gemeindebuechereikastl.de\/index.php?rest_route=%2Fwp%2Fv2%2Fcomments&post=4926"}],"version-history":[{"count":6,"href":"https:\/\/gemeindebuechereikastl.de\/index.php?rest_route=\/wp\/v2\/posts\/4926\/revisions"}],"predecessor-version":[{"id":4949,"href":"https:\/\/gemeindebuechereikastl.de\/index.php?rest_route=\/wp\/v2\/posts\/4926\/revisions\/4949"}],"wp:attachment":[{"href":"https:\/\/gemeindebuechereikastl.de\/index.php?rest_route=%2Fwp%2Fv2%2Fmedia&parent=4926"}],"wp:term":[{"taxonomy":"category","embeddable":true,"href":"https:\/\/gemeindebuechereikastl.de\/index.php?rest_route=%2Fwp%2Fv2%2Fcategories&post=4926"},{"taxonomy":"post_tag","embeddable":true,"href":"https:\/\/gemeindebuechereikastl.de\/index.php?rest_route=%2Fwp%2Fv2%2Ftags&post=4926"}],"curies":[{"name":"wp","href":"https:\/\/api.w.org\/{rel}","templated":true}]}}