{"id":4938,"date":"2024-07-25T08:19:38","date_gmt":"2024-07-25T08:19:38","guid":{"rendered":"https:\/\/gemeindebuechereikastl.de\/?p=4938"},"modified":"2024-07-25T08:25:22","modified_gmt":"2024-07-25T08:25:22","slug":"buechereiteam-am-grossartigen-buergerfest-wieder-mit-von-der-partie","status":"publish","type":"post","link":"https:\/\/gemeindebuechereikastl.de\/?p=4938","title":{"rendered":"B\u00fcchereiteam am gro\u00dfartigen Kastler B\u00fcrgerfest wieder mit von der Partie"},"content":{"rendered":"<h2 style=\"text-align: center;\"><strong><span style=\"color: #ff6600;\">Die Schn\u00e4ppchenjagd nach B\u00fcchern und der Verkauf von Backwaren am Kastler B\u00fcrgerfest durch das B\u00fcchereiteam war wieder ein gro\u00dfartiger Erfolg<\/span><\/strong><\/h2>\n<p>Nach f\u00fcnfj\u00e4hriger Pause feierte das Kastler B\u00fcrgerfest erfolgreich seine R\u00fcckkehr. Auch das Team der Gemeindeb\u00fccherei war auch wieder mit am Start und der Andrang nach B\u00fcchern und diversen Backwaren sowie den selbstgemachten Obatz\u2019n, die Schnittlauchbrote und die &#8222;S\u00fc\u00dfe T\u00fcte&#8220; waren wieder der Renner beim diesj\u00e4hrigen B\u00fcrgerfest.<\/p>\n<p><img loading=\"lazy\" decoding=\"async\" class=\"aligncenter wp-image-4931 size-large\" src=\"https:\/\/gemeindebuechereikastl.de\/wp-content\/uploads\/2024\/07\/Buergerfest-4-1603x1112.jpg\" alt=\"\" width=\"750\" height=\"520\" srcset=\"https:\/\/gemeindebuechereikastl.de\/wp-content\/uploads\/2024\/07\/Buergerfest-4-1603x1112.jpg 1603w, https:\/\/gemeindebuechereikastl.de\/wp-content\/uploads\/2024\/07\/Buergerfest-4-300x208.jpg 300w, https:\/\/gemeindebuechereikastl.de\/wp-content\/uploads\/2024\/07\/Buergerfest-4-768x533.jpg 768w, https:\/\/gemeindebuechereikastl.de\/wp-content\/uploads\/2024\/07\/Buergerfest-4-1536x1065.jpg 1536w, https:\/\/gemeindebuechereikastl.de\/wp-content\/uploads\/2024\/07\/Buergerfest-4-2048x1420.jpg 2048w, https:\/\/gemeindebuechereikastl.de\/wp-content\/uploads\/2024\/07\/Buergerfest-4-750x520.jpg 750w\" sizes=\"auto, (max-width: 750px) 100vw, 750px\" \/><\/p>\n<p>Die Hauptattraktion war unter anderem wieder die \u201eSchn\u00e4ppchenjagd\u201c nach B\u00fcchern. Das Team bot an ihrem B\u00fcchereistand wieder gut erhaltene B\u00fccher f\u00fcr jedes Alter und f\u00fcr jeden Geschmack an. Der B\u00fcchereistand war die ganzen drei Tage bis sp\u00e4t in die Nacht von Buchliebhabern umlagert. Das B\u00fcchereiteam gab f\u00fcr die B\u00fccher, H\u00f6rb\u00fccher und DVDs keine festen Preise vor. Den Preis f\u00fcr die B\u00fccher und die weiteren Medien konnten die Buchliebhaber wieder selbst bestimmen und einen Betrag spenden, was einem das Buch bzw. die B\u00fccher wert waren.<\/p>\n<p><img loading=\"lazy\" decoding=\"async\" class=\"wp-image-4930 size-large alignnone\" src=\"https:\/\/gemeindebuechereikastl.de\/wp-content\/uploads\/2024\/07\/Buergerfest-3-1603x1040.jpg\" alt=\"\" width=\"750\" height=\"487\" srcset=\"https:\/\/gemeindebuechereikastl.de\/wp-content\/uploads\/2024\/07\/Buergerfest-3-1603x1040.jpg 1603w, https:\/\/gemeindebuechereikastl.de\/wp-content\/uploads\/2024\/07\/Buergerfest-3-300x195.jpg 300w, https:\/\/gemeindebuechereikastl.de\/wp-content\/uploads\/2024\/07\/Buergerfest-3-768x498.jpg 768w, https:\/\/gemeindebuechereikastl.de\/wp-content\/uploads\/2024\/07\/Buergerfest-3-1536x997.jpg 1536w, https:\/\/gemeindebuechereikastl.de\/wp-content\/uploads\/2024\/07\/Buergerfest-3-2048x1329.jpg 2048w, https:\/\/gemeindebuechereikastl.de\/wp-content\/uploads\/2024\/07\/Buergerfest-3-750x487.jpg 750w\" sizes=\"auto, (max-width: 750px) 100vw, 750px\" \/><\/p>\n<p>Neben den B\u00fccher Schn\u00e4ppchen verkaufte das Team w\u00e4hrend des gesamten B\u00fcrgerfestes von Freitag bis Sonntag auch wieder ihr gewohntes Brotzeit Sortiment wie diverse Backwaren der B\u00e4ckerei Weber aus Ammerthal (Brotzeitstangen, Brezen, Zwiebelkuchen (mit und ohne Schinken). Der Renner war auch wieder der selbstgemachten Obatz\u2019n und die Schnittlauchbrote. Die S\u00fc\u00dfe T\u00fcte f\u00fcr Naschkatzen fand ebenfalls rei\u00dfenden Absatz.<\/p>\n<p><img loading=\"lazy\" decoding=\"async\" class=\"aligncenter wp-image-4940 size-large\" src=\"https:\/\/gemeindebuechereikastl.de\/wp-content\/uploads\/2024\/07\/Buergerfest-5-1603x1040.jpg\" alt=\"\" width=\"750\" height=\"487\" srcset=\"https:\/\/gemeindebuechereikastl.de\/wp-content\/uploads\/2024\/07\/Buergerfest-5-1603x1040.jpg 1603w, https:\/\/gemeindebuechereikastl.de\/wp-content\/uploads\/2024\/07\/Buergerfest-5-300x195.jpg 300w, https:\/\/gemeindebuechereikastl.de\/wp-content\/uploads\/2024\/07\/Buergerfest-5-768x498.jpg 768w, https:\/\/gemeindebuechereikastl.de\/wp-content\/uploads\/2024\/07\/Buergerfest-5-1536x996.jpg 1536w, https:\/\/gemeindebuechereikastl.de\/wp-content\/uploads\/2024\/07\/Buergerfest-5-2048x1328.jpg 2048w, https:\/\/gemeindebuechereikastl.de\/wp-content\/uploads\/2024\/07\/Buergerfest-5-750x486.jpg 750w\" sizes=\"auto, (max-width: 750px) 100vw, 750px\" \/><\/p>\n<h4 style=\"text-align: center;\"><span style=\"color: #800000;\"><strong>Das B\u00fcrgerfest war f\u00fcr das Team der Gemeindeb\u00fccherei wieder ein voller Erfolg, was auch das herrliche Wetter an den drei B\u00fcrgerfesttagen ausmachte. Von diesem Erfolg profitieren vor allem die Leser der Gemeindeb\u00fccherei. Denn der Erl\u00f6s aus beiden Aktionen (B\u00fccherflohmarkt und Essensverkauf) investiert das B\u00fcchereiteam wieder in den Kauf von neuen B\u00fcchern und Medien. Diese gibt es dann beim \u201eTag der offenen T\u00fcr\u201c am 6. Oktober zu entdecken und auch zum Entleihen.<\/strong><\/span><\/h4>\n","protected":false},"excerpt":{"rendered":"<p>Die Schn\u00e4ppchenjagd nach B\u00fcchern und der Verkauf von Backwaren am Kastler B\u00fcrgerfest durch das B\u00fcchereiteam war wieder ein gro\u00dfartiger Erfolg Nach f\u00fcnfj\u00e4hriger Pause feierte das Kastler B\u00fcrgerfest erfolgreich seine R\u00fcckkehr. Auch das Team der Gemeindeb\u00fccherei war auch wieder mit am Start und der Andrang nach B\u00fcchern und diversen Backwaren sowie den selbstgemachten Obatz\u2019n, die Schnittlauchbrote &hellip; <\/p>\n<p><a class=\"more-link btn\" href=\"https:\/\/gemeindebuechereikastl.de\/?p=4938\">Weiterlesen<\/a><\/p>\n","protected":false},"author":1,"featured_media":4940,"comment_status":"closed","ping_status":"closed","sticky":false,"template":"","format":"standard","meta":{"footnotes":""},"categories":[5],"tags":[63,347,61,506,250],"class_list":["post-4938","post","type-post","status-publish","format-standard","has-post-thumbnail","hentry","category-news","tag-buechereistand","tag-buecherflohmark","tag-buergerfest","tag-essensverkauf","tag-schnaeppchenjagd","item-wrap"],"_links":{"self":[{"href":"https:\/\/gemeindebuechereikastl.de\/index.php?rest_route=\/wp\/v2\/posts\/4938","targetHints":{"allow":["GET"]}}],"collection":[{"href":"https:\/\/gemeindebuechereikastl.de\/index.php?rest_route=\/wp\/v2\/posts"}],"about":[{"href":"https:\/\/gemeindebuechereikastl.de\/index.php?rest_route=\/wp\/v2\/types\/post"}],"author":[{"embeddable":true,"href":"https:\/\/gemeindebuechereikastl.de\/index.php?rest_route=\/wp\/v2\/users\/1"}],"replies":[{"embeddable":true,"href":"https:\/\/gemeindebuechereikastl.de\/index.php?rest_route=%2Fwp%2Fv2%2Fcomments&post=4938"}],"version-history":[{"count":5,"href":"https:\/\/gemeindebuechereikastl.de\/index.php?rest_route=\/wp\/v2\/posts\/4938\/revisions"}],"predecessor-version":[{"id":4945,"href":"https:\/\/gemeindebuechereikastl.de\/index.php?rest_route=\/wp\/v2\/posts\/4938\/revisions\/4945"}],"wp:featuredmedia":[{"embeddable":true,"href":"https:\/\/gemeindebuechereikastl.de\/index.php?rest_route=\/wp\/v2\/media\/4940"}],"wp:attachment":[{"href":"https:\/\/gemeindebuechereikastl.de\/index.php?rest_route=%2Fwp%2Fv2%2Fmedia&parent=4938"}],"wp:term":[{"taxonomy":"category","embeddable":true,"href":"https:\/\/gemeindebuechereikastl.de\/index.php?rest_route=%2Fwp%2Fv2%2Fcategories&post=4938"},{"taxonomy":"post_tag","embeddable":true,"href":"https:\/\/gemeindebuechereikastl.de\/index.php?rest_route=%2Fwp%2Fv2%2Ftags&post=4938"}],"curies":[{"name":"wp","href":"https:\/\/api.w.org\/{rel}","templated":true}]}}