{"id":4962,"date":"2024-08-05T14:32:24","date_gmt":"2024-08-05T14:32:24","guid":{"rendered":"https:\/\/gemeindebuechereikastl.de\/?p=4962"},"modified":"2024-08-05T14:50:16","modified_gmt":"2024-08-05T14:50:16","slug":"begeistere-kastler-ferienkinder-bei-pippi-langstrumpf-auf-der-luisenburg-buehne","status":"publish","type":"post","link":"https:\/\/gemeindebuechereikastl.de\/?p=4962","title":{"rendered":"Begeistere Kastler Ferienkinder bei Pippi Langstrumpf auf der Luisenburg B\u00fchne"},"content":{"rendered":"<h2 style=\"text-align: center;\"><span style=\"color: #ff6600;\"><strong>Gro\u00df und Klein vom Familienst\u00fcck Pippi Langstrumpf und vom Felsenlabyrinth auf der Luisenburg begeistert<\/strong><\/span><\/h2>\n<p style=\"text-align: center;\">Begeistere Ferienkinder mit ihren Eltern, Omas und Opas bei Pippi Langstrumpf dem Familienst\u00fcck auf der Luisenburg und am Nachmittag tauchen Sie ein in die Faszination des gigantischen Granitsteinmeeres im Felsenlabyrinth. Diese Ferienfahrt wurde von B\u00fcchereileiter Georg D\u00fcrr wieder besten organisiert und es war ein wunderbarer Tag mit viel Spa\u00df und Spannung.<\/p>\n<p><img loading=\"lazy\" decoding=\"async\" class=\"wp-image-4969 size-large aligncenter\" src=\"https:\/\/gemeindebuechereikastl.de\/wp-content\/uploads\/2024\/08\/Kastler-Ferienkinder-bei-Pippi-Langstrumpf-1603x817.jpg\" alt=\"\" width=\"750\" height=\"382\" srcset=\"https:\/\/gemeindebuechereikastl.de\/wp-content\/uploads\/2024\/08\/Kastler-Ferienkinder-bei-Pippi-Langstrumpf-1603x817.jpg 1603w, https:\/\/gemeindebuechereikastl.de\/wp-content\/uploads\/2024\/08\/Kastler-Ferienkinder-bei-Pippi-Langstrumpf-300x153.jpg 300w, https:\/\/gemeindebuechereikastl.de\/wp-content\/uploads\/2024\/08\/Kastler-Ferienkinder-bei-Pippi-Langstrumpf-768x391.jpg 768w, https:\/\/gemeindebuechereikastl.de\/wp-content\/uploads\/2024\/08\/Kastler-Ferienkinder-bei-Pippi-Langstrumpf-1536x783.jpg 1536w, https:\/\/gemeindebuechereikastl.de\/wp-content\/uploads\/2024\/08\/Kastler-Ferienkinder-bei-Pippi-Langstrumpf-2048x1044.jpg 2048w, https:\/\/gemeindebuechereikastl.de\/wp-content\/uploads\/2024\/08\/Kastler-Ferienkinder-bei-Pippi-Langstrumpf-750x382.jpg 750w\" sizes=\"auto, (max-width: 750px) 100vw, 750px\" \/><\/p>\n<p>Kinder in jeder Generation sind aufs Neue von Pipi Langstrumpf begeistert, auch die Kastler Ferienkinder waren von Pipi Langstrumpf auf der Luisenburg B\u00fchne gefesselt. Pippilotta Viktualia Rollgardina Pfefferminz Efraimstochter Langstrumpf wohnt mit ihrem Pferd und dem kleinen Affen Herr Nilsson in der Villa Kunterbunt. Die G\u00f6re mit den bekannten Z\u00f6pfen macht sich die Welt, widde widde wie sie ihr gef\u00e4llt.<\/p>\n<p><img loading=\"lazy\" decoding=\"async\" class=\"aligncenter wp-image-4965 size-large\" src=\"https:\/\/gemeindebuechereikastl.de\/wp-content\/uploads\/2024\/08\/20240804_114643-1603x902.jpg\" alt=\"\" width=\"750\" height=\"422\" srcset=\"https:\/\/gemeindebuechereikastl.de\/wp-content\/uploads\/2024\/08\/20240804_114643-1603x902.jpg 1603w, https:\/\/gemeindebuechereikastl.de\/wp-content\/uploads\/2024\/08\/20240804_114643-300x169.jpg 300w, https:\/\/gemeindebuechereikastl.de\/wp-content\/uploads\/2024\/08\/20240804_114643-768x432.jpg 768w, https:\/\/gemeindebuechereikastl.de\/wp-content\/uploads\/2024\/08\/20240804_114643-1536x865.jpg 1536w, https:\/\/gemeindebuechereikastl.de\/wp-content\/uploads\/2024\/08\/20240804_114643-2048x1153.jpg 2048w, https:\/\/gemeindebuechereikastl.de\/wp-content\/uploads\/2024\/08\/20240804_114643-750x422.jpg 750w\" sizes=\"auto, (max-width: 750px) 100vw, 750px\" \/><\/p>\n<p>Das funktioniert wunderbar und beeindruckt ihre neuen besten Freunde Tommy und Annika. Nur die bl\u00f6den Erwachsenen wollen es einfach nicht verstehen. <img loading=\"lazy\" decoding=\"async\" class=\"alignleft wp-image-4970 \" src=\"https:\/\/gemeindebuechereikastl.de\/wp-content\/uploads\/2024\/08\/20240804_114426-1-837x1206.jpg\" alt=\"\" width=\"282\" height=\"407\" srcset=\"https:\/\/gemeindebuechereikastl.de\/wp-content\/uploads\/2024\/08\/20240804_114426-1-837x1206.jpg 837w, https:\/\/gemeindebuechereikastl.de\/wp-content\/uploads\/2024\/08\/20240804_114426-1-208x300.jpg 208w, https:\/\/gemeindebuechereikastl.de\/wp-content\/uploads\/2024\/08\/20240804_114426-1-768x1106.jpg 768w, https:\/\/gemeindebuechereikastl.de\/wp-content\/uploads\/2024\/08\/20240804_114426-1-1066x1536.jpg 1066w, https:\/\/gemeindebuechereikastl.de\/wp-content\/uploads\/2024\/08\/20240804_114426-1-1422x2048.jpg 1422w, https:\/\/gemeindebuechereikastl.de\/wp-content\/uploads\/2024\/08\/20240804_114426-1-750x1080.jpg 750w, https:\/\/gemeindebuechereikastl.de\/wp-content\/uploads\/2024\/08\/20240804_114426-1-scaled.jpg 1777w\" sizes=\"auto, (max-width: 282px) 100vw, 282px\" \/>Sie wollen Pippi z\u00e4hmen, b\u00e4ndigen, anpassen mit ihrer bequemen, langweiligen Ruhe. Pippi stellt die Welt auf den Kopf und hinterfragt ganz nebenbei die Verh\u00e4ltnisse, wie wir sie kennen und gewohnt sind.<\/p>\n<p>Der Schlusssatz von Pippi \u201eWenn Spanien Europameister wird, obwohl sie mit der Hand spielen, dann schaffen wir es auch \u00fcber das Wasser zu gehen\u201c erntet Beifallsst\u00fcrme, als es beim Applaus noch ein Irische Tanzeinlage gab, waren die Kastler Ferienkinder voll aus dem H\u00e4uschen und bedachten die Schauspieler mit tosendem Applaus.<\/p>\n<p><img loading=\"lazy\" decoding=\"async\" class=\"alignright wp-image-4967 \" src=\"https:\/\/gemeindebuechereikastl.de\/wp-content\/uploads\/2024\/08\/20240804_150604-1603x902.jpg\" alt=\"\" width=\"423\" height=\"238\" srcset=\"https:\/\/gemeindebuechereikastl.de\/wp-content\/uploads\/2024\/08\/20240804_150604-1603x902.jpg 1603w, https:\/\/gemeindebuechereikastl.de\/wp-content\/uploads\/2024\/08\/20240804_150604-300x169.jpg 300w, https:\/\/gemeindebuechereikastl.de\/wp-content\/uploads\/2024\/08\/20240804_150604-768x432.jpg 768w, https:\/\/gemeindebuechereikastl.de\/wp-content\/uploads\/2024\/08\/20240804_150604-1536x865.jpg 1536w, https:\/\/gemeindebuechereikastl.de\/wp-content\/uploads\/2024\/08\/20240804_150604-2048x1153.jpg 2048w, https:\/\/gemeindebuechereikastl.de\/wp-content\/uploads\/2024\/08\/20240804_150604-750x422.jpg 750w\" sizes=\"auto, (max-width: 423px) 100vw, 423px\" \/>Am Nachmittag ging es dann in Europas gr\u00f6\u00dftes Felsenlabyrinth auf der Luisenburg. Riesige Felsbrocken umrandet von H\u00f6hlen und Schluchten bestimmen diese einzigartige Landschaftskulisse inmitten des Fichtelgebirges. Schon immer \u00fcbte dieser Ort eine ganz besondere Faszination auf die Menschen aus, auch auf die Kastler. Die Kinder hatten ihren Spa\u00df beim Kraxeln und Verstecken auf dem Rundweg dieses Naturschauspiels mit dem zwingen durch schmale Felsenschluchten der \u00fcber 300 Millionen Jahre alten Granitsteinformationen. Beim Gang durch den Rundweg zogen die gro\u00dfen Granitfelsen die Kinder mit ihren Eltern in den Bann.<br \/>\n<img loading=\"lazy\" decoding=\"async\" class=\"wp-image-4966 alignnone\" src=\"https:\/\/gemeindebuechereikastl.de\/wp-content\/uploads\/2024\/08\/20240804_145116-1603x902.jpg\" alt=\"\" width=\"736\" height=\"414\" srcset=\"https:\/\/gemeindebuechereikastl.de\/wp-content\/uploads\/2024\/08\/20240804_145116-1603x902.jpg 1603w, https:\/\/gemeindebuechereikastl.de\/wp-content\/uploads\/2024\/08\/20240804_145116-300x169.jpg 300w, https:\/\/gemeindebuechereikastl.de\/wp-content\/uploads\/2024\/08\/20240804_145116-768x432.jpg 768w, https:\/\/gemeindebuechereikastl.de\/wp-content\/uploads\/2024\/08\/20240804_145116-1536x865.jpg 1536w, https:\/\/gemeindebuechereikastl.de\/wp-content\/uploads\/2024\/08\/20240804_145116-2048x1153.jpg 2048w, https:\/\/gemeindebuechereikastl.de\/wp-content\/uploads\/2024\/08\/20240804_145116-750x422.jpg 750w\" sizes=\"auto, (max-width: 736px) 100vw, 736px\" \/><\/p>\n<p>Bei der Heimfahrt waren sich alle einig, dass es ein wunderbarer Tag mit viel Spannung und Spa\u00df gewesen war und dass man im n\u00e4chsten Jahr bei \u201eDer unendlichen Geschichte\u201c wieder mit dabei sein wollen.<\/p>\n<h4 style=\"text-align: center;\"><span style=\"color: #0000ff;\"><a style=\"color: #0000ff;\" href=\"https:\/\/www.luisenburg-aktuell.de\/programm2025\/\">\u00a0Luisenburg-Festspiel<span style=\"color: #0000ff;\">e Wunsiedel &#8211; <\/span><\/a><\/span><a href=\"https:\/\/www.luisenburg-aktuell.de\/programm2025\/\"><span style=\"color: #0000ff;\">Programm 2025<\/span><\/a><\/h4>\n","protected":false},"excerpt":{"rendered":"<p>Gro\u00df und Klein vom Familienst\u00fcck Pippi Langstrumpf und vom Felsenlabyrinth auf der Luisenburg begeistert Begeistere Ferienkinder mit ihren Eltern, Omas und Opas bei Pippi Langstrumpf dem Familienst\u00fcck auf der Luisenburg und am Nachmittag tauchen Sie ein in die Faszination des gigantischen Granitsteinmeeres im Felsenlabyrinth. Diese Ferienfahrt wurde von B\u00fcchereileiter Georg D\u00fcrr wieder besten organisiert und &hellip; <\/p>\n<p><a class=\"more-link btn\" href=\"https:\/\/gemeindebuechereikastl.de\/?p=4962\">Weiterlesen<\/a><\/p>\n","protected":false},"author":1,"featured_media":4969,"comment_status":"closed","ping_status":"closed","sticky":false,"template":"","format":"standard","meta":{"footnotes":""},"categories":[5],"tags":[361,52,70,247,199,53],"class_list":["post-4962","post","type-post","status-publish","format-standard","has-post-thumbnail","hentry","category-news","tag-felsenlabyrinth","tag-ferienfahrt","tag-luisenburg","tag-luisenburg-festspiele","tag-pippi-langstrumpf","tag-wunsiedel","item-wrap"],"_links":{"self":[{"href":"https:\/\/gemeindebuechereikastl.de\/index.php?rest_route=\/wp\/v2\/posts\/4962","targetHints":{"allow":["GET"]}}],"collection":[{"href":"https:\/\/gemeindebuechereikastl.de\/index.php?rest_route=\/wp\/v2\/posts"}],"about":[{"href":"https:\/\/gemeindebuechereikastl.de\/index.php?rest_route=\/wp\/v2\/types\/post"}],"author":[{"embeddable":true,"href":"https:\/\/gemeindebuechereikastl.de\/index.php?rest_route=\/wp\/v2\/users\/1"}],"replies":[{"embeddable":true,"href":"https:\/\/gemeindebuechereikastl.de\/index.php?rest_route=%2Fwp%2Fv2%2Fcomments&post=4962"}],"version-history":[{"count":7,"href":"https:\/\/gemeindebuechereikastl.de\/index.php?rest_route=\/wp\/v2\/posts\/4962\/revisions"}],"predecessor-version":[{"id":4972,"href":"https:\/\/gemeindebuechereikastl.de\/index.php?rest_route=\/wp\/v2\/posts\/4962\/revisions\/4972"}],"wp:featuredmedia":[{"embeddable":true,"href":"https:\/\/gemeindebuechereikastl.de\/index.php?rest_route=\/wp\/v2\/media\/4969"}],"wp:attachment":[{"href":"https:\/\/gemeindebuechereikastl.de\/index.php?rest_route=%2Fwp%2Fv2%2Fmedia&parent=4962"}],"wp:term":[{"taxonomy":"category","embeddable":true,"href":"https:\/\/gemeindebuechereikastl.de\/index.php?rest_route=%2Fwp%2Fv2%2Fcategories&post=4962"},{"taxonomy":"post_tag","embeddable":true,"href":"https:\/\/gemeindebuechereikastl.de\/index.php?rest_route=%2Fwp%2Fv2%2Ftags&post=4962"}],"curies":[{"name":"wp","href":"https:\/\/api.w.org\/{rel}","templated":true}]}}