{"id":4984,"date":"2024-08-15T12:03:31","date_gmt":"2024-08-15T12:03:31","guid":{"rendered":"https:\/\/gemeindebuechereikastl.de\/?p=4984"},"modified":"2024-08-22T08:11:56","modified_gmt":"2024-08-22T08:11:56","slug":"neue-kinderzeitschrift-ab-4-jahren-im-angebot","status":"publish","type":"post","link":"https:\/\/gemeindebuechereikastl.de\/?p=4984","title":{"rendered":"GECKO die Bilderbuchzeitschrift f\u00fcr alle Kinder NEU im Angebot der Gemeindeb\u00fccherei"},"content":{"rendered":"<h2 style=\"text-align: center;\"><span style=\"color: #ff6600;\"><strong>Die Bilderbuchzeischrift &#8222;GECKO&#8220;\u00a0 f\u00fcr Kinder<br \/>\nvon 4\u00a0 &#8211; 99 Jahren NEU im Angebot der B\u00fccherei<\/strong><\/span><\/h2>\n<p><img loading=\"lazy\" decoding=\"async\" class=\"wp-image-4985 aligncenter\" src=\"https:\/\/gemeindebuechereikastl.de\/wp-content\/uploads\/2024\/08\/Gecko.jpg\" alt=\"\" width=\"590\" height=\"607\" srcset=\"https:\/\/gemeindebuechereikastl.de\/wp-content\/uploads\/2024\/08\/Gecko.jpg 945w, https:\/\/gemeindebuechereikastl.de\/wp-content\/uploads\/2024\/08\/Gecko-292x300.jpg 292w, https:\/\/gemeindebuechereikastl.de\/wp-content\/uploads\/2024\/08\/Gecko-768x790.jpg 768w, https:\/\/gemeindebuechereikastl.de\/wp-content\/uploads\/2024\/08\/Gecko-750x771.jpg 750w\" sizes=\"auto, (max-width: 590px) 100vw, 590px\" \/><\/p>\n<p><strong>Gecko- Die Bilderbuchzeitschrift f\u00fcr alle von 4-99 Jahren \/ Gecko ist ein Geschichtenmagazin f\u00fcr Kinder und eigens f\u00fcr Gecko illustriert! Au\u00dferdem gibt es Wortspiele, Mitmachseiten, Buchtipps, ein Alltagsexperiment und vieles mehr.<a href=\"https:\/\/www.gecko-kinderzeitschrift.de\/neues\/extras-downloads\/\"><img loading=\"lazy\" decoding=\"async\" class=\"wp-image-4987 alignright\" src=\"https:\/\/gemeindebuechereikastl.de\/wp-content\/uploads\/2024\/08\/Gecko-Logo.jpg\" alt=\"\" width=\"182\" height=\"67\" srcset=\"https:\/\/gemeindebuechereikastl.de\/wp-content\/uploads\/2024\/08\/Gecko-Logo.jpg 305w, https:\/\/gemeindebuechereikastl.de\/wp-content\/uploads\/2024\/08\/Gecko-Logo-300x111.jpg 300w\" sizes=\"auto, (max-width: 182px) 100vw, 182px\" \/><\/a><\/strong><\/p>\n<p><img loading=\"lazy\" decoding=\"async\" class=\"wp-image-4986 alignleft\" src=\"https:\/\/gemeindebuechereikastl.de\/wp-content\/uploads\/2024\/08\/Gecko-Inhalt.jpg\" alt=\"\" width=\"332\" height=\"306\" srcset=\"https:\/\/gemeindebuechereikastl.de\/wp-content\/uploads\/2024\/08\/Gecko-Inhalt.jpg 566w, https:\/\/gemeindebuechereikastl.de\/wp-content\/uploads\/2024\/08\/Gecko-Inhalt-300x276.jpg 300w\" sizes=\"auto, (max-width: 332px) 100vw, 332px\" \/><\/p>\n<h4><strong><u>Was steckt alles in einer Gecko Ausgabe?<\/u><\/strong><\/h4>\n<h4><strong>* Drei eigens illustrierte Vorlesegeschichten rund um ein Thema und die Jahreszeiten<\/strong><\/h4>\n<h4><strong>* Experimente und kreative Projekte passendzum Thema der Geschichten<br \/>\n<\/strong><br \/>\n<strong>* R\u00e4tsel und Sprachspiele, Wimmelbilder, ein Teekesselchen-Comic und vieles mehr<br \/>\n<\/strong><br \/>\n<strong>* Tipps und Buchrezensionen zu aktuellen <\/strong><strong>Bilder- und Kinderb\u00fcchern<\/strong><\/h4>\n<h3>Weitere Extras unter <a href=\"https:\/\/www.gecko-kinderzeitschrift.de\/neues\/extras-downloads\/\">https:\/\/www.gecko-kinderzeitschrift.de<\/a><\/h3>\n","protected":false},"excerpt":{"rendered":"<p>Die Bilderbuchzeischrift &#8222;GECKO&#8220;\u00a0 f\u00fcr Kinder von 4\u00a0 &#8211; 99 Jahren NEU im Angebot der B\u00fccherei Gecko- Die Bilderbuchzeitschrift f\u00fcr alle von 4-99 Jahren \/ Gecko ist ein Geschichtenmagazin f\u00fcr Kinder und eigens f\u00fcr Gecko illustriert! Au\u00dferdem gibt es Wortspiele, Mitmachseiten, Buchtipps, ein Alltagsexperiment und vieles mehr. Was steckt alles in einer Gecko Ausgabe? * Drei &hellip; <\/p>\n<p><a class=\"more-link btn\" href=\"https:\/\/gemeindebuechereikastl.de\/?p=4984\">Weiterlesen<\/a><\/p>\n","protected":false},"author":1,"featured_media":4985,"comment_status":"closed","ping_status":"closed","sticky":false,"template":"","format":"standard","meta":{"footnotes":""},"categories":[5],"tags":[608,83,610,609,607],"class_list":["post-4984","post","type-post","status-publish","format-standard","has-post-thumbnail","hentry","category-news","tag-ab-4-jahre","tag-bilderbuch","tag-bilderbuchzeitschrift","tag-gecko","tag-kinderzeitschrift","item-wrap"],"_links":{"self":[{"href":"https:\/\/gemeindebuechereikastl.de\/index.php?rest_route=\/wp\/v2\/posts\/4984","targetHints":{"allow":["GET"]}}],"collection":[{"href":"https:\/\/gemeindebuechereikastl.de\/index.php?rest_route=\/wp\/v2\/posts"}],"about":[{"href":"https:\/\/gemeindebuechereikastl.de\/index.php?rest_route=\/wp\/v2\/types\/post"}],"author":[{"embeddable":true,"href":"https:\/\/gemeindebuechereikastl.de\/index.php?rest_route=\/wp\/v2\/users\/1"}],"replies":[{"embeddable":true,"href":"https:\/\/gemeindebuechereikastl.de\/index.php?rest_route=%2Fwp%2Fv2%2Fcomments&post=4984"}],"version-history":[{"count":7,"href":"https:\/\/gemeindebuechereikastl.de\/index.php?rest_route=\/wp\/v2\/posts\/4984\/revisions"}],"predecessor-version":[{"id":5004,"href":"https:\/\/gemeindebuechereikastl.de\/index.php?rest_route=\/wp\/v2\/posts\/4984\/revisions\/5004"}],"wp:featuredmedia":[{"embeddable":true,"href":"https:\/\/gemeindebuechereikastl.de\/index.php?rest_route=\/wp\/v2\/media\/4985"}],"wp:attachment":[{"href":"https:\/\/gemeindebuechereikastl.de\/index.php?rest_route=%2Fwp%2Fv2%2Fmedia&parent=4984"}],"wp:term":[{"taxonomy":"category","embeddable":true,"href":"https:\/\/gemeindebuechereikastl.de\/index.php?rest_route=%2Fwp%2Fv2%2Fcategories&post=4984"},{"taxonomy":"post_tag","embeddable":true,"href":"https:\/\/gemeindebuechereikastl.de\/index.php?rest_route=%2Fwp%2Fv2%2Ftags&post=4984"}],"curies":[{"name":"wp","href":"https:\/\/api.w.org\/{rel}","templated":true}]}}