{"id":5010,"date":"2024-08-31T14:53:28","date_gmt":"2024-08-31T14:53:28","guid":{"rendered":"https:\/\/gemeindebuechereikastl.de\/?p=5010"},"modified":"2024-09-13T15:52:11","modified_gmt":"2024-09-13T15:52:11","slug":"veranstaltungen-zu-50-jahre-gemeindebuecherei-kastl-start-mit-jubilaeumsraetsel","status":"publish","type":"post","link":"https:\/\/gemeindebuechereikastl.de\/?p=5010","title":{"rendered":"Veranstaltungen zu 50 Jahre Gemeindeb\u00fccherei Kastl &#8211; Start mit Jubil\u00e4umsr\u00e4tsel"},"content":{"rendered":"<h2 style=\"text-align: center;\"><span style=\"color: #ff6600;\"><strong>Auftakt der Veranstaltungsreigens zu &#8211; 50 Jahre Gemeindeb\u00fccherei &#8211; mit dem Jubil\u00e4umsr\u00e4tsel<\/strong><\/span><\/h2>\n<p style=\"text-align: center;\"><strong>B\u00fcrgermeister Stefan Braun, B\u00fcchereileiter Georg D\u00fcrr und das Leitungsteam mit Christa Kastner und Pia Graf gaben in der B\u00fccherei jetzt den Startschuss f\u00fcr den Jubil\u00e4umsherbst mit Aktionen und Veranstaltungen f\u00fcr alle Altersgruppen.<\/strong><\/p>\n<p style=\"text-align: center;\"><img loading=\"lazy\" decoding=\"async\" class=\"aligncenter wp-image-5011 size-large\" src=\"https:\/\/gemeindebuechereikastl.de\/wp-content\/uploads\/2024\/08\/Start-Jubilaeumsherbst-1603x1026.jpg\" alt=\"\" width=\"750\" height=\"480\" srcset=\"https:\/\/gemeindebuechereikastl.de\/wp-content\/uploads\/2024\/08\/Start-Jubilaeumsherbst-1603x1026.jpg 1603w, https:\/\/gemeindebuechereikastl.de\/wp-content\/uploads\/2024\/08\/Start-Jubilaeumsherbst-300x192.jpg 300w, https:\/\/gemeindebuechereikastl.de\/wp-content\/uploads\/2024\/08\/Start-Jubilaeumsherbst-768x491.jpg 768w, https:\/\/gemeindebuechereikastl.de\/wp-content\/uploads\/2024\/08\/Start-Jubilaeumsherbst-1536x983.jpg 1536w, https:\/\/gemeindebuechereikastl.de\/wp-content\/uploads\/2024\/08\/Start-Jubilaeumsherbst-2048x1310.jpg 2048w, https:\/\/gemeindebuechereikastl.de\/wp-content\/uploads\/2024\/08\/Start-Jubilaeumsherbst-750x480.jpg 750w\" sizes=\"auto, (max-width: 750px) 100vw, 750px\" \/><\/p>\n<p>Die Gemeindeb\u00fccherei Kastl ist ein Ort f\u00fcr alle! &#8222;Von der kleinsten B\u00fccherei Bayerns 1974 zu einer der <a href=\"https:\/\/gemeindebuechereikastl.de\/wp-content\/uploads\/2024\/08\/Flyer-Jubiaeum-2024.pdf\"><img loading=\"lazy\" decoding=\"async\" class=\"wp-image-5015 alignright\" src=\"https:\/\/gemeindebuechereikastl.de\/wp-content\/uploads\/2024\/08\/Titelblatt-Jubilaeumsflyer.jpg\" alt=\"\" width=\"144\" height=\"198\" srcset=\"https:\/\/gemeindebuechereikastl.de\/wp-content\/uploads\/2024\/08\/Titelblatt-Jubilaeumsflyer.jpg 867w, https:\/\/gemeindebuechereikastl.de\/wp-content\/uploads\/2024\/08\/Titelblatt-Jubilaeumsflyer-218x300.jpg 218w, https:\/\/gemeindebuechereikastl.de\/wp-content\/uploads\/2024\/08\/Titelblatt-Jubilaeumsflyer-768x1056.jpg 768w, https:\/\/gemeindebuechereikastl.de\/wp-content\/uploads\/2024\/08\/Titelblatt-Jubilaeumsflyer-750x1031.jpg 750w\" sizes=\"auto, (max-width: 144px) 100vw, 144px\" \/><\/a>Vorzeigeb\u00fcchereien in der Region 2024\u201c unter diesem Motto bietet das B\u00fcchereiteam im Rahmen von \u201e50 Jahre Gemeindeb\u00fccherei Kastl\u201c im Herbst diverse Veranstaltungen und Aktionen f\u00fcr alle Leser und Interessenten an.\u00a0 Infos zu den einzelnen Veranstaltungen im Jubil\u00e4umsflyer hier zu runterladen.\u00a0 <strong><a href=\"https:\/\/gemeindebuechereikastl.de\/wp-content\/uploads\/2024\/08\/Flyer-Jubiaeum-2024.pdf\">Flyer Jubil\u00e4um 2024<\/a><\/strong><\/p>\n<h4 style=\"text-align: center;\"><strong>Die Kastler B\u00fccherei ist ein Ort, der neue Welten er\u00f6ffnet und Werte, Lebensqualit\u00e4t und Lese-, Medien- und Sprachkompetenz vermittelt. Sie bietet einen Aufenthaltsort f\u00fcr Personen jeden Alters und jeder sozialen Herkunft und f\u00f6rdert so Kommunikation und Integration. <\/strong><\/h4>\n<p>Am 1. September startet das Jubil\u00e4umsr\u00e4tsel, dass bis zum \u201eTag der offenen T\u00fcr\u201c am 6. Oktober 2024 l\u00e4uft. Abgabeschluss ist an diesem Tag um 13.00 Uhr.<strong><img loading=\"lazy\" decoding=\"async\" class=\"wp-image-5014 alignleft\" src=\"https:\/\/gemeindebuechereikastl.de\/wp-content\/uploads\/2024\/08\/Raetsel-extra-1603x1133.jpg\" alt=\"\" width=\"364\" height=\"257\" srcset=\"https:\/\/gemeindebuechereikastl.de\/wp-content\/uploads\/2024\/08\/Raetsel-extra-1603x1133.jpg 1603w, https:\/\/gemeindebuechereikastl.de\/wp-content\/uploads\/2024\/08\/Raetsel-extra-300x212.jpg 300w, https:\/\/gemeindebuechereikastl.de\/wp-content\/uploads\/2024\/08\/Raetsel-extra-768x543.jpg 768w, https:\/\/gemeindebuechereikastl.de\/wp-content\/uploads\/2024\/08\/Raetsel-extra-1536x1086.jpg 1536w, https:\/\/gemeindebuechereikastl.de\/wp-content\/uploads\/2024\/08\/Raetsel-extra-750x530.jpg 750w, https:\/\/gemeindebuechereikastl.de\/wp-content\/uploads\/2024\/08\/Raetsel-extra.jpg 1754w\" sizes=\"auto, (max-width: 364px) 100vw, 364px\" \/><\/strong><\/p>\n<p><strong>Das R\u00e4tsel ging mit dem Schweppermannsboten an alle Haushalte, wer noch R\u00e4tsel ben\u00f6tigt einfach in der B<\/strong><strong>\u00fccherei vorbeikommen es gibt noch gen\u00fcgend oder hier von der <a href=\"https:\/\/gemeindebuechereikastl.de\/wp-content\/uploads\/2024\/08\/Raetsel-extra.pdf\">Homepage herunterladen!<\/a><\/strong><\/p>\n<p>Beim <strong>&#8222;Tag der offenen T\u00fcr am 6. Oktober um 15.00 Uhr<\/strong>&#8220; findet die Ziehung der Gewinner statt und auch die \u00dcbergabe der Preise an die gezogenen Preistr\u00e4ger. Es gibt gro\u00dfartigen Preise zu gewinnen.<br \/>\n<strong>Jahreskarten f\u00fcrs Kastler Freibad, Buchgutscheine, Jahres-Abos f\u00fcr die B\u00fccherei und anderes mehr.<\/strong><br \/>\nDie Fragen lauten ungef\u00e4hr so: Seit wann gibt es in Kastl eine B\u00fccherei? \/ Wieviel B\u00fccher und Medien wurden in der Gemeindeb\u00fccherei bis heute entliehen? \/ Wieviel B\u00fccher und Medien gibt es in der B\u00fccherei? usw. Es sind bei jeder Frage drei <img loading=\"lazy\" decoding=\"async\" class=\"wp-image-5016 alignright\" src=\"https:\/\/gemeindebuechereikastl.de\/wp-content\/uploads\/2024\/08\/Raetsel-Loesungen-1603x1016.jpg\" alt=\"\" width=\"288\" height=\"183\" srcset=\"https:\/\/gemeindebuechereikastl.de\/wp-content\/uploads\/2024\/08\/Raetsel-Loesungen-1603x1016.jpg 1603w, https:\/\/gemeindebuechereikastl.de\/wp-content\/uploads\/2024\/08\/Raetsel-Loesungen-300x190.jpg 300w, https:\/\/gemeindebuechereikastl.de\/wp-content\/uploads\/2024\/08\/Raetsel-Loesungen-768x487.jpg 768w, https:\/\/gemeindebuechereikastl.de\/wp-content\/uploads\/2024\/08\/Raetsel-Loesungen-1536x973.jpg 1536w, https:\/\/gemeindebuechereikastl.de\/wp-content\/uploads\/2024\/08\/Raetsel-Loesungen-2048x1297.jpg 2048w, https:\/\/gemeindebuechereikastl.de\/wp-content\/uploads\/2024\/08\/Raetsel-Loesungen-750x475.jpg 750w\" sizes=\"auto, (max-width: 288px) 100vw, 288px\" \/>Antworten vorgegeben, es ist aber pro Frage nur eine Antwort richtig.<br \/>\n<strong>Um es den Lesern der Kastler B\u00fccherei nicht so schwierig zu machen, gibt es in der Gemeindeb\u00fccherei kleine Hilfen mit Antworten zu den einzelnen Fragen zu finden. Es h\u00e4ngen in der gesamten B\u00fccherei gelbe Plakate auf denen man so manche Antwort f\u00fcr das R\u00e4tsel finden ist. Kommt einfach bei uns vorbei und endeckt die Hilfen f\u00fcr das R\u00e4tsel und das gro\u00dfartige Angebot an B\u00fcchern und Medien!<br \/>\n<\/strong><\/p>\n<h4 style=\"text-align: center;\"><span style=\"color: #800000;\"><strong>Viel Gl\u00fcck beim Raten w\u00fcnscht das Team der Gemeindeb\u00fccherei Kastl<\/strong><\/span><\/h4>\n","protected":false},"excerpt":{"rendered":"<p>Auftakt der Veranstaltungsreigens zu &#8211; 50 Jahre Gemeindeb\u00fccherei &#8211; mit dem Jubil\u00e4umsr\u00e4tsel B\u00fcrgermeister Stefan Braun, B\u00fcchereileiter Georg D\u00fcrr und das Leitungsteam mit Christa Kastner und Pia Graf gaben in der B\u00fccherei jetzt den Startschuss f\u00fcr den Jubil\u00e4umsherbst mit Aktionen und Veranstaltungen f\u00fcr alle Altersgruppen. Die Gemeindeb\u00fccherei Kastl ist ein Ort f\u00fcr alle! &#8222;Von der kleinsten &hellip; <\/p>\n<p><a class=\"more-link btn\" href=\"https:\/\/gemeindebuechereikastl.de\/?p=5010\">Weiterlesen<\/a><\/p>\n","protected":false},"author":1,"featured_media":5011,"comment_status":"closed","ping_status":"closed","sticky":false,"template":"","format":"standard","meta":{"footnotes":""},"categories":[5],"tags":[189,614,612,613],"class_list":["post-5010","post","type-post","status-publish","format-standard","has-post-thumbnail","hentry","category-news","tag-jubilaeum","tag-jubilaeumsaktionen","tag-raetsel","tag-start","item-wrap"],"_links":{"self":[{"href":"https:\/\/gemeindebuechereikastl.de\/index.php?rest_route=\/wp\/v2\/posts\/5010","targetHints":{"allow":["GET"]}}],"collection":[{"href":"https:\/\/gemeindebuechereikastl.de\/index.php?rest_route=\/wp\/v2\/posts"}],"about":[{"href":"https:\/\/gemeindebuechereikastl.de\/index.php?rest_route=\/wp\/v2\/types\/post"}],"author":[{"embeddable":true,"href":"https:\/\/gemeindebuechereikastl.de\/index.php?rest_route=\/wp\/v2\/users\/1"}],"replies":[{"embeddable":true,"href":"https:\/\/gemeindebuechereikastl.de\/index.php?rest_route=%2Fwp%2Fv2%2Fcomments&post=5010"}],"version-history":[{"count":8,"href":"https:\/\/gemeindebuechereikastl.de\/index.php?rest_route=\/wp\/v2\/posts\/5010\/revisions"}],"predecessor-version":[{"id":5082,"href":"https:\/\/gemeindebuechereikastl.de\/index.php?rest_route=\/wp\/v2\/posts\/5010\/revisions\/5082"}],"wp:featuredmedia":[{"embeddable":true,"href":"https:\/\/gemeindebuechereikastl.de\/index.php?rest_route=\/wp\/v2\/media\/5011"}],"wp:attachment":[{"href":"https:\/\/gemeindebuechereikastl.de\/index.php?rest_route=%2Fwp%2Fv2%2Fmedia&parent=5010"}],"wp:term":[{"taxonomy":"category","embeddable":true,"href":"https:\/\/gemeindebuechereikastl.de\/index.php?rest_route=%2Fwp%2Fv2%2Fcategories&post=5010"},{"taxonomy":"post_tag","embeddable":true,"href":"https:\/\/gemeindebuechereikastl.de\/index.php?rest_route=%2Fwp%2Fv2%2Ftags&post=5010"}],"curies":[{"name":"wp","href":"https:\/\/api.w.org\/{rel}","templated":true}]}}