{"id":5025,"date":"2024-09-03T14:31:50","date_gmt":"2024-09-03T14:31:50","guid":{"rendered":"https:\/\/gemeindebuechereikastl.de\/?p=5025"},"modified":"2024-09-03T18:05:33","modified_gmt":"2024-09-03T18:05:33","slug":"team-bei-informationsbesuch-in-der-buecherei-ursensollen","status":"publish","type":"post","link":"https:\/\/gemeindebuechereikastl.de\/?p=5025","title":{"rendered":"Team bei Informationsbesuch in der B\u00fccherei Ursensollen"},"content":{"rendered":"<h2 style=\"text-align: center;\"><span style=\"color: #ff6600;\">Die Gemeindeb\u00fccherei und das Planetarium Ursensollen waren das Ziel beim Info-Ausflug des Kastler B\u00fcchereiteams<\/span><\/h2>\n<p><img loading=\"lazy\" decoding=\"async\" class=\"aligncenter wp-image-5028 \" src=\"https:\/\/gemeindebuechereikastl.de\/wp-content\/uploads\/2024\/09\/Ursensollen-Gruppe-1603x874.jpg\" alt=\"\" width=\"719\" height=\"392\" srcset=\"https:\/\/gemeindebuechereikastl.de\/wp-content\/uploads\/2024\/09\/Ursensollen-Gruppe-1603x874.jpg 1603w, https:\/\/gemeindebuechereikastl.de\/wp-content\/uploads\/2024\/09\/Ursensollen-Gruppe-300x164.jpg 300w, https:\/\/gemeindebuechereikastl.de\/wp-content\/uploads\/2024\/09\/Ursensollen-Gruppe-768x419.jpg 768w, https:\/\/gemeindebuechereikastl.de\/wp-content\/uploads\/2024\/09\/Ursensollen-Gruppe-1536x838.jpg 1536w, https:\/\/gemeindebuechereikastl.de\/wp-content\/uploads\/2024\/09\/Ursensollen-Gruppe-2048x1117.jpg 2048w, https:\/\/gemeindebuechereikastl.de\/wp-content\/uploads\/2024\/09\/Ursensollen-Gruppe-750x409.jpg 750w\" sizes=\"auto, (max-width: 719px) 100vw, 719px\" \/><\/p>\n<p>Nachdem das Ursensollen B\u00fcchereiteam im vergangenen Jahr bei uns in Kastl zu Gast war, starten wir nun den Gegenbesuch in Ursensollen. Zu Beginn begr\u00fc\u00dfte uns die Leiterin der Gemeindeb\u00fccherei Ursensollen Lisa Bischof recht herzlich, es gab einen kleinen Rundgang durch die B\u00fccherei. Beim Betreten der B\u00fccherei der lichtdurchflutete Kinder- und Jugendbereich, wo die Bilderb\u00fccher nach Alter der Kinder von 2-5 Jahren geordnet sind. In den Wandregalen wo die Kinderb\u00fccher, auch nach Alter und die Jugendb\u00fccher ab 13 Jahren zu finden sind.<br \/>\n<img loading=\"lazy\" decoding=\"async\" class=\"alignleft wp-image-5026 \" src=\"https:\/\/gemeindebuechereikastl.de\/wp-content\/uploads\/2024\/09\/Gespraech-2-1603x941.jpg\" alt=\"\" width=\"498\" height=\"292\" srcset=\"https:\/\/gemeindebuechereikastl.de\/wp-content\/uploads\/2024\/09\/Gespraech-2-1603x941.jpg 1603w, https:\/\/gemeindebuechereikastl.de\/wp-content\/uploads\/2024\/09\/Gespraech-2-300x176.jpg 300w, https:\/\/gemeindebuechereikastl.de\/wp-content\/uploads\/2024\/09\/Gespraech-2-768x451.jpg 768w, https:\/\/gemeindebuechereikastl.de\/wp-content\/uploads\/2024\/09\/Gespraech-2-1536x902.jpg 1536w, https:\/\/gemeindebuechereikastl.de\/wp-content\/uploads\/2024\/09\/Gespraech-2-2048x1203.jpg 2048w, https:\/\/gemeindebuechereikastl.de\/wp-content\/uploads\/2024\/09\/Gespraech-2-750x440.jpg 750w\" sizes=\"auto, (max-width: 498px) 100vw, 498px\" \/>Die fahrbaren Regale rechts beherbergen die Kindersachb\u00fccher und die Sachb\u00fccher f\u00fcr Erwachsene. \u00a0Im hinteren Bereich gibt es dann noch die Romane und Zeitschriften. Hier gibt es auch einen Tisch, wo man in Ruhe schm\u00f6kern kann. Nach dem Rundgang lie\u00df sich das Kastler Team am Tisch nieder und es erfolgte eine lebhafte bibliothekarische Diskussion.<\/p>\n<p>Zum Schluss bedankte sich B\u00fcchereileiter Georg D\u00fcrr bei Lisa Bischof f\u00fcr die F\u00fchrung durch die B\u00fccherei Ursensollen und \u00fcberreichte als kleines Dankesch\u00f6n ein Flasche Wein.<br \/>\n<img loading=\"lazy\" decoding=\"async\" class=\"wp-image-5027 alignright\" src=\"https:\/\/gemeindebuechereikastl.de\/wp-content\/uploads\/2024\/09\/Planetarium-1603x902.jpg\" alt=\"\" width=\"485\" height=\"273\" srcset=\"https:\/\/gemeindebuechereikastl.de\/wp-content\/uploads\/2024\/09\/Planetarium-1603x902.jpg 1603w, https:\/\/gemeindebuechereikastl.de\/wp-content\/uploads\/2024\/09\/Planetarium-300x169.jpg 300w, https:\/\/gemeindebuechereikastl.de\/wp-content\/uploads\/2024\/09\/Planetarium-768x432.jpg 768w, https:\/\/gemeindebuechereikastl.de\/wp-content\/uploads\/2024\/09\/Planetarium-1536x865.jpg 1536w, https:\/\/gemeindebuechereikastl.de\/wp-content\/uploads\/2024\/09\/Planetarium-2048x1153.jpg 2048w, https:\/\/gemeindebuechereikastl.de\/wp-content\/uploads\/2024\/09\/Planetarium-750x422.jpg 750w\" sizes=\"auto, (max-width: 485px) 100vw, 485px\" \/>Nach der Besichtigung der B\u00fccherei ging es dann ins Planetarium Ursensollen wo das Kastler B\u00fcchereiteam eine Reise durch den aktuellen Sternenhimmel \u00fcber der Oberpfalz dreidimensional und in h\u00f6chster Aufl\u00f6sung erlebten. Der Vorsitzende der Sternenfreunde Amberg-Ursensollen, Prof. Dr. Matthias M\u00e4ndl\u00a0 f\u00fchrte die Kastler durch den Sternenhimmel. \u00a0\u00a0 <a href=\"https:\/\/www.planetarium-ursensollen.de\/\"><img loading=\"lazy\" decoding=\"async\" class=\"alignleft wp-image-5034 \" src=\"https:\/\/gemeindebuechereikastl.de\/wp-content\/uploads\/2024\/09\/planetarium-1.jpg\" alt=\"\" width=\"219\" height=\"129\" srcset=\"https:\/\/gemeindebuechereikastl.de\/wp-content\/uploads\/2024\/09\/planetarium-1.jpg 435w, https:\/\/gemeindebuechereikastl.de\/wp-content\/uploads\/2024\/09\/planetarium-1-300x177.jpg 300w\" sizes=\"auto, (max-width: 219px) 100vw, 219px\" \/><\/a><\/p>\n<h4><\/h4>\n<h4><a href=\"https:\/\/www.planetarium-ursensollen.de\/\">https:\/\/www.planetarium-ursensollen.de\/<\/a><\/h4>\n","protected":false},"excerpt":{"rendered":"<p>Die Gemeindeb\u00fccherei und das Planetarium Ursensollen waren das Ziel beim Info-Ausflug des Kastler B\u00fcchereiteams Nachdem das Ursensollen B\u00fcchereiteam im vergangenen Jahr bei uns in Kastl zu Gast war, starten wir nun den Gegenbesuch in Ursensollen. Zu Beginn begr\u00fc\u00dfte uns die Leiterin der Gemeindeb\u00fccherei Ursensollen Lisa Bischof recht herzlich, es gab einen kleinen Rundgang durch die &hellip; <\/p>\n<p><a class=\"more-link btn\" href=\"https:\/\/gemeindebuechereikastl.de\/?p=5025\">Weiterlesen<\/a><\/p>\n","protected":false},"author":1,"featured_media":5028,"comment_status":"closed","ping_status":"closed","sticky":false,"template":"","format":"standard","meta":{"footnotes":""},"categories":[5],"tags":[64,615,616,617],"class_list":["post-5025","post","type-post","status-publish","format-standard","has-post-thumbnail","hentry","category-news","tag-buechereiteam","tag-gemeindebuecherei-ursensollen","tag-informationsfahrt","tag-planetarium","item-wrap"],"_links":{"self":[{"href":"https:\/\/gemeindebuechereikastl.de\/index.php?rest_route=\/wp\/v2\/posts\/5025","targetHints":{"allow":["GET"]}}],"collection":[{"href":"https:\/\/gemeindebuechereikastl.de\/index.php?rest_route=\/wp\/v2\/posts"}],"about":[{"href":"https:\/\/gemeindebuechereikastl.de\/index.php?rest_route=\/wp\/v2\/types\/post"}],"author":[{"embeddable":true,"href":"https:\/\/gemeindebuechereikastl.de\/index.php?rest_route=\/wp\/v2\/users\/1"}],"replies":[{"embeddable":true,"href":"https:\/\/gemeindebuechereikastl.de\/index.php?rest_route=%2Fwp%2Fv2%2Fcomments&post=5025"}],"version-history":[{"count":8,"href":"https:\/\/gemeindebuechereikastl.de\/index.php?rest_route=\/wp\/v2\/posts\/5025\/revisions"}],"predecessor-version":[{"id":5037,"href":"https:\/\/gemeindebuechereikastl.de\/index.php?rest_route=\/wp\/v2\/posts\/5025\/revisions\/5037"}],"wp:featuredmedia":[{"embeddable":true,"href":"https:\/\/gemeindebuechereikastl.de\/index.php?rest_route=\/wp\/v2\/media\/5028"}],"wp:attachment":[{"href":"https:\/\/gemeindebuechereikastl.de\/index.php?rest_route=%2Fwp%2Fv2%2Fmedia&parent=5025"}],"wp:term":[{"taxonomy":"category","embeddable":true,"href":"https:\/\/gemeindebuechereikastl.de\/index.php?rest_route=%2Fwp%2Fv2%2Fcategories&post=5025"},{"taxonomy":"post_tag","embeddable":true,"href":"https:\/\/gemeindebuechereikastl.de\/index.php?rest_route=%2Fwp%2Fv2%2Ftags&post=5025"}],"curies":[{"name":"wp","href":"https:\/\/api.w.org\/{rel}","templated":true}]}}