{"id":5038,"date":"2024-09-07T16:50:12","date_gmt":"2024-09-07T16:50:12","guid":{"rendered":"https:\/\/gemeindebuechereikastl.de\/?p=5038"},"modified":"2024-09-07T17:36:56","modified_gmt":"2024-09-07T17:36:56","slug":"buchausstellng-mit-einer-grossen-auswahl-an-vorschul-erstlesbuechern","status":"publish","type":"post","link":"https:\/\/gemeindebuechereikastl.de\/?p=5038","title":{"rendered":"Buchausstellng mit einer gro\u00dfen Auswahl an Vorschul-&#038; Erstlesb\u00fcchern"},"content":{"rendered":"<h2 style=\"text-align: center;\"><span style=\"color: #ff6600;\"><strong>Entdecke in der B\u00fccherei die besten Kinderb\u00fccher und andere Medien aus der Rubrik &#8222;Vorschul-&amp; Erstleseb\u00fccher&#8220;f\u00fcr den Schulanfang<\/strong> <\/span><\/h2>\n<p><img loading=\"lazy\" decoding=\"async\" class=\"alignleft wp-image-5041 \" src=\"https:\/\/gemeindebuechereikastl.de\/wp-content\/uploads\/2024\/09\/Schulbuecher-838x1206.jpg\" alt=\"\" width=\"400\" height=\"576\" srcset=\"https:\/\/gemeindebuechereikastl.de\/wp-content\/uploads\/2024\/09\/Schulbuecher-838x1206.jpg 838w, https:\/\/gemeindebuechereikastl.de\/wp-content\/uploads\/2024\/09\/Schulbuecher-209x300.jpg 209w, https:\/\/gemeindebuechereikastl.de\/wp-content\/uploads\/2024\/09\/Schulbuecher-768x1105.jpg 768w, https:\/\/gemeindebuechereikastl.de\/wp-content\/uploads\/2024\/09\/Schulbuecher-1068x1536.jpg 1068w, https:\/\/gemeindebuechereikastl.de\/wp-content\/uploads\/2024\/09\/Schulbuecher-1424x2048.jpg 1424w, https:\/\/gemeindebuechereikastl.de\/wp-content\/uploads\/2024\/09\/Schulbuecher-750x1079.jpg 750w, https:\/\/gemeindebuechereikastl.de\/wp-content\/uploads\/2024\/09\/Schulbuecher-scaled.jpg 1780w\" sizes=\"auto, (max-width: 400px) 100vw, 400px\" \/>Die Palette reicht von spannenden Schulgeschichten \u00fcber motivierende Erstleseb\u00fccher bis hin zu informativen Sachb\u00fcchern und spielerischen Vorschul\u00fcbungen. Jedes Buch \u00f6ffnet eine neue Welt, die dein Kind auf den aufregenden Schritt in die Schule vorbereitet.<\/p>\n<p>Die Einschulung ist ein gro\u00dfes Ereignis, das manchmal auch Unsicherheiten mit sich bringt. In der Welt der Kinderb\u00fccher finden sich jedoch kleine Held*innen, die zuk\u00fcnftigen Schulkinder mit ihren Geschichten fr\u00f6hlich an die Hand nehmen.<img loading=\"lazy\" decoding=\"async\" class=\"wp-image-3002 alignright\" src=\"https:\/\/gemeindebuechereikastl.de\/wp-content\/uploads\/2022\/05\/buecherkinder-1-300x221.jpg\" alt=\"\" width=\"280\" height=\"207\" srcset=\"https:\/\/gemeindebuechereikastl.de\/wp-content\/uploads\/2022\/05\/buecherkinder-1-300x221.jpg 300w, https:\/\/gemeindebuechereikastl.de\/wp-content\/uploads\/2022\/05\/buecherkinder-1-768x566.jpg 768w, https:\/\/gemeindebuechereikastl.de\/wp-content\/uploads\/2022\/05\/buecherkinder-1-1536x1131.jpg 1536w, https:\/\/gemeindebuechereikastl.de\/wp-content\/uploads\/2022\/05\/buecherkinder-1-750x552.jpg 750w, https:\/\/gemeindebuechereikastl.de\/wp-content\/uploads\/2022\/05\/buecherkinder-1.jpg 1574w\" sizes=\"auto, (max-width: 280px) 100vw, 280px\" \/> Seite f\u00fcr Seite vermitteln sie L\u00f6sungen f\u00fcr schwierige Situationen und wecken die Vorfreude auf die sch\u00f6nen Momente, die die Schulzeit bereith\u00e4lt. Spezielle Erstleseb\u00fccher helfen dabei, die ersten Schritte in die Welt der Buchstaben zu meistern. <strong>F\u00fcr noch mehr gro\u00dfartige und unterhaltsame Schulgeschichten oder mit speziellen Vorschul-&amp; Erstleseb\u00fcchern lohnt sich ein Besuch in der B\u00fccherei. Du kannst auch vorab in unserem <a href=\"https:\/\/iopac.gemeindebuechereikastl.de\/\">Online-Katalog<\/a> st\u00f6bern oder unsere E-Books auf <a href=\"http:\/\/www.leo-nord.de\">www.leo-nord.de<\/a> entdecken.<\/strong><\/p>\n","protected":false},"excerpt":{"rendered":"<p>Entdecke in der B\u00fccherei die besten Kinderb\u00fccher und andere Medien aus der Rubrik &#8222;Vorschul-&amp; Erstleseb\u00fccher&#8220;f\u00fcr den Schulanfang Die Palette reicht von spannenden Schulgeschichten \u00fcber motivierende Erstleseb\u00fccher bis hin zu informativen Sachb\u00fcchern und spielerischen Vorschul\u00fcbungen. Jedes Buch \u00f6ffnet eine neue Welt, die dein Kind auf den aufregenden Schritt in die Schule vorbereitet. Die Einschulung ist ein &hellip; <\/p>\n<p><a class=\"more-link btn\" href=\"https:\/\/gemeindebuechereikastl.de\/?p=5038\">Weiterlesen<\/a><\/p>\n","protected":false},"author":1,"featured_media":5040,"comment_status":"closed","ping_status":"closed","sticky":false,"template":"","format":"standard","meta":{"footnotes":""},"categories":[1],"tags":[194,431,193,618],"class_list":["post-5038","post","type-post","status-publish","format-standard","has-post-thumbnail","hentry","category-team","tag-buchausstellung","tag-lernen","tag-schule","tag-vorschul-erstlesebuecher","item-wrap"],"_links":{"self":[{"href":"https:\/\/gemeindebuechereikastl.de\/index.php?rest_route=\/wp\/v2\/posts\/5038","targetHints":{"allow":["GET"]}}],"collection":[{"href":"https:\/\/gemeindebuechereikastl.de\/index.php?rest_route=\/wp\/v2\/posts"}],"about":[{"href":"https:\/\/gemeindebuechereikastl.de\/index.php?rest_route=\/wp\/v2\/types\/post"}],"author":[{"embeddable":true,"href":"https:\/\/gemeindebuechereikastl.de\/index.php?rest_route=\/wp\/v2\/users\/1"}],"replies":[{"embeddable":true,"href":"https:\/\/gemeindebuechereikastl.de\/index.php?rest_route=%2Fwp%2Fv2%2Fcomments&post=5038"}],"version-history":[{"count":13,"href":"https:\/\/gemeindebuechereikastl.de\/index.php?rest_route=\/wp\/v2\/posts\/5038\/revisions"}],"predecessor-version":[{"id":5059,"href":"https:\/\/gemeindebuechereikastl.de\/index.php?rest_route=\/wp\/v2\/posts\/5038\/revisions\/5059"}],"wp:featuredmedia":[{"embeddable":true,"href":"https:\/\/gemeindebuechereikastl.de\/index.php?rest_route=\/wp\/v2\/media\/5040"}],"wp:attachment":[{"href":"https:\/\/gemeindebuechereikastl.de\/index.php?rest_route=%2Fwp%2Fv2%2Fmedia&parent=5038"}],"wp:term":[{"taxonomy":"category","embeddable":true,"href":"https:\/\/gemeindebuechereikastl.de\/index.php?rest_route=%2Fwp%2Fv2%2Fcategories&post=5038"},{"taxonomy":"post_tag","embeddable":true,"href":"https:\/\/gemeindebuechereikastl.de\/index.php?rest_route=%2Fwp%2Fv2%2Ftags&post=5038"}],"curies":[{"name":"wp","href":"https:\/\/api.w.org\/{rel}","templated":true}]}}