{"id":5047,"date":"2024-09-07T17:28:42","date_gmt":"2024-09-07T17:28:42","guid":{"rendered":"https:\/\/gemeindebuechereikastl.de\/?p=5047"},"modified":"2024-09-07T17:38:19","modified_gmt":"2024-09-07T17:38:19","slug":"buchausstellung-in-der-gemeindebuecherei-kastl-so-bleiben-sie-gesund","status":"publish","type":"post","link":"https:\/\/gemeindebuechereikastl.de\/?p=5047","title":{"rendered":"Buchausstellung in der Gemeindeb\u00fccherei Kastl &#8222;So bleiben Sie gesund!&#8220;"},"content":{"rendered":"<h2 style=\"text-align: center;\"><span style=\"color: #ff6600;\">Im Obergeschoss der B\u00fccherei gibt es eine Buchausstellung mit &#8222;Gesunden B\u00fcchern&#8220;<\/span><\/h2>\n<p><strong><img loading=\"lazy\" decoding=\"async\" class=\"alignleft wp-image-5042 \" src=\"https:\/\/gemeindebuechereikastl.de\/wp-content\/uploads\/2024\/09\/Gesund-bleiben-852x1206.jpg\" alt=\"\" width=\"323\" height=\"457\" srcset=\"https:\/\/gemeindebuechereikastl.de\/wp-content\/uploads\/2024\/09\/Gesund-bleiben-852x1206.jpg 852w, https:\/\/gemeindebuechereikastl.de\/wp-content\/uploads\/2024\/09\/Gesund-bleiben-212x300.jpg 212w, https:\/\/gemeindebuechereikastl.de\/wp-content\/uploads\/2024\/09\/Gesund-bleiben-768x1087.jpg 768w, https:\/\/gemeindebuechereikastl.de\/wp-content\/uploads\/2024\/09\/Gesund-bleiben-750x1061.jpg 750w, https:\/\/gemeindebuechereikastl.de\/wp-content\/uploads\/2024\/09\/Gesund-bleiben.jpg 985w\" sizes=\"auto, (max-width: 323px) 100vw, 323px\" \/><\/strong>Unter dem Motto &#8222;So bleiben Sie gesund!&#8220; erwartet die Besucher*innen eine vielf\u00e4ltige Auswahl an speziellen Sachb\u00fcchern rund um das Thema Gesundheit und Wohlbefinden.<\/p>\n<p>Von ausgewogener Ern\u00e4hrung \u00fcber mentale Fitness bis hin zu Bewegungstipps \u2013 die Ausstellung bietet wertvolle Informationen f\u00fcr jede Altersgruppe. Ob Pr\u00e4vention, gesunde Lebensgewohnheiten oder der Umgang mit Stress und Krankheiten: Die B\u00fccher liefern fundiertes Wissen und praktische Anleitungen, um gesund zu bleiben und das eigene Wohlbefinden zu f\u00f6rdern.<\/p>\n<p>Die Buchausstellung richtet sich an alle, die sich intensiver mit ihrer Gesundheit besch\u00e4ftigen und ihre Lebensweise aktiv gestalten m\u00f6chten. Hier finden Leser*innen eine F\u00fclle von Ratgebern und wissenschaftlich fundierten Werken, die nicht nur informieren, sondern auch motivieren, sich bewusst mit dem Thema Gesundheit auseinanderzusetzen.<\/p>\n<p><img loading=\"lazy\" decoding=\"async\" class=\"wp-image-5048 alignright\" src=\"https:\/\/gemeindebuechereikastl.de\/wp-content\/uploads\/2024\/09\/Buecherschwester-300x226.jpg\" alt=\"\" width=\"264\" height=\"199\" srcset=\"https:\/\/gemeindebuechereikastl.de\/wp-content\/uploads\/2024\/09\/Buecherschwester-300x226.jpg 300w, https:\/\/gemeindebuechereikastl.de\/wp-content\/uploads\/2024\/09\/Buecherschwester.jpg 589w\" sizes=\"auto, (max-width: 264px) 100vw, 264px\" \/><\/p>\n<p>Ein Besuch in der Kastler B\u00fccherei lohnt sich also f\u00fcr alle, die einen Schritt in Richtung eines ges\u00fcnderen Lebensstils machen m\u00f6chten. Schauen Sie vorbei, lassen Sie sich inspirieren und entdecken Sie, wie Sie aktiv etwas f\u00fcr Ihre Gesundheit tun k\u00f6nnen!<\/p>\n<p>Die gro\u00dfe Auswahl an &#8222;Gesunden B\u00fcchern&#8220; wartet mitgenommen zu werden. Gelegenheit dazu ist w\u00e4hrend der regul\u00e4ren \u00d6ffnungszeiten der Gemeindeb\u00fccherei. <strong>Eine Vorabinfo \u00fcber alle &#8222;Gesunden B\u00fcchern&#8220; gibt es auch in unserem <a href=\"https:\/\/iopac.gemeindebuechereikastl.de\/\">Online-Katalog<\/a> oder sie st\u00f6beren in unseren E-Books auf <a href=\"http:\/\/www.leo-nord.de\/\">www.leo-nord.de<\/a><br \/>\n<\/strong><\/p>\n","protected":false},"excerpt":{"rendered":"<p>Im Obergeschoss der B\u00fccherei gibt es eine Buchausstellung mit &#8222;Gesunden B\u00fcchern&#8220; Unter dem Motto &#8222;So bleiben Sie gesund!&#8220; erwartet die Besucher*innen eine vielf\u00e4ltige Auswahl an speziellen Sachb\u00fcchern rund um das Thema Gesundheit und Wohlbefinden. Von ausgewogener Ern\u00e4hrung \u00fcber mentale Fitness bis hin zu Bewegungstipps \u2013 die Ausstellung bietet wertvolle Informationen f\u00fcr jede Altersgruppe. Ob Pr\u00e4vention, &hellip; <\/p>\n<p><a class=\"more-link btn\" href=\"https:\/\/gemeindebuechereikastl.de\/?p=5047\">Weiterlesen<\/a><\/p>\n","protected":false},"author":1,"featured_media":5048,"comment_status":"closed","ping_status":"closed","sticky":false,"template":"","format":"standard","meta":{"footnotes":""},"categories":[5],"tags":[194,123,619],"class_list":["post-5047","post","type-post","status-publish","format-standard","has-post-thumbnail","hentry","category-news","tag-buchausstellung","tag-gesundheit","tag-og-der-buecherei","item-wrap"],"_links":{"self":[{"href":"https:\/\/gemeindebuechereikastl.de\/index.php?rest_route=\/wp\/v2\/posts\/5047","targetHints":{"allow":["GET"]}}],"collection":[{"href":"https:\/\/gemeindebuechereikastl.de\/index.php?rest_route=\/wp\/v2\/posts"}],"about":[{"href":"https:\/\/gemeindebuechereikastl.de\/index.php?rest_route=\/wp\/v2\/types\/post"}],"author":[{"embeddable":true,"href":"https:\/\/gemeindebuechereikastl.de\/index.php?rest_route=\/wp\/v2\/users\/1"}],"replies":[{"embeddable":true,"href":"https:\/\/gemeindebuechereikastl.de\/index.php?rest_route=%2Fwp%2Fv2%2Fcomments&post=5047"}],"version-history":[{"count":4,"href":"https:\/\/gemeindebuechereikastl.de\/index.php?rest_route=\/wp\/v2\/posts\/5047\/revisions"}],"predecessor-version":[{"id":5061,"href":"https:\/\/gemeindebuechereikastl.de\/index.php?rest_route=\/wp\/v2\/posts\/5047\/revisions\/5061"}],"wp:featuredmedia":[{"embeddable":true,"href":"https:\/\/gemeindebuechereikastl.de\/index.php?rest_route=\/wp\/v2\/media\/5048"}],"wp:attachment":[{"href":"https:\/\/gemeindebuechereikastl.de\/index.php?rest_route=%2Fwp%2Fv2%2Fmedia&parent=5047"}],"wp:term":[{"taxonomy":"category","embeddable":true,"href":"https:\/\/gemeindebuechereikastl.de\/index.php?rest_route=%2Fwp%2Fv2%2Fcategories&post=5047"},{"taxonomy":"post_tag","embeddable":true,"href":"https:\/\/gemeindebuechereikastl.de\/index.php?rest_route=%2Fwp%2Fv2%2Ftags&post=5047"}],"curies":[{"name":"wp","href":"https:\/\/api.w.org\/{rel}","templated":true}]}}