{"id":5063,"date":"2024-09-12T11:29:33","date_gmt":"2024-09-12T11:29:33","guid":{"rendered":"https:\/\/gemeindebuechereikastl.de\/?p=5063"},"modified":"2024-09-18T09:10:34","modified_gmt":"2024-09-18T09:10:34","slug":"weitere-veranstaltungen-im-rahmen-50-jahre-gemeindebuechrei-kastl","status":"publish","type":"post","link":"https:\/\/gemeindebuechereikastl.de\/?p=5063","title":{"rendered":"Weitere Veranstaltungen im Rahmen 50 Jahre Gemeindeb\u00fcchrei Kastl"},"content":{"rendered":"<h2 style=\"text-align: center;\"><strong><span style=\"color: #ff6600;\">Nach Auftakt <\/span><\/strong><span style=\"color: #ff6600;\"><strong>mit dem Jubil\u00e4umsr\u00e4tsel, <\/strong><\/span><span style=\"color: #ff6600;\"><strong>geht <\/strong><\/span><strong><span style=\"color: #ff6600;\">es jetzt <\/span><\/strong><strong><span style=\"color: #ff6600;\" data-wp-editing=\"1\">weiter <\/span><\/strong><strong><span style=\"color: #ff6600;\">mit interessanten und kunterbuntem Programm <img loading=\"lazy\" decoding=\"async\" class=\"wp-image-5011 alignright\" src=\"https:\/\/gemeindebuechereikastl.de\/wp-content\/uploads\/2024\/08\/Start-Jubilaeumsherbst-1603x1026.jpg\" alt=\"\" width=\"290\" height=\"186\" srcset=\"https:\/\/gemeindebuechereikastl.de\/wp-content\/uploads\/2024\/08\/Start-Jubilaeumsherbst-1603x1026.jpg 1603w, https:\/\/gemeindebuechereikastl.de\/wp-content\/uploads\/2024\/08\/Start-Jubilaeumsherbst-300x192.jpg 300w, https:\/\/gemeindebuechereikastl.de\/wp-content\/uploads\/2024\/08\/Start-Jubilaeumsherbst-768x491.jpg 768w, https:\/\/gemeindebuechereikastl.de\/wp-content\/uploads\/2024\/08\/Start-Jubilaeumsherbst-1536x983.jpg 1536w, https:\/\/gemeindebuechereikastl.de\/wp-content\/uploads\/2024\/08\/Start-Jubilaeumsherbst-2048x1310.jpg 2048w, https:\/\/gemeindebuechereikastl.de\/wp-content\/uploads\/2024\/08\/Start-Jubilaeumsherbst-750x480.jpg 750w\" sizes=\"auto, (max-width: 290px) 100vw, 290px\" \/>im Rahmen <\/span><\/strong><strong><span style=\"color: #ff6600;\">\u2013 50 Jahre<\/span> <span style=\"color: #ff6600;\">Gemei<\/span><\/strong><span style=\"color: #ff6600;\"><strong>ndeb\u00fccherei Kastl &#8211;\u00a0<\/strong> <\/span><strong><br \/>\n<\/strong><\/h2>\n<h4 style=\"text-align: center;\"><strong>\u00a0Start des Jubil\u00e4umsherbstes mit vielf\u00e4ltigen Aktionen und Veranstaltungen f\u00fcr alle Altersgruppen <\/strong><strong><br \/>\n<\/strong><\/h4>\n<h3><strong><span style=\"color: #800000;\"><span style=\"color: #0000ff;\">Doctor D\u00f6blingers geschmackvolles Kasperltheater &#8211; 5. Oktober<\/span><\/span><br \/>\n<\/strong><\/h3>\n<p><img loading=\"lazy\" decoding=\"async\" class=\"alignleft wp-image-4889 \" src=\"https:\/\/gemeindebuechereikastl.de\/wp-content\/uploads\/2024\/07\/Dr.-Doeblingers-2014.jpg\" alt=\"\" width=\"404\" height=\"243\" srcset=\"https:\/\/gemeindebuechereikastl.de\/wp-content\/uploads\/2024\/07\/Dr.-Doeblingers-2014.jpg 1181w, https:\/\/gemeindebuechereikastl.de\/wp-content\/uploads\/2024\/07\/Dr.-Doeblingers-2014-300x180.jpg 300w, https:\/\/gemeindebuechereikastl.de\/wp-content\/uploads\/2024\/07\/Dr.-Doeblingers-2014-768x462.jpg 768w, https:\/\/gemeindebuechereikastl.de\/wp-content\/uploads\/2024\/07\/Dr.-Doeblingers-2014-750x451.jpg 750w\" sizes=\"auto, (max-width: 404px) 100vw, 404px\" \/>Vor dem Tag der offenen T\u00fcr\u00a0 geht es los mit &#8222;Doctor D\u00f6blingers geschmackvolles Kasperltheater&#8220; das am 5. Oktober 2024 im Steinstadl zu Gast ist. Die Puppenspieler sind bekannt f\u00fcr ihre vielseitigen Kasperlst\u00fccke in bayrischem Dialekt, die gleicherma\u00dfen Kinder und Erwachsene begeistern. Sie wurden daf\u00fcr u.a. 2018 mit dem Dialektpreis Bayern ausgezeichnet. In Kastl gibt es das St\u00fcck \u201eKasperl und der Zwackilutschku oder Der Herr der tausend Puddings\u201c zu erleben.<\/p>\n<p><strong>Es gibt am Samstag, 5. Oktober zwei Vorstellungen, um 15.00 Uhr und um 16.30 Uhr. Der Kauf von Eintrittskarten in H\u00f6he von 8,- Euro ist im Vorfeld an den \u00d6ffnungszeiten in der B\u00fccherei oder dann jeweils 30 Minuten vor den Auff\u00fchrungen m\u00f6glich.<\/strong><\/p>\n<h3><span style=\"color: #0000ff;\"><strong>Tag der offenen T\u00fcr mit Preisverleihung &#8211; 6. Oktober<\/strong> <\/span><\/h3>\n<p><img loading=\"lazy\" decoding=\"async\" class=\"alignleft wp-image-5065 \" src=\"https:\/\/gemeindebuechereikastl.de\/wp-content\/uploads\/2024\/09\/Tag.-d.o.Tuer-Ki.jpg\" alt=\"\" width=\"395\" height=\"219\" srcset=\"https:\/\/gemeindebuechereikastl.de\/wp-content\/uploads\/2024\/09\/Tag.-d.o.Tuer-Ki.jpg 1578w, https:\/\/gemeindebuechereikastl.de\/wp-content\/uploads\/2024\/09\/Tag.-d.o.Tuer-Ki-300x166.jpg 300w, https:\/\/gemeindebuechereikastl.de\/wp-content\/uploads\/2024\/09\/Tag.-d.o.Tuer-Ki-768x425.jpg 768w, https:\/\/gemeindebuechereikastl.de\/wp-content\/uploads\/2024\/09\/Tag.-d.o.Tuer-Ki-1536x850.jpg 1536w, https:\/\/gemeindebuechereikastl.de\/wp-content\/uploads\/2024\/09\/Tag.-d.o.Tuer-Ki-750x415.jpg 750w\" sizes=\"auto, (max-width: 395px) 100vw, 395px\" \/>Am Sonntag, 6. Oktober folgt der \u201eTag der offenen T\u00fcr\u201c Hier pr\u00e4sentiert das B\u00fcchereiteam viele neue und aktuelle B\u00fccher und Medien aus den Fr\u00fchjahr- und Sommernovit\u00e4ten. Bei Kaffee und selbstgebackenen Kuchen k\u00f6nnen alle Besucher sich gest\u00e4rkt den vielen aktuellen und lesenswerten Neuerwerbungen aus dem Buch\u2013 und Medienmarkt widmen. Auch erfolgt an diesem Tag um 15.00 Uhr die Ziehung der Gewinner des Jubil\u00e4umsr\u00e4tsels und im Anschluss die Preisverleihung.<br \/>\n<strong>Das Team pr\u00e4sentiert an diesen Nachmittag von 13.00 bis 17.00 Uhr an die 300 Neuerwerbungen zum ersten Mal allen Interessierten in Ihren R\u00e4umen in der Klosterbergstr. 1.<br \/>\nDie Ausleihe der neuen B\u00fccher und Medien ist am Sontag ab 16.30 Uhr und an den folgenden \u00d6ffnungszeiten m\u00f6glich.<\/strong><\/p>\n<h3><span style=\"color: #0000ff;\"><strong>Bavaria First mit Wolfgang Krebs &#8211; 18. Oktober<\/strong><\/span><\/h3>\n<p><img loading=\"lazy\" decoding=\"async\" class=\"alignleft wp-image-4855 \" src=\"https:\/\/gemeindebuechereikastl.de\/wp-content\/uploads\/2024\/06\/Bavaria-first-1603x1069.jpg\" alt=\"\" width=\"335\" height=\"223\" srcset=\"https:\/\/gemeindebuechereikastl.de\/wp-content\/uploads\/2024\/06\/Bavaria-first-1603x1069.jpg 1603w, https:\/\/gemeindebuechereikastl.de\/wp-content\/uploads\/2024\/06\/Bavaria-first-300x200.jpg 300w, https:\/\/gemeindebuechereikastl.de\/wp-content\/uploads\/2024\/06\/Bavaria-first-768x512.jpg 768w, https:\/\/gemeindebuechereikastl.de\/wp-content\/uploads\/2024\/06\/Bavaria-first-1536x1025.jpg 1536w, https:\/\/gemeindebuechereikastl.de\/wp-content\/uploads\/2024\/06\/Bavaria-first-2048x1366.jpg 2048w, https:\/\/gemeindebuechereikastl.de\/wp-content\/uploads\/2024\/06\/Bavaria-first-750x500.jpg 750w\" sizes=\"auto, (max-width: 335px) 100vw, 335px\" \/>Mitte Oktober hat das Team eine weiters Jubil\u00e4ums-Highlight, es kommt der Kabarettist Wolfgang Krebs mit seinen \u201eSuperbayern\u201c unter dem Motto \u201eBavaria first\u201c nach Kastl. Edmund S., Ministerpr\u00e4sident des ehemaligen Bayern, hat es schon immer gewusst: Bayern, das beste Bundesland von allen, legt sich mehr ins Zeug als alle anderen zusammen! Und was hat es davon? \u201eBavaria first\u201c. Er zeigt, wie Edmunds Traum aussehen k\u00f6nnte, wenn sich Bayern selbst\u00e4ndig macht, um im Alleingang der Welt zu beweisen: Bavaria first!<br \/>\n<strong><br \/>\nDas Kartenkontigent f\u00fcr diesen Abend ist leider schon weg und somit ist dieser Abend ausverkauft!<\/strong><\/p>\n<h3><strong><span style=\"color: #0000ff;\">Dunkelausleihe &#8211; 31. Oktober<\/span><br \/>\n<\/strong><\/h3>\n<p><img loading=\"lazy\" decoding=\"async\" class=\" wp-image-5068 alignleft\" src=\"https:\/\/gemeindebuechereikastl.de\/wp-content\/uploads\/2024\/09\/Dunkelbuecherei-300x233.jpg\" alt=\"\" width=\"318\" height=\"247\" srcset=\"https:\/\/gemeindebuechereikastl.de\/wp-content\/uploads\/2024\/09\/Dunkelbuecherei-300x233.jpg 300w, https:\/\/gemeindebuechereikastl.de\/wp-content\/uploads\/2024\/09\/Dunkelbuecherei-768x597.jpg 768w, https:\/\/gemeindebuechereikastl.de\/wp-content\/uploads\/2024\/09\/Dunkelbuecherei-750x583.jpg 750w, https:\/\/gemeindebuechereikastl.de\/wp-content\/uploads\/2024\/09\/Dunkelbuecherei.jpg 791w\" sizes=\"auto, (max-width: 318px) 100vw, 318px\" \/>Dunkelheit und Lesen sind ein Widerspruch? Nicht in der Gemeindeb\u00fccherei Kastl. Hier besteht am <strong>Donnerstag, 31. Oktober von 17.00 bis 20.00 Uhr<\/strong> die M\u00f6glichkeit die B\u00fccherei im Dunkeln zu erkunden, es gibt f\u00fcr die Kinder die M\u00f6glichkeit, bei der ersten Dunkelausleihe, die B\u00fccherei mit Lampen zu durchst\u00f6bern, eine Anmeldung ist nicht erforderlich. Das Besondere daran? Bei dieser besonderen Ausleihe werden die Lichter ausgeschaltet und die Bibliothek kann mit selbst mitgebrachten Taschenlampen oder Stirnlampen im Dunkeln erkundet werden. Eine kleine B\u00fccherausstellung mit Kindermedien zum Thema \u201eNacht\u201c macht Lust auf das Entdecken der dunklen Tageszeit.<br \/>\n<strong>Diese und andere Medien k\u00f6nnen wie gewohnt ausgeliehen werden \u2013 allerdings ebenfalls im Dunkeln. Selbstverst\u00e4ndlich sind auch alle Erwachsenen, die Lust auf ein kleines Abenteuer haben, herzlich willkommen.<\/strong><\/p>\n<h3><span style=\"color: #0000ff;\"><strong>Autorenlesung mit Kurt Tallert &#8211; 22. November<\/strong><\/span><\/h3>\n<h3><img loading=\"lazy\" decoding=\"async\" class=\"wp-image-5071 alignleft\" src=\"https:\/\/gemeindebuechereikastl.de\/wp-content\/uploads\/2024\/09\/Kurt-Tallert-rechts-804x1206.jpg\" alt=\"\" width=\"208\" height=\"312\" srcset=\"https:\/\/gemeindebuechereikastl.de\/wp-content\/uploads\/2024\/09\/Kurt-Tallert-rechts-804x1206.jpg 804w, https:\/\/gemeindebuechereikastl.de\/wp-content\/uploads\/2024\/09\/Kurt-Tallert-rechts-200x300.jpg 200w, https:\/\/gemeindebuechereikastl.de\/wp-content\/uploads\/2024\/09\/Kurt-Tallert-rechts-768x1152.jpg 768w, https:\/\/gemeindebuechereikastl.de\/wp-content\/uploads\/2024\/09\/Kurt-Tallert-rechts-1024x1536.jpg 1024w, https:\/\/gemeindebuechereikastl.de\/wp-content\/uploads\/2024\/09\/Kurt-Tallert-rechts-1365x2048.jpg 1365w, https:\/\/gemeindebuechereikastl.de\/wp-content\/uploads\/2024\/09\/Kurt-Tallert-rechts-750x1125.jpg 750w, https:\/\/gemeindebuechereikastl.de\/wp-content\/uploads\/2024\/09\/Kurt-Tallert-rechts-scaled.jpg 1707w\" sizes=\"auto, (max-width: 208px) 100vw, 208px\" \/><\/h3>\n<p>Der letzte H\u00f6hepunkt im Veranstaltungsreigen zum B\u00fcchereijubil\u00e4um ist eine Lesung mit dem Auto Kurt Tallert am 22. November um 19.30 Uhr im Obergeschoss der B\u00fccherei. Er liest aus Seinem Buch \u201eSpur und Abweg\u201c. Wie ist es, als Sohn eines von den Nazis verfolgten Vaters zwischen den Enkeln von T\u00e4tern aufzuwachsen? In <b>\u203aSpur und Abweg\u2039 <\/b>stellt Kurt Tallert sich der Verfolgungsgeschichte seiner Familie. Das Besondere an seinem Schicksal und seiner Perspektive auf die deutsche Geschichte: Kurt Tallert ist heute 37 Jahre alt, und doch wurde sein Vater als junger Mann noch von den Nazis als \u00bbHalbjude\u00ab verfolgt. Harry Tallert ist bei der Geburt seines Sohnes 58 Jahre alt und stirbt zw\u00f6lf Jahre sp\u00e4ter.<br \/>\nIn \u203aSpur und Abweg\u2039 trifft Vergangenheit auf Gegenwart, <img loading=\"lazy\" decoding=\"async\" class=\"wp-image-4951 alignright\" src=\"https:\/\/gemeindebuechereikastl.de\/wp-content\/uploads\/2024\/07\/Cover_Tallert_Spur-und-Abweg_3D-796x1206.jpg\" alt=\"\" width=\"113\" height=\"171\" srcset=\"https:\/\/gemeindebuechereikastl.de\/wp-content\/uploads\/2024\/07\/Cover_Tallert_Spur-und-Abweg_3D-796x1206.jpg 796w, https:\/\/gemeindebuechereikastl.de\/wp-content\/uploads\/2024\/07\/Cover_Tallert_Spur-und-Abweg_3D-198x300.jpg 198w, https:\/\/gemeindebuechereikastl.de\/wp-content\/uploads\/2024\/07\/Cover_Tallert_Spur-und-Abweg_3D-768x1163.jpg 768w, https:\/\/gemeindebuechereikastl.de\/wp-content\/uploads\/2024\/07\/Cover_Tallert_Spur-und-Abweg_3D-1014x1536.jpg 1014w, https:\/\/gemeindebuechereikastl.de\/wp-content\/uploads\/2024\/07\/Cover_Tallert_Spur-und-Abweg_3D-1352x2048.jpg 1352w, https:\/\/gemeindebuechereikastl.de\/wp-content\/uploads\/2024\/07\/Cover_Tallert_Spur-und-Abweg_3D-750x1136.jpg 750w, https:\/\/gemeindebuechereikastl.de\/wp-content\/uploads\/2024\/07\/Cover_Tallert_Spur-und-Abweg_3D.jpg 1475w\" sizes=\"auto, (max-width: 113px) 100vw, 113px\" \/>\u00dcberliefertes auf Verdr\u00e4ngtes, Erlebtes auf Erinnertes, erz\u00e4hlt Kurt Tallert in unverwechselbarem Ton die Geschichte seines Vaters \u2013 und seine eigene. Ein unvergessliches Deb\u00fct und ein St\u00fcck Gegenwarts- literatur, in dem die Scherben eines Lebens zu einem Spiegel der Gesellschaft zusammengelegt werden.<\/p>\n<p>Diese Lesung findet unter dem Motto <b>\u201eB\u00fcchereien lesen gegen das Vergessen\u201c<\/b> statt. Das Buch \u201e<b>SPUR und ABWEG<\/b>\u201c von Kurt Tallert, gibt es bei uns in der Gemeindeb\u00fccherei zum Entleihen.<\/p>\n<h4 style=\"text-align: center;\"><span style=\"color: #800000;\"><b>Der Eintritt zur Lesung ist frei &#8211; Spenden erw\u00fcnscht!<\/b><\/span><\/h4>\n<p style=\"text-align: center;\">&#8212;&#8212;&#8212;&#8212;&#8212;&#8212;&#8212;&#8212;&#8212;&#8212;&#8212;&#8212;&#8212;&#8212;&#8212;&#8212;&#8212;&#8212;&#8212;&#8212;&#8212;&#8212;&#8212;&#8212;&#8212;&#8212;&#8212;&#8212;&#8212;&#8212;&#8212;&#8212;&#8212;&#8212;-<\/p>\n<p style=\"text-align: center;\"><span style=\"color: #0000ff;\"><strong>Aber nicht nur zu den Veranstaltungen ist die Gemeindeb\u00fccherei Kastl einen Besuch wert, denn sie ist alles andere als langweilig und spie\u00dfig, sondern ei<\/strong><\/span><span style=\"color: #0000ff;\"><strong><img loading=\"lazy\" decoding=\"async\" class=\"wp-image-5070 alignleft\" src=\"https:\/\/gemeindebuechereikastl.de\/wp-content\/uploads\/2024\/09\/Besuch-Clown-1603x1134.jpg\" alt=\"\" width=\"315\" height=\"223\" srcset=\"https:\/\/gemeindebuechereikastl.de\/wp-content\/uploads\/2024\/09\/Besuch-Clown-1603x1134.jpg 1603w, https:\/\/gemeindebuechereikastl.de\/wp-content\/uploads\/2024\/09\/Besuch-Clown-300x212.jpg 300w, https:\/\/gemeindebuechereikastl.de\/wp-content\/uploads\/2024\/09\/Besuch-Clown-768x543.jpg 768w, https:\/\/gemeindebuechereikastl.de\/wp-content\/uploads\/2024\/09\/Besuch-Clown-1536x1087.jpg 1536w, https:\/\/gemeindebuechereikastl.de\/wp-content\/uploads\/2024\/09\/Besuch-Clown-2048x1449.jpg 2048w, https:\/\/gemeindebuechereikastl.de\/wp-content\/uploads\/2024\/09\/Besuch-Clown-750x531.jpg 750w\" sizes=\"auto, (max-width: 315px) 100vw, 315px\" \/><\/strong><\/span><span style=\"color: #0000ff;\"><strong>n faszinierender und unterhaltsamer Ort f\u00fcr alle Menschen und aller Altersgruppen. Mit ihrem gro\u00dfen aktuellen und interessanten Angebot von 9.500 B\u00fcchern und Medien, bietet sie mehr als nur B\u00fccher f\u00fcr die Ausleihe an, sondern es k\u00f6nnen auch H\u00f6rb\u00fccher f\u00fcr Kinder und Erwachsene, DVDs, Spiele, Zeitschriften, Tonies und seit kurzem auch Mangas entliehen werden. Ebenfalls besteht die M\u00f6glichkeit der E-Book Ausleihe, 24 Stunden am Tag das ganze Jahre hindurch f\u00fcr alle Leser der Kastler B\u00fccherei!<\/strong><\/span><\/p>\n","protected":false},"excerpt":{"rendered":"<p>Nach Auftakt mit dem Jubil\u00e4umsr\u00e4tsel, geht es jetzt weiter mit interessanten und kunterbuntem Programm im Rahmen \u2013 50 Jahre Gemeindeb\u00fccherei Kastl &#8211;\u00a0 \u00a0Start des Jubil\u00e4umsherbstes mit vielf\u00e4ltigen Aktionen und Veranstaltungen f\u00fcr alle Altersgruppen Doctor D\u00f6blingers geschmackvolles Kasperltheater &#8211; 5. Oktober Vor dem Tag der offenen T\u00fcr\u00a0 geht es los mit &#8222;Doctor D\u00f6blingers geschmackvolles Kasperltheater&#8220; das &hellip; <\/p>\n<p><a class=\"more-link btn\" href=\"https:\/\/gemeindebuechereikastl.de\/?p=5063\">Weiterlesen<\/a><\/p>\n","protected":false},"author":1,"featured_media":5065,"comment_status":"closed","ping_status":"closed","sticky":false,"template":"","format":"standard","meta":{"footnotes":""},"categories":[1],"tags":[485,386,599,620,189,126,88,452],"class_list":["post-5063","post","type-post","status-publish","format-standard","has-post-thumbnail","hentry","category-team","tag-aktionen","tag-autorenlesung","tag-doctor-doeblingers-geschmackvolles-kasperltheater","tag-dunkelausleihe","tag-jubilaeum","tag-kasperltheater","tag-tag-der-offenen-tuer","tag-veranstaltungen","item-wrap"],"_links":{"self":[{"href":"https:\/\/gemeindebuechereikastl.de\/index.php?rest_route=\/wp\/v2\/posts\/5063","targetHints":{"allow":["GET"]}}],"collection":[{"href":"https:\/\/gemeindebuechereikastl.de\/index.php?rest_route=\/wp\/v2\/posts"}],"about":[{"href":"https:\/\/gemeindebuechereikastl.de\/index.php?rest_route=\/wp\/v2\/types\/post"}],"author":[{"embeddable":true,"href":"https:\/\/gemeindebuechereikastl.de\/index.php?rest_route=\/wp\/v2\/users\/1"}],"replies":[{"embeddable":true,"href":"https:\/\/gemeindebuechereikastl.de\/index.php?rest_route=%2Fwp%2Fv2%2Fcomments&post=5063"}],"version-history":[{"count":13,"href":"https:\/\/gemeindebuechereikastl.de\/index.php?rest_route=\/wp\/v2\/posts\/5063\/revisions"}],"predecessor-version":[{"id":5090,"href":"https:\/\/gemeindebuechereikastl.de\/index.php?rest_route=\/wp\/v2\/posts\/5063\/revisions\/5090"}],"wp:featuredmedia":[{"embeddable":true,"href":"https:\/\/gemeindebuechereikastl.de\/index.php?rest_route=\/wp\/v2\/media\/5065"}],"wp:attachment":[{"href":"https:\/\/gemeindebuechereikastl.de\/index.php?rest_route=%2Fwp%2Fv2%2Fmedia&parent=5063"}],"wp:term":[{"taxonomy":"category","embeddable":true,"href":"https:\/\/gemeindebuechereikastl.de\/index.php?rest_route=%2Fwp%2Fv2%2Fcategories&post=5063"},{"taxonomy":"post_tag","embeddable":true,"href":"https:\/\/gemeindebuechereikastl.de\/index.php?rest_route=%2Fwp%2Fv2%2Ftags&post=5063"}],"curies":[{"name":"wp","href":"https:\/\/api.w.org\/{rel}","templated":true}]}}