{"id":5083,"date":"2024-09-16T11:28:01","date_gmt":"2024-09-16T11:28:01","guid":{"rendered":"https:\/\/gemeindebuechereikastl.de\/?p=5083"},"modified":"2024-09-16T11:29:22","modified_gmt":"2024-09-16T11:29:22","slug":"kreative-schreibwerkstatt-in-der-buecherei-fuer-kinder-im-rahmen-des-ferienprogrammes","status":"publish","type":"post","link":"https:\/\/gemeindebuechereikastl.de\/?p=5083","title":{"rendered":"Kreative Schreibwerkstatt in der B\u00fccherei f\u00fcr Kinder im Rahmen des Ferienprogrammes"},"content":{"rendered":"<h2 style=\"text-align: center;\"><span style=\"color: #ff6600;\"><strong>W\u00f6rterzauber in der Gemeindeb\u00fccherei Kastl im Rahmen der <\/strong><strong>Kreativen Schreibwerkstatt f\u00fcr Kinder<\/strong><\/span><\/h2>\n<p style=\"text-align: center;\">Inmitten eines bunten Kreises aus farbenfrohen Papierst\u00f6\u00dfen, Stiften und Postkarten begann der Workshop mit ein paar einfachen, aber wirkungsvollen Tipps zum kreativen Schreiben: Wie \u201eNicht nachdenken! &#8211; Nichts ausbessern! &#8211; Immer weiterschreiben\u201c (bis zum Weckruf des Weckers)!<\/p>\n<p><img loading=\"lazy\" decoding=\"async\" class=\"aligncenter wp-image-5085 \" src=\"https:\/\/gemeindebuechereikastl.de\/wp-content\/uploads\/2024\/09\/Schreibwerkstatt-1603x1202.jpg\" alt=\"\" width=\"707\" height=\"530\" srcset=\"https:\/\/gemeindebuechereikastl.de\/wp-content\/uploads\/2024\/09\/Schreibwerkstatt-1603x1202.jpg 1603w, https:\/\/gemeindebuechereikastl.de\/wp-content\/uploads\/2024\/09\/Schreibwerkstatt-300x225.jpg 300w, https:\/\/gemeindebuechereikastl.de\/wp-content\/uploads\/2024\/09\/Schreibwerkstatt-768x576.jpg 768w, https:\/\/gemeindebuechereikastl.de\/wp-content\/uploads\/2024\/09\/Schreibwerkstatt-1536x1152.jpg 1536w, https:\/\/gemeindebuechereikastl.de\/wp-content\/uploads\/2024\/09\/Schreibwerkstatt-2048x1536.jpg 2048w, https:\/\/gemeindebuechereikastl.de\/wp-content\/uploads\/2024\/09\/Schreibwerkstatt-750x563.jpg 750w\" sizes=\"auto, (max-width: 707px) 100vw, 707px\" \/>Nach dieser Einf\u00fchrung startete auch schon die erste \u00dcbung. Jedes M\u00e4dchen w\u00e4hlte eine Postkarte aus und notierte drei interessante W\u00f6rter f\u00fcr die Nachbarin. Diese &#8222;geschenkten&#8220; Worte dienten als Grundlage f\u00fcr einen kurzen Text, der in nur f\u00fcnf Minuten entstehen sollte. Bereits nach dieser Aufw\u00e4rm\u00fcbung gab es gro\u00dfes Staunen, als die ersten kreativen Geschichten vorgelesen wurden.<\/p>\n<p>Da der Tag hei\u00df war, f\u00fchrte die n\u00e4chste \u00dcbung die jungen Schreiberinnen gedanklich ins Wasser. Unter dem Titel &#8222;Unter Wasser&#8220; entstanden fantasievolle Szenen, in denen die Kinder sich frei im Wasser bewegten, mit Fischen schwammen und sogar ein riesiges, bedrohliches Fischmaul auf sie zukam \u2013 doch die Geschichte endete abrupt, bevor das Unget\u00fcm zuschnappen konnte. F\u00fcr ganze zehn Minuten tauchten die M\u00e4dchen in diese kreative Unterwasserwelt ein und lie\u00dfen ihrer Fantasie freien Lauf.<img loading=\"lazy\" decoding=\"async\" class=\"alignright wp-image-5086 \" src=\"https:\/\/gemeindebuechereikastl.de\/wp-content\/uploads\/2024\/09\/20240907_100438-1603x1202.jpg\" alt=\"\" width=\"484\" height=\"363\" srcset=\"https:\/\/gemeindebuechereikastl.de\/wp-content\/uploads\/2024\/09\/20240907_100438-1603x1202.jpg 1603w, https:\/\/gemeindebuechereikastl.de\/wp-content\/uploads\/2024\/09\/20240907_100438-300x225.jpg 300w, https:\/\/gemeindebuechereikastl.de\/wp-content\/uploads\/2024\/09\/20240907_100438-768x576.jpg 768w, https:\/\/gemeindebuechereikastl.de\/wp-content\/uploads\/2024\/09\/20240907_100438-1536x1152.jpg 1536w, https:\/\/gemeindebuechereikastl.de\/wp-content\/uploads\/2024\/09\/20240907_100438-2048x1536.jpg 2048w, https:\/\/gemeindebuechereikastl.de\/wp-content\/uploads\/2024\/09\/20240907_100438-750x563.jpg 750w\" sizes=\"auto, (max-width: 484px) 100vw, 484px\" \/><\/p>\n<p>In einer weiteren Schreibaufgabe suchten die Teilnehmerinnen nach einem passenden Anfang f\u00fcr bereits geschriebene Geschichtenenden oder setzten ihre ersten Ideen weiter fort. Immer wieder wurde vorgelesen und gestaunt, wie unterschiedlich die Ideen und Texte der Kinder waren. Einige malten sogar Schatzkarten oder Comics zu ihren Geschichten.<\/p>\n<p>Zum Abschluss der Schreibwerkstatt gab es eine besondere Herausforderung: Gemeinsam schrieben die Kinder parallel sieben Geschichten, in denen zwei M\u00e4rchenfiguren \u2013 wie Dornr\u00f6schen und der gestiefelte Kater \u2013 ein merkw\u00fcrdiges Zusammentreffen erlebten. Mit viel Humor und Fantasie entstanden dabei Geschichten, in denen die M\u00e4rchenfiguren nicht nur in einer Drogerie einkaufen gingen, sondern sogar \u00fcberlegten, ob sie eine Bank ausrauben sollten \u2013 gl\u00fccklicherweise ohne gef\u00e4hrliche Konsequenzen.<\/p>\n<p><strong>Die Schreibwerkstatt &#8222;W\u00d6RTERZAUBER&#8220; war ein voller Erfolg \u2013 und vielleicht der Beginn vieler weiterer kreativer Treffen in der Kastler Gemeindeb\u00fccherei.<\/strong><\/p>\n","protected":false},"excerpt":{"rendered":"<p>W\u00f6rterzauber in der Gemeindeb\u00fccherei Kastl im Rahmen der Kreativen Schreibwerkstatt f\u00fcr Kinder Inmitten eines bunten Kreises aus farbenfrohen Papierst\u00f6\u00dfen, Stiften und Postkarten begann der Workshop mit ein paar einfachen, aber wirkungsvollen Tipps zum kreativen Schreiben: Wie \u201eNicht nachdenken! &#8211; Nichts ausbessern! &#8211; Immer weiterschreiben\u201c (bis zum Weckruf des Weckers)! Nach dieser Einf\u00fchrung startete auch schon &hellip; <\/p>\n<p><a class=\"more-link btn\" href=\"https:\/\/gemeindebuechereikastl.de\/?p=5083\">Weiterlesen<\/a><\/p>\n","protected":false},"author":1,"featured_media":5085,"comment_status":"closed","ping_status":"closed","sticky":false,"template":"","format":"standard","meta":{"footnotes":""},"categories":[5],"tags":[249,253,621,623,622],"class_list":["post-5083","post","type-post","status-publish","format-standard","has-post-thumbnail","hentry","category-news","tag-ferienprogram","tag-gemeindebuecherei-kastl","tag-schreibwerkstatt","tag-woerter","tag-woerterzauber","item-wrap"],"_links":{"self":[{"href":"https:\/\/gemeindebuechereikastl.de\/index.php?rest_route=\/wp\/v2\/posts\/5083","targetHints":{"allow":["GET"]}}],"collection":[{"href":"https:\/\/gemeindebuechereikastl.de\/index.php?rest_route=\/wp\/v2\/posts"}],"about":[{"href":"https:\/\/gemeindebuechereikastl.de\/index.php?rest_route=\/wp\/v2\/types\/post"}],"author":[{"embeddable":true,"href":"https:\/\/gemeindebuechereikastl.de\/index.php?rest_route=\/wp\/v2\/users\/1"}],"replies":[{"embeddable":true,"href":"https:\/\/gemeindebuechereikastl.de\/index.php?rest_route=%2Fwp%2Fv2%2Fcomments&post=5083"}],"version-history":[{"count":3,"href":"https:\/\/gemeindebuechereikastl.de\/index.php?rest_route=\/wp\/v2\/posts\/5083\/revisions"}],"predecessor-version":[{"id":5089,"href":"https:\/\/gemeindebuechereikastl.de\/index.php?rest_route=\/wp\/v2\/posts\/5083\/revisions\/5089"}],"wp:featuredmedia":[{"embeddable":true,"href":"https:\/\/gemeindebuechereikastl.de\/index.php?rest_route=\/wp\/v2\/media\/5085"}],"wp:attachment":[{"href":"https:\/\/gemeindebuechereikastl.de\/index.php?rest_route=%2Fwp%2Fv2%2Fmedia&parent=5083"}],"wp:term":[{"taxonomy":"category","embeddable":true,"href":"https:\/\/gemeindebuechereikastl.de\/index.php?rest_route=%2Fwp%2Fv2%2Fcategories&post=5083"},{"taxonomy":"post_tag","embeddable":true,"href":"https:\/\/gemeindebuechereikastl.de\/index.php?rest_route=%2Fwp%2Fv2%2Ftags&post=5083"}],"curies":[{"name":"wp","href":"https:\/\/api.w.org\/{rel}","templated":true}]}}