{"id":509,"date":"2018-05-15T12:36:49","date_gmt":"2018-05-15T12:36:49","guid":{"rendered":"http:\/\/gemeindebuechereikastl.de\/?p=509"},"modified":"2018-05-15T13:07:58","modified_gmt":"2018-05-15T13:07:58","slug":"hexen-und-zauberer-treff","status":"publish","type":"post","link":"https:\/\/gemeindebuechereikastl.de\/?p=509","title":{"rendered":"Hexen und Zauberer Treff"},"content":{"rendered":"<h2 style=\"text-align: center;\"><span style=\"color: #ff9900;\">Freitag, 31. 8. bis Sonntag, 2.9.\u00a0 ~ Gro\u00dfer Hexen und Zaubertreff f\u00fcr Kinder von 8 bis 13 Jahren<span style=\"color: #ff9900;\"><img loading=\"lazy\" decoding=\"async\" class=\"wp-image-518 aligncenter\" src=\"https:\/\/gemeindebuechereikastl.de\/wp-content\/uploads\/2018\/05\/zauberer.jpg\" alt=\"\" width=\"647\" height=\"339\" srcset=\"https:\/\/gemeindebuechereikastl.de\/wp-content\/uploads\/2018\/05\/zauberer.jpg 1045w, https:\/\/gemeindebuechereikastl.de\/wp-content\/uploads\/2018\/05\/zauberer-300x157.jpg 300w, https:\/\/gemeindebuechereikastl.de\/wp-content\/uploads\/2018\/05\/zauberer-768x403.jpg 768w, https:\/\/gemeindebuechereikastl.de\/wp-content\/uploads\/2018\/05\/zauberer-1024x537.jpg 1024w\" sizes=\"auto, (max-width: 647px) 100vw, 647px\" \/><\/span><\/span><\/h2>\n<p><span style=\"font-family: 'Times New Roman',serif; font-size: 12pt;\"><span style=\"color: #000000;\">Preu\u00dflers kleine Hexe, Harry Potter und viele andere magische Gestalten sind bezaubernde Figuren des Kinderbuchregals. Ein Wochenende lang sollen all diese Figuren vom Staub der Buchdeckel befreit und zum Leben erweckt werden. Vielleicht werden magische Getr\u00e4nke gebraut, Fr\u00f6sche verwandelt und der Zauber der Natur entdeckt. Vielleicht wird der Blocksberg erstiegen oder ums Feuer getanzt. F\u00fcr all das ist Zeit und Raum in der Steinwaldh\u00fctte bei Weiden. Wir, Magdalena Kraft, Helga Pirner, Hermann Sehr, Kathrin und Sebastian Fuchs, freuen uns auf ein phantasievolles, zauberhaftes Wochenende mit Euch!<img loading=\"lazy\" decoding=\"async\" class=\" wp-image-511 alignright\" src=\"https:\/\/gemeindebuechereikastl.de\/wp-content\/uploads\/2018\/05\/steinwaldhuette.jpg\" alt=\"\" width=\"459\" height=\"228\" srcset=\"https:\/\/gemeindebuechereikastl.de\/wp-content\/uploads\/2018\/05\/steinwaldhuette.jpg 758w, https:\/\/gemeindebuechereikastl.de\/wp-content\/uploads\/2018\/05\/steinwaldhuette-300x149.jpg 300w\" sizes=\"auto, (max-width: 459px) 100vw, 459px\" \/><\/span><\/span><\/p>\n<p><span style=\"color: #3366ff;\"><b>* Der <\/b><b>PREIS <\/b><b>betr\u00e4gt <\/b><b>50,00 Euro pro Hexe oder Zauberer<\/b><\/span><\/p>\n<p><span style=\"color: #3366ff;\"><b><\/b><b>* Die <\/b><b>ANMELDUNG<\/b><b> bis <\/b><b>15. August <\/b><b>bei Kathrin Fuchs<\/b><b>,<\/b> <b>Tel. 09625\/<\/b><b>9092080<\/b><b> oder per Mail unter <\/b><b>kathrin.fuchs@outlook.de<\/b><\/span><\/p>\n<p><span style=\"color: #3366ff;\"><b><\/b><b>* <\/b><b>TREFFPUNKT<\/b><b>: <\/b><b>Freitag <\/b><b>31. August, um 16:00 Uhr <\/b><b>am Marktplatz<\/b><\/span><\/p>\n<p><span style=\"color: #3366ff;\"><b><\/b><b>* <\/b><b>Mitzubringen sind: <\/b><b>Schlafsack, festes Schuhwerk, Waschsachen,\u00a0 Schlafanzug, Hausschuhe und Zauberstab <\/b><\/span><\/p>\n<p><b>\u00a0<\/b><\/p>\n<p>&nbsp;<\/p>\n<p>&nbsp;<\/p>\n","protected":false},"excerpt":{"rendered":"<p>Freitag, 31. 8. bis Sonntag, 2.9.\u00a0 ~ Gro\u00dfer Hexen und Zaubertreff f\u00fcr Kinder von 8 bis 13 Jahren Preu\u00dflers kleine Hexe, Harry Potter und viele andere magische Gestalten sind bezaubernde Figuren des Kinderbuchregals. Ein Wochenende lang sollen all diese Figuren vom Staub der Buchdeckel befreit und zum Leben erweckt werden. Vielleicht werden magische Getr\u00e4nke gebraut, &hellip; <\/p>\n<p><a class=\"more-link btn\" href=\"https:\/\/gemeindebuechereikastl.de\/?p=509\">Weiterlesen<\/a><\/p>\n","protected":false},"author":1,"featured_media":518,"comment_status":"closed","ping_status":"closed","sticky":false,"template":"","format":"standard","meta":{"footnotes":""},"categories":[5],"tags":[43,47,46,45,44],"class_list":["post-509","post","type-post","status-publish","format-standard","has-post-thumbnail","hentry","category-news","tag-hexen","tag-treff","tag-treffen","tag-wochenende","tag-zauberer","item-wrap"],"_links":{"self":[{"href":"https:\/\/gemeindebuechereikastl.de\/index.php?rest_route=\/wp\/v2\/posts\/509","targetHints":{"allow":["GET"]}}],"collection":[{"href":"https:\/\/gemeindebuechereikastl.de\/index.php?rest_route=\/wp\/v2\/posts"}],"about":[{"href":"https:\/\/gemeindebuechereikastl.de\/index.php?rest_route=\/wp\/v2\/types\/post"}],"author":[{"embeddable":true,"href":"https:\/\/gemeindebuechereikastl.de\/index.php?rest_route=\/wp\/v2\/users\/1"}],"replies":[{"embeddable":true,"href":"https:\/\/gemeindebuechereikastl.de\/index.php?rest_route=%2Fwp%2Fv2%2Fcomments&post=509"}],"version-history":[{"count":9,"href":"https:\/\/gemeindebuechereikastl.de\/index.php?rest_route=\/wp\/v2\/posts\/509\/revisions"}],"predecessor-version":[{"id":522,"href":"https:\/\/gemeindebuechereikastl.de\/index.php?rest_route=\/wp\/v2\/posts\/509\/revisions\/522"}],"wp:featuredmedia":[{"embeddable":true,"href":"https:\/\/gemeindebuechereikastl.de\/index.php?rest_route=\/wp\/v2\/media\/518"}],"wp:attachment":[{"href":"https:\/\/gemeindebuechereikastl.de\/index.php?rest_route=%2Fwp%2Fv2%2Fmedia&parent=509"}],"wp:term":[{"taxonomy":"category","embeddable":true,"href":"https:\/\/gemeindebuechereikastl.de\/index.php?rest_route=%2Fwp%2Fv2%2Fcategories&post=509"},{"taxonomy":"post_tag","embeddable":true,"href":"https:\/\/gemeindebuechereikastl.de\/index.php?rest_route=%2Fwp%2Fv2%2Ftags&post=509"}],"curies":[{"name":"wp","href":"https:\/\/api.w.org\/{rel}","templated":true}]}}