{"id":5114,"date":"2024-09-27T15:01:40","date_gmt":"2024-09-27T15:01:40","guid":{"rendered":"https:\/\/gemeindebuechereikastl.de\/?p=5114"},"modified":"2024-09-27T15:17:29","modified_gmt":"2024-09-27T15:17:29","slug":"der-herbst-bringt-frischen-lesestoff-willkommen-in-der-gemeindebuecherei-kastl","status":"publish","type":"post","link":"https:\/\/gemeindebuechereikastl.de\/?p=5114","title":{"rendered":"Der Herbst bringt frischen Lesestoff \u2013 Willkommen in der Gemeindeb\u00fccherei Kastl zum Tag der offenen T\u00fcr!"},"content":{"rendered":"<h2 style=\"text-align: center;\"><strong><span style=\"color: #ff6600;\">Tag der offenen T\u00fcr &#8211; Sonntag, 6. Oktober von\u00a0 <\/span><\/strong><strong><span style=\"color: #ff6600;\">13.00 &#8211; 17.00 Uhr und ca. 300 neuen B\u00fcchern<\/span> <span style=\"color: #ff6600;\">und Medien &#8211; <\/span><\/strong><strong><span style=\"color: #ff6600;\">15.00 Uhr Ziehung der\u00a0 Gewinner des Jubil\u00e4umsr\u00e4tsels<\/span><\/strong><\/h2>\n<h2 style=\"text-align: center;\"><strong><span style=\"color: #ff6600;\"><img loading=\"lazy\" decoding=\"async\" class=\"wp-image-5070 alignnone\" src=\"https:\/\/gemeindebuechereikastl.de\/wp-content\/uploads\/2024\/09\/Besuch-Clown-1603x1134.jpg\" alt=\"\" width=\"670\" height=\"474\" srcset=\"https:\/\/gemeindebuechereikastl.de\/wp-content\/uploads\/2024\/09\/Besuch-Clown-1603x1134.jpg 1603w, https:\/\/gemeindebuechereikastl.de\/wp-content\/uploads\/2024\/09\/Besuch-Clown-300x212.jpg 300w, https:\/\/gemeindebuechereikastl.de\/wp-content\/uploads\/2024\/09\/Besuch-Clown-768x543.jpg 768w, https:\/\/gemeindebuechereikastl.de\/wp-content\/uploads\/2024\/09\/Besuch-Clown-1536x1087.jpg 1536w, https:\/\/gemeindebuechereikastl.de\/wp-content\/uploads\/2024\/09\/Besuch-Clown-2048x1449.jpg 2048w, https:\/\/gemeindebuechereikastl.de\/wp-content\/uploads\/2024\/09\/Besuch-Clown-750x531.jpg 750w\" sizes=\"auto, (max-width: 670px) 100vw, 670px\" \/><\/span><\/strong><\/h2>\n<p>Am Sonntag, den 6. Oktober, laden wir zum \u201eTag der offenen T\u00fcr\u201c ein und pr\u00e4sentieren die neuesten B\u00fccher und Medien. Von 13:00 bis 17:00 Uhr k\u00f6nnt ihr unser umfangreiches Angebot durchst\u00f6bern \u2013 f\u00fcr jeden ist etwas dabei! <span style=\"color: #800000;\"><strong>Die Ausleihzeit am Vormittag entf\u00e4llt!<\/strong><\/span><\/p>\n<p>Das B\u00fccherei-Team arbeitet mit vollem Einsatz daran, alle neuen Titel p\u00fcnktlich zur Ausleihe bereitzustellen. Die rund 300 neuen B\u00fccher und Medien k\u00f6nnen dann beim \u201eTag der offenen T\u00fcr\u201c ab 16.30 entliehen werden oder zu den kommenden \u00d6ffnungszeiten der B\u00fccherei.<br \/>\n<img loading=\"lazy\" decoding=\"async\" class=\"alignright wp-image-5115 \" src=\"https:\/\/gemeindebuechereikastl.de\/wp-content\/uploads\/2024\/09\/neue-Buecher-2024-1603x1198.jpg\" alt=\"\" width=\"333\" height=\"248\" srcset=\"https:\/\/gemeindebuechereikastl.de\/wp-content\/uploads\/2024\/09\/neue-Buecher-2024-1603x1198.jpg 1603w, https:\/\/gemeindebuechereikastl.de\/wp-content\/uploads\/2024\/09\/neue-Buecher-2024-300x224.jpg 300w, https:\/\/gemeindebuechereikastl.de\/wp-content\/uploads\/2024\/09\/neue-Buecher-2024-768x574.jpg 768w, https:\/\/gemeindebuechereikastl.de\/wp-content\/uploads\/2024\/09\/neue-Buecher-2024-1536x1148.jpg 1536w, https:\/\/gemeindebuechereikastl.de\/wp-content\/uploads\/2024\/09\/neue-Buecher-2024-2048x1531.jpg 2048w, https:\/\/gemeindebuechereikastl.de\/wp-content\/uploads\/2024\/09\/neue-Buecher-2024-750x561.jpg 750w\" sizes=\"auto, (max-width: 333px) 100vw, 333px\" \/><br \/>\nWer bereits im Vorfeld wissen m\u00f6chte was f\u00fcr B\u00fccher und Medien sich in den Kartons verbergen, kann diese in unserem <strong>\u00a0<a href=\"https:\/\/iopac.gemeindebuechereikastl.de\/iopac\/\">ONLINE-KATALOG<\/a><\/strong> unter der Rubrick <strong><a href=\"https:\/\/iopac.gemeindebuechereikastl.de\/iopac\/\">&#8222;Neue Titel<\/a>\u201c<\/strong> aufsp\u00fcren. Au\u00dferdem k\u00f6nnt ihr in unserem <strong><a href=\"https:\/\/iopac.gemeindebuechereikastl.de\/iopac\/\">ONLINE-KATALOG<\/a><\/strong> nat\u00fcrlich auch in unserem gesamten <span style=\"color: #800000;\"><strong>Buch-, Medien- und Onlineangebot<\/strong><\/span> st\u00f6beren.<\/p>\n<p>Freut euch auf eine vielf\u00e4ltige Auswahlmit den Neuen: Von Bilderb\u00fcchern f\u00fcr die Kleinsten ab 2 Jahren \u00fcber spannende Erstleser-, Kinder- und Jugendb\u00fccher bis hin zu aktuellen Romanen und Sachb\u00fcchern f\u00fcr Kinder und Erwachsene ist alles dabei. Besonders gefragt sind die erweiterten Serien bei den Kinder- und Erstleseb\u00fcchern \u2013 und nat\u00fcrlich d\u00fcrfen auch die neuesten Bestseller f\u00fcr alle Romanliebhaber nicht fehlen! <img loading=\"lazy\" decoding=\"async\" class=\"wp-image-4304 alignleft\" src=\"https:\/\/gemeindebuechereikastl.de\/wp-content\/uploads\/2023\/10\/Kuchen-1603x1032.jpg\" alt=\"\" width=\"309\" height=\"199\" srcset=\"https:\/\/gemeindebuechereikastl.de\/wp-content\/uploads\/2023\/10\/Kuchen-1603x1032.jpg 1603w, https:\/\/gemeindebuechereikastl.de\/wp-content\/uploads\/2023\/10\/Kuchen-300x193.jpg 300w, https:\/\/gemeindebuechereikastl.de\/wp-content\/uploads\/2023\/10\/Kuchen-768x494.jpg 768w, https:\/\/gemeindebuechereikastl.de\/wp-content\/uploads\/2023\/10\/Kuchen-1536x988.jpg 1536w, https:\/\/gemeindebuechereikastl.de\/wp-content\/uploads\/2023\/10\/Kuchen-2048x1318.jpg 2048w, https:\/\/gemeindebuechereikastl.de\/wp-content\/uploads\/2023\/10\/Kuchen-750x483.jpg 750w\" sizes=\"auto, (max-width: 309px) 100vw, 309px\" \/>Auch neue Nichtbuch-Medien sind dabei: H\u00f6rb\u00fccher, DVDs, Spiele, Tonies und ein erweitertes Manga-Sortiment f\u00fcr Fans japanischer Comics.<\/p>\n<p>Damit das St\u00f6bern noch mehr Freude macht, bieten wir euch am Tag der offenen T\u00fcr eine gem\u00fctliche Pause mit selbstgebackenem Kuchen vom Team und frischem Kaffee an \u2013 eine perfekte Gelegenheit, sich zu st\u00e4rken und in Ruhe durch die Neuheiten zu bl\u00e4ttern.<br \/>\n<img loading=\"lazy\" decoding=\"async\" class=\"alignright wp-image-5116 \" src=\"https:\/\/gemeindebuechereikastl.de\/wp-content\/uploads\/2024\/09\/Raetsel.jpg\" alt=\"\" width=\"236\" height=\"157\" srcset=\"https:\/\/gemeindebuechereikastl.de\/wp-content\/uploads\/2024\/09\/Raetsel.jpg 1280w, https:\/\/gemeindebuechereikastl.de\/wp-content\/uploads\/2024\/09\/Raetsel-300x200.jpg 300w, https:\/\/gemeindebuechereikastl.de\/wp-content\/uploads\/2024\/09\/Raetsel-768x512.jpg 768w, https:\/\/gemeindebuechereikastl.de\/wp-content\/uploads\/2024\/09\/Raetsel-750x500.jpg 750w\" sizes=\"auto, (max-width: 236px) 100vw, 236px\" \/><br \/>\n<strong>Ein besonderes Highlight erwartet euch um 15:00 Uhr, mit der Ziehung der Gewinner unseres Jubil\u00e4umsr\u00e4tsels! Die beiden j\u00fcngsten Mitglieder unseres Teams werden als Gl\u00fccksfeen fungieren und die Preise ziehen, die anschlie\u00dfend direkt \u00fcberreicht werden. Wer noch mitmachen m\u00f6chte, besteht bis Sonntag, 6. Oktober um 13:00 Uhr noch die M\u00f6glichkeit diese abzugeben.<\/strong><\/p>\n<h3 style=\"text-align: center;\"><span style=\"color: #ff6600;\">Das Team freut sich auf euren Besuch und einen spannenden B\u00fccher-Herbst!<\/span><\/h3>\n","protected":false},"excerpt":{"rendered":"<p>Tag der offenen T\u00fcr &#8211; Sonntag, 6. Oktober von\u00a0 13.00 &#8211; 17.00 Uhr und ca. 300 neuen B\u00fcchern und Medien &#8211; 15.00 Uhr Ziehung der\u00a0 Gewinner des Jubil\u00e4umsr\u00e4tsels Am Sonntag, den 6. Oktober, laden wir zum \u201eTag der offenen T\u00fcr\u201c ein und pr\u00e4sentieren die neuesten B\u00fccher und Medien. Von 13:00 bis 17:00 Uhr k\u00f6nnt ihr &hellip; <\/p>\n<p><a class=\"more-link btn\" href=\"https:\/\/gemeindebuechereikastl.de\/?p=5114\">Weiterlesen<\/a><\/p>\n","protected":false},"author":1,"featured_media":5070,"comment_status":"closed","ping_status":"closed","sticky":false,"template":"","format":"standard","meta":{"footnotes":""},"categories":[5],"tags":[626,85,86,612,88,625],"class_list":["post-5114","post","type-post","status-publish","format-standard","has-post-thumbnail","hentry","category-news","tag-gewinner","tag-neue-buecher","tag-neue-medien","tag-raetsel","tag-tag-der-offenen-tuer","tag-ziehung","item-wrap"],"_links":{"self":[{"href":"https:\/\/gemeindebuechereikastl.de\/index.php?rest_route=\/wp\/v2\/posts\/5114","targetHints":{"allow":["GET"]}}],"collection":[{"href":"https:\/\/gemeindebuechereikastl.de\/index.php?rest_route=\/wp\/v2\/posts"}],"about":[{"href":"https:\/\/gemeindebuechereikastl.de\/index.php?rest_route=\/wp\/v2\/types\/post"}],"author":[{"embeddable":true,"href":"https:\/\/gemeindebuechereikastl.de\/index.php?rest_route=\/wp\/v2\/users\/1"}],"replies":[{"embeddable":true,"href":"https:\/\/gemeindebuechereikastl.de\/index.php?rest_route=%2Fwp%2Fv2%2Fcomments&post=5114"}],"version-history":[{"count":10,"href":"https:\/\/gemeindebuechereikastl.de\/index.php?rest_route=\/wp\/v2\/posts\/5114\/revisions"}],"predecessor-version":[{"id":5126,"href":"https:\/\/gemeindebuechereikastl.de\/index.php?rest_route=\/wp\/v2\/posts\/5114\/revisions\/5126"}],"wp:featuredmedia":[{"embeddable":true,"href":"https:\/\/gemeindebuechereikastl.de\/index.php?rest_route=\/wp\/v2\/media\/5070"}],"wp:attachment":[{"href":"https:\/\/gemeindebuechereikastl.de\/index.php?rest_route=%2Fwp%2Fv2%2Fmedia&parent=5114"}],"wp:term":[{"taxonomy":"category","embeddable":true,"href":"https:\/\/gemeindebuechereikastl.de\/index.php?rest_route=%2Fwp%2Fv2%2Fcategories&post=5114"},{"taxonomy":"post_tag","embeddable":true,"href":"https:\/\/gemeindebuechereikastl.de\/index.php?rest_route=%2Fwp%2Fv2%2Ftags&post=5114"}],"curies":[{"name":"wp","href":"https:\/\/api.w.org\/{rel}","templated":true}]}}