{"id":5143,"date":"2024-10-07T15:25:37","date_gmt":"2024-10-07T15:25:37","guid":{"rendered":"https:\/\/gemeindebuechereikastl.de\/?p=5143"},"modified":"2024-10-07T15:28:11","modified_gmt":"2024-10-07T15:28:11","slug":"tag-der-offenen-tuer-in-der-gemeindebuecherei-kastl-zog-zahlreiche-besucher-an","status":"publish","type":"post","link":"https:\/\/gemeindebuechereikastl.de\/?p=5143","title":{"rendered":"Tag der offenen T\u00fcr in der Gemeindeb\u00fccherei Kastl zog zahlreiche Besucher an"},"content":{"rendered":"<h2 style=\"text-align: center;\"><span style=\"color: #ff6600;\"><strong>Viele interessierte Besucher beim &#8222;Tag der offenen T\u00fcr&#8220; mit Ziehung der Gewinner des Jubil\u00e4umsr\u00e4tsels und vielen neuen B\u00fcchern in der Gemeindeb\u00fccherei<\/strong><\/span><\/h2>\n<p>Der Herbst bringt nicht nur bunte Bl\u00e4tter, sondern auch frischen Lesestoff! Der Tag der offenen T\u00fcr in der Gemeindeb\u00fccherei Kastl war ein voller Erfolg und erfreute sich gro\u00dfer Beliebtheit bei den zahlreichen Besuchern. Trotz des herbstlichen Wetters str\u00f6mten viele B\u00fccherfreunde in die B\u00fccherei, um die umfangreiche Auswahl an neuen Medien zu entdecken und die Gelegenheit zum St\u00f6bern zu nutzen.<\/p>\n<p><img loading=\"lazy\" decoding=\"async\" class=\"aligncenter wp-image-5145 \" src=\"https:\/\/gemeindebuechereikastl.de\/wp-content\/uploads\/2024\/10\/Besucher-1603x902.jpg\" alt=\"\" width=\"705\" height=\"397\" srcset=\"https:\/\/gemeindebuechereikastl.de\/wp-content\/uploads\/2024\/10\/Besucher-1603x902.jpg 1603w, https:\/\/gemeindebuechereikastl.de\/wp-content\/uploads\/2024\/10\/Besucher-300x169.jpg 300w, https:\/\/gemeindebuechereikastl.de\/wp-content\/uploads\/2024\/10\/Besucher-768x432.jpg 768w, https:\/\/gemeindebuechereikastl.de\/wp-content\/uploads\/2024\/10\/Besucher-1536x865.jpg 1536w, https:\/\/gemeindebuechereikastl.de\/wp-content\/uploads\/2024\/10\/Besucher-2048x1153.jpg 2048w, https:\/\/gemeindebuechereikastl.de\/wp-content\/uploads\/2024\/10\/Besucher-750x422.jpg 750w\" sizes=\"auto, (max-width: 705px) 100vw, 705px\" \/><\/p>\n<p>\u00dcber 300 neue B\u00fccher und Medien im Wert von rund 5000 Euro wurden an diesem besonderen Tag der \u00d6ffentlichkeit pr\u00e4sentiert. Das B\u00fcchereiteam hatte keine M\u00fche gescheut, eine breite Palette an aktuellen Bestsellern, Kinder- und Jugendb\u00fcchern, H\u00f6rb\u00fcchern, DVDs sowie Brettspielen zusammenzustellen. Besonders die Erweiterung der Manga-Abteilung fand gro\u00dfen Anklang bei j\u00fcngeren Lesern.<img loading=\"lazy\" decoding=\"async\" class=\"wp-image-5146 alignleft\" src=\"https:\/\/gemeindebuechereikastl.de\/wp-content\/uploads\/2024\/10\/Ziehung-der-Gewinner-1603x1187.jpg\" alt=\"\" width=\"410\" height=\"304\" srcset=\"https:\/\/gemeindebuechereikastl.de\/wp-content\/uploads\/2024\/10\/Ziehung-der-Gewinner-1603x1187.jpg 1603w, https:\/\/gemeindebuechereikastl.de\/wp-content\/uploads\/2024\/10\/Ziehung-der-Gewinner-300x222.jpg 300w, https:\/\/gemeindebuechereikastl.de\/wp-content\/uploads\/2024\/10\/Ziehung-der-Gewinner-768x569.jpg 768w, https:\/\/gemeindebuechereikastl.de\/wp-content\/uploads\/2024\/10\/Ziehung-der-Gewinner-1536x1137.jpg 1536w, https:\/\/gemeindebuechereikastl.de\/wp-content\/uploads\/2024\/10\/Ziehung-der-Gewinner-2048x1516.jpg 2048w, https:\/\/gemeindebuechereikastl.de\/wp-content\/uploads\/2024\/10\/Ziehung-der-Gewinner-750x555.jpg 750w\" sizes=\"auto, (max-width: 410px) 100vw, 410px\" \/><\/p>\n<p>Ein Highlight des Tages war die Auslosung der Gewinner des Jubil\u00e4umsr\u00e4tsels. Mit viel Spannung verfolgten die Besucher die Ziehung, die von den j\u00fcngsten Mitgliedern des B\u00fcchereiteams Marie von Klenk und Nikolas Klatt durchgef\u00fchrt wurde. Zahlreiche Preise, darunter Jahreskarten f\u00fcrs Kastler Freibad, Familien-Abos f\u00fcr die B\u00fccherei, sowie Buch- und Kinogutscheine, fanden neue Besitzer.<\/p>\n<h4><a href=\"https:\/\/gemeindebuechereikastl.de\/wp-content\/uploads\/2024\/10\/Gewinner-Jubilaeumsraetsel-2024.pdf\"><strong><span style=\"color: #800000;\">\u00a0\u00a0\u00a0 Gewinner Jubil\u00e4umsr\u00e4tsel 2024<\/span><\/strong><\/a><a href=\"https:\/\/gemeindebuechereikastl.de\/wp-content\/uploads\/2024\/10\/Gewinner-Jubilaeumsraetsel-2024.pdf\"><strong><img loading=\"lazy\" decoding=\"async\" class=\"alignright wp-image-5149 \" src=\"https:\/\/gemeindebuechereikastl.de\/wp-content\/uploads\/2024\/10\/Gewinner-Jubilaeumsraetsel-2024-888x1206.jpg\" alt=\"\" width=\"183\" height=\"248\" srcset=\"https:\/\/gemeindebuechereikastl.de\/wp-content\/uploads\/2024\/10\/Gewinner-Jubilaeumsraetsel-2024-888x1206.jpg 888w, https:\/\/gemeindebuechereikastl.de\/wp-content\/uploads\/2024\/10\/Gewinner-Jubilaeumsraetsel-2024-221x300.jpg 221w, https:\/\/gemeindebuechereikastl.de\/wp-content\/uploads\/2024\/10\/Gewinner-Jubilaeumsraetsel-2024-768x1043.jpg 768w, https:\/\/gemeindebuechereikastl.de\/wp-content\/uploads\/2024\/10\/Gewinner-Jubilaeumsraetsel-2024-1131x1536.jpg 1131w, https:\/\/gemeindebuechereikastl.de\/wp-content\/uploads\/2024\/10\/Gewinner-Jubilaeumsraetsel-2024-750x1018.jpg 750w, https:\/\/gemeindebuechereikastl.de\/wp-content\/uploads\/2024\/10\/Gewinner-Jubilaeumsraetsel-2024.jpg 1196w\" sizes=\"auto, (max-width: 183px) 100vw, 183px\" \/><\/strong><\/a><\/h4>\n<p>Neben den vielen Neuheiten bot das B\u00fcchereiteam den G\u00e4sten auch eine gem\u00fctliche Atmosph\u00e4re: Selbstgebackener Kuchen und duftender Kaffee luden dazu ein, eine Pause einzulegen und sich in Gespr\u00e4che \u00fcber B\u00fccher und Lieblingslekt\u00fcren zu vertiefen. B\u00fcrgermeister Stefan Braun lie\u00df es sich ebenfalls nicht nehmen, an diesem besonderen Tag vorbeizuschauen und das Engagement des B\u00fcchereiteams zu w\u00fcrdigen.<img loading=\"lazy\" decoding=\"async\" class=\"wp-image-1681 size-full alignleft\" src=\"https:\/\/gemeindebuechereikastl.de\/wp-content\/uploads\/2020\/10\/buecherboy-1.jpg\" alt=\"\" width=\"250\" height=\"321\" srcset=\"https:\/\/gemeindebuechereikastl.de\/wp-content\/uploads\/2020\/10\/buecherboy-1.jpg 250w, https:\/\/gemeindebuechereikastl.de\/wp-content\/uploads\/2020\/10\/buecherboy-1-234x300.jpg 234w\" sizes=\"auto, (max-width: 250px) 100vw, 250px\" \/><\/p>\n<p>Der Tag der offenen T\u00fcr bewies einmal mehr, dass die Gemeindeb\u00fccherei Kastl ein wichtiger kultureller Treffpunkt f\u00fcr die Gemeinde ist. Die Besucher sch\u00e4tzten nicht nur das vielf\u00e4ltige Angebot, sondern auch die M\u00f6glichkeit, sich in entspannter Atmosph\u00e4re auszutauschen. Mit viel positiver Resonanz und einer Vielzahl ausgeliehener B\u00fccher und Medien ging der Nachmittag erfolgreich zu Ende.<\/p>\n<p>F\u00fcr alle, die den Tag verpasst haben, stehen die neuen Medien ab sofort w\u00e4hrend der n\u00e4chsten \u00d6ffnungszeiten am Dienstag, Donnerstag und Sonntag zur Ausleihe bereit.<\/p>\n<p><strong><span style=\"color: #ff0000;\">Das B\u00fcchereiteam freut sich darauf, auch in Zukunft die Gemeindeb\u00fccherei Kastl als Ort der Begegnung und des Austauschs ihre T\u00fcren f\u00fcr gro\u00dfe und kleine Leserinnen und Leser offen zu halten.<\/span><\/strong><\/p>\n<h4 style=\"text-align: center;\">Alle neuen B\u00fccher und Medien k\u00f6nnen in unserem <strong>\u00a0<a href=\"https:\/\/iopac.gemeindebuechereikastl.de\/iopac\/\">ONLINE-KATALOG<\/a><\/strong>\u00a0unter der Rubrick\u00a0<strong><a href=\"https:\/\/iopac.gemeindebuechereikastl.de\/iopac\/\">\u201eNeue Titel<\/a>\u201c<\/strong> aufgesp\u00fcrt werden. Au\u00dferdem k\u00f6nnt ihr in unserem <strong><a href=\"https:\/\/iopac.gemeindebuechereikastl.de\/iopac\/\">ONLINE-KATALOG<\/a><\/strong>\u00a0nat\u00fcrlich auch in unserem gesamten\u00a0<strong>Buch-, Medien- und Onlineangebot<\/strong>\u00a0st\u00f6beren.<\/h4>\n","protected":false},"excerpt":{"rendered":"<p>Viele interessierte Besucher beim &#8222;Tag der offenen T\u00fcr&#8220; mit Ziehung der Gewinner des Jubil\u00e4umsr\u00e4tsels und vielen neuen B\u00fcchern in der Gemeindeb\u00fccherei Der Herbst bringt nicht nur bunte Bl\u00e4tter, sondern auch frischen Lesestoff! Der Tag der offenen T\u00fcr in der Gemeindeb\u00fccherei Kastl war ein voller Erfolg und erfreute sich gro\u00dfer Beliebtheit bei den zahlreichen Besuchern. Trotz &hellip; <\/p>\n<p><a class=\"more-link btn\" href=\"https:\/\/gemeindebuechereikastl.de\/?p=5143\">Weiterlesen<\/a><\/p>\n","protected":false},"author":1,"featured_media":5145,"comment_status":"closed","ping_status":"closed","sticky":false,"template":"","format":"standard","meta":{"footnotes":""},"categories":[5],"tags":[626,628,85,88],"class_list":["post-5143","post","type-post","status-publish","format-standard","has-post-thumbnail","hentry","category-news","tag-gewinner","tag-jubilaeumsraetsel","tag-neue-buecher","tag-tag-der-offenen-tuer","item-wrap"],"_links":{"self":[{"href":"https:\/\/gemeindebuechereikastl.de\/index.php?rest_route=\/wp\/v2\/posts\/5143","targetHints":{"allow":["GET"]}}],"collection":[{"href":"https:\/\/gemeindebuechereikastl.de\/index.php?rest_route=\/wp\/v2\/posts"}],"about":[{"href":"https:\/\/gemeindebuechereikastl.de\/index.php?rest_route=\/wp\/v2\/types\/post"}],"author":[{"embeddable":true,"href":"https:\/\/gemeindebuechereikastl.de\/index.php?rest_route=\/wp\/v2\/users\/1"}],"replies":[{"embeddable":true,"href":"https:\/\/gemeindebuechereikastl.de\/index.php?rest_route=%2Fwp%2Fv2%2Fcomments&post=5143"}],"version-history":[{"count":4,"href":"https:\/\/gemeindebuechereikastl.de\/index.php?rest_route=\/wp\/v2\/posts\/5143\/revisions"}],"predecessor-version":[{"id":5153,"href":"https:\/\/gemeindebuechereikastl.de\/index.php?rest_route=\/wp\/v2\/posts\/5143\/revisions\/5153"}],"wp:featuredmedia":[{"embeddable":true,"href":"https:\/\/gemeindebuechereikastl.de\/index.php?rest_route=\/wp\/v2\/media\/5145"}],"wp:attachment":[{"href":"https:\/\/gemeindebuechereikastl.de\/index.php?rest_route=%2Fwp%2Fv2%2Fmedia&parent=5143"}],"wp:term":[{"taxonomy":"category","embeddable":true,"href":"https:\/\/gemeindebuechereikastl.de\/index.php?rest_route=%2Fwp%2Fv2%2Fcategories&post=5143"},{"taxonomy":"post_tag","embeddable":true,"href":"https:\/\/gemeindebuechereikastl.de\/index.php?rest_route=%2Fwp%2Fv2%2Ftags&post=5143"}],"curies":[{"name":"wp","href":"https:\/\/api.w.org\/{rel}","templated":true}]}}