{"id":5199,"date":"2024-10-23T09:00:30","date_gmt":"2024-10-23T09:00:30","guid":{"rendered":"https:\/\/gemeindebuechereikastl.de\/?p=5199"},"modified":"2024-10-23T09:45:26","modified_gmt":"2024-10-23T09:45:26","slug":"grosse-ehrung-gemeindebuecherei-kastl-mit-dem-goldenen-buechereisiegel-ausgezeichnet","status":"publish","type":"post","link":"https:\/\/gemeindebuechereikastl.de\/?p=5199","title":{"rendered":"Gro\u00dfe Ehrung &#8211; Gemeindeb\u00fccherei Kastl mit dem Goldenen B\u00fcchereisiegel ausgezeichnet"},"content":{"rendered":"<h2 style=\"text-align: center;\"><span style=\"color: #ff6600;\"><strong>F\u00fcr besondere Leistungen im Bayerischen B\u00fcchereiwesen wieder mit dem B\u00fcchereisiegel in Gold ausgezeichnet!<\/strong><\/span><\/h2>\n<p style=\"text-align: center;\"><strong>Bereits zum dritten Mal in Folge, seit 2018 wurde der Gemeindeb\u00fccherei Kastl das \u201eB\u00fcchereisiegel in Gold\u201c verliehen, was den hohen Qualit\u00e4tsstandard der B\u00fccherei eindrucksvoll best\u00e4tigt. Im Rahmen eines Kabarettabends mit Wolfgang Krebs wurde die Auszeichnung offiziell \u00fcberreicht. Die B\u00fccherei ist besonders stolz auf diese erneute Ehrung.<\/strong><\/p>\n<p style=\"text-align: center;\"><img loading=\"lazy\" decoding=\"async\" class=\"aligncenter wp-image-5204 size-full\" src=\"https:\/\/gemeindebuechereikastl.de\/wp-content\/uploads\/2024\/10\/Ehrung.jpg\" alt=\"\" width=\"1531\" height=\"1600\" srcset=\"https:\/\/gemeindebuechereikastl.de\/wp-content\/uploads\/2024\/10\/Ehrung.jpg 1531w, https:\/\/gemeindebuechereikastl.de\/wp-content\/uploads\/2024\/10\/Ehrung-287x300.jpg 287w, https:\/\/gemeindebuechereikastl.de\/wp-content\/uploads\/2024\/10\/Ehrung-1154x1206.jpg 1154w, https:\/\/gemeindebuechereikastl.de\/wp-content\/uploads\/2024\/10\/Ehrung-768x803.jpg 768w, https:\/\/gemeindebuechereikastl.de\/wp-content\/uploads\/2024\/10\/Ehrung-1470x1536.jpg 1470w, https:\/\/gemeindebuechereikastl.de\/wp-content\/uploads\/2024\/10\/Ehrung-750x784.jpg 750w\" sizes=\"auto, (max-width: 1531px) 100vw, 1531px\" \/><\/p>\n<p>Der Dachverband der B\u00fcchereien in Bayern der Sankt Michaelsbund und die B\u00fcchereifachstelle der Di\u00f6zese Eichst\u00e4tt m\u00f6chten mit der Verleihung des B\u00fcchereisiegels nicht nur die hervorragende Arbeit der B\u00fccherei <img loading=\"lazy\" decoding=\"async\" class=\"wp-image-5200 alignleft\" src=\"https:\/\/gemeindebuechereikastl.de\/wp-content\/uploads\/2024\/10\/Buechereisiegel-in-Gold-1603x1182.jpg\" alt=\"\" width=\"318\" height=\"235\" srcset=\"https:\/\/gemeindebuechereikastl.de\/wp-content\/uploads\/2024\/10\/Buechereisiegel-in-Gold-1603x1182.jpg 1603w, https:\/\/gemeindebuechereikastl.de\/wp-content\/uploads\/2024\/10\/Buechereisiegel-in-Gold-300x221.jpg 300w, https:\/\/gemeindebuechereikastl.de\/wp-content\/uploads\/2024\/10\/Buechereisiegel-in-Gold-768x566.jpg 768w, https:\/\/gemeindebuechereikastl.de\/wp-content\/uploads\/2024\/10\/Buechereisiegel-in-Gold-1536x1133.jpg 1536w, https:\/\/gemeindebuechereikastl.de\/wp-content\/uploads\/2024\/10\/Buechereisiegel-in-Gold-750x553.jpg 750w, https:\/\/gemeindebuechereikastl.de\/wp-content\/uploads\/2024\/10\/Buechereisiegel-in-Gold.jpg 2000w\" sizes=\"auto, (max-width: 318px) 100vw, 318px\" \/>anerkennen, sondern auch das wertvolle ehrenamtliche Engagement des gesamten Teams hervorheben. Unter der Leitung von Georg D\u00fcrr schafft die B\u00fccherei einen Raum der Begegnung, Bildung und sinnvollen Freizeitgestaltung.<\/p>\n<p>Auch kleinere B\u00fcchereien m\u00fcssen sich heute den Entwicklungen in der Mediennutzung und den gesellschaftlichen Ver\u00e4nderungen stellen. W\u00e4hrend fr\u00fcher haupts\u00e4chlich die Ausleihzahlen im Vordergrund standen, m\u00fcssen heutzutage mindestens 15 Standards des Michaelsbundes erf\u00fcllt werden. Kriterien sind u.a. die Entleih- und Veranstaltungszahlen, Raumgr\u00f6\u00dfe und ein ausreichender Medienetat und somit Anforderungen, die sich sowohl an das B\u00fcchereiteam als auch die Tr\u00e4ger wenden.<br \/>\n<img loading=\"lazy\" decoding=\"async\" class=\"wp-image-5202 alignright\" src=\"https:\/\/gemeindebuechereikastl.de\/wp-content\/uploads\/2024\/10\/Dr.-Brandl-1008x1206.jpg\" alt=\"\" width=\"252\" height=\"302\" srcset=\"https:\/\/gemeindebuechereikastl.de\/wp-content\/uploads\/2024\/10\/Dr.-Brandl-1008x1206.jpg 1008w, https:\/\/gemeindebuechereikastl.de\/wp-content\/uploads\/2024\/10\/Dr.-Brandl-251x300.jpg 251w, https:\/\/gemeindebuechereikastl.de\/wp-content\/uploads\/2024\/10\/Dr.-Brandl-768x919.jpg 768w, https:\/\/gemeindebuechereikastl.de\/wp-content\/uploads\/2024\/10\/Dr.-Brandl-1283x1536.jpg 1283w, https:\/\/gemeindebuechereikastl.de\/wp-content\/uploads\/2024\/10\/Dr.-Brandl-750x898.jpg 750w, https:\/\/gemeindebuechereikastl.de\/wp-content\/uploads\/2024\/10\/Dr.-Brandl.jpg 1483w\" sizes=\"auto, (max-width: 252px) 100vw, 252px\" \/><br \/>\nIn seiner Laudatio zu Beginn des Abends w\u00fcrdigte Dr. Ludwig Brandl von der Di\u00f6zesanstelle der B\u00fcchereien in Eichst\u00e4tt die Verdienste der Gemeindeb\u00fccherei Kastl. Zweifelsohne ist die Kastler B\u00fccherei im Bereich des Bistums Eichst\u00e4tt seit langem ein Begriff f\u00fcr besonderes Engagement und nicht in Frage zu stellende Qualit\u00e4t, so Dr. Brandl. Das kommt vor allem, dem beeindruckenden Engagement des B\u00fcchereileiters Georg D\u00fcrr und seiner Mitarbeiterinnen (und Mitarbeiter). So ist Kastl r\u00e4umlich zwar keine gro\u00dfe B\u00fccherei, aber eine mit \u00fcberdurchschnittlicher Ausstrahlung und Reichweite in der ganzen Di\u00f6zese Eichst\u00e4tt und einem vielf\u00e4ltigen Angebot. Heute erh\u00e4lt die Gemeindeb\u00fccherei Kastl erneut das Siegel und das Zertifikat des Sankt Michaelsbundes in Gold. Um dieses Siegel zu bekommen, m\u00fcssen durchaus hohe Anforderungen erf\u00fcllt sein. Kastl schafft diese jedes Mal mit Bravour.<br \/>\n<img loading=\"lazy\" decoding=\"async\" class=\"alignleft wp-image-5201 \" src=\"https:\/\/gemeindebuechereikastl.de\/wp-content\/uploads\/2024\/10\/Buergermeister-945x1206.jpg\" alt=\"\" width=\"245\" height=\"312\" srcset=\"https:\/\/gemeindebuechereikastl.de\/wp-content\/uploads\/2024\/10\/Buergermeister-945x1206.jpg 945w, https:\/\/gemeindebuechereikastl.de\/wp-content\/uploads\/2024\/10\/Buergermeister-235x300.jpg 235w, https:\/\/gemeindebuechereikastl.de\/wp-content\/uploads\/2024\/10\/Buergermeister-768x980.jpg 768w, https:\/\/gemeindebuechereikastl.de\/wp-content\/uploads\/2024\/10\/Buergermeister-750x957.jpg 750w, https:\/\/gemeindebuechereikastl.de\/wp-content\/uploads\/2024\/10\/Buergermeister.jpg 1185w\" sizes=\"auto, (max-width: 245px) 100vw, 245px\" \/>Auch B\u00fcrgermeister Stefan Braun betonte in seiner Rede ebenfalls die hervorragende Arbeit des B\u00fcchereiteams. Er gratulierte zur Verleihung des Goldenen B\u00fcchereisiegels und lobte die B\u00fccherei als Aush\u00e4ngeschild der Gemeinde Kastl, das nicht nur Bildung f\u00f6rdert, sondern auch ein wichtiger Treffpunkt f\u00fcr die Gemeinschaft ist und einen wichtigen Ort der Kultur. Gemeinsam mit Pfarrer Arweck \u00fcberbrachte er die Gl\u00fcckw\u00fcnsche der Tr\u00e4ger \u2013 der Gemeinde und der Pfarrei \u2013 zum 50-j\u00e4hrigen Jubil\u00e4um der Gemeindeb\u00fccherei.<br \/>\nBesonders hob B\u00fcrgermeister Braun das immense ehrenamtliche Engagement hervor: \u00dcber 4.500 Stunden wurden und werden j\u00e4hrlich vom Team der B\u00fccherei geleistet. Ein besonderer Dank ging an B\u00fcchereileiter Georg D\u00fcrr, der seit \u00fcber 50 Jahren ma\u00dfgeblich zum Erfolg der B\u00fccherei beitr\u00e4gt. Die Gemeindeb\u00fccherei Kastl sei, so Braun, ein \u201eLeuchtturm der Bildung und kulturellen Vielfalt\u201c in der Region. <img loading=\"lazy\" decoding=\"async\" class=\"alignright wp-image-5205 \" src=\"https:\/\/gemeindebuechereikastl.de\/wp-content\/uploads\/2024\/10\/Soeder-903x1206.jpg\" alt=\"\" width=\"244\" height=\"326\" srcset=\"https:\/\/gemeindebuechereikastl.de\/wp-content\/uploads\/2024\/10\/Soeder-903x1206.jpg 903w, https:\/\/gemeindebuechereikastl.de\/wp-content\/uploads\/2024\/10\/Soeder-225x300.jpg 225w, https:\/\/gemeindebuechereikastl.de\/wp-content\/uploads\/2024\/10\/Soeder-768x1025.jpg 768w, https:\/\/gemeindebuechereikastl.de\/wp-content\/uploads\/2024\/10\/Soeder-1150x1536.jpg 1150w, https:\/\/gemeindebuechereikastl.de\/wp-content\/uploads\/2024\/10\/Soeder-1534x2048.jpg 1534w, https:\/\/gemeindebuechereikastl.de\/wp-content\/uploads\/2024\/10\/Soeder-750x1001.jpg 750w, https:\/\/gemeindebuechereikastl.de\/wp-content\/uploads\/2024\/10\/Soeder-scaled.jpg 1917w\" sizes=\"auto, (max-width: 244px) 100vw, 244px\" \/><\/p>\n<p>Auch der bayerische Ministerpr\u00e4sident Dr. Markus Stoiber (verk\u00f6rpert von Kabarettist Wolfgang Krebs) gratulierte humorvoll dem Team zu dieser gro\u00dfen Auszeichnung. Auch sprach er die Wichtigkeit der B\u00fcchereien in seinen Ausf\u00fchrungen immer wieder an.<\/p>\n<p>B\u00fcchereileiter Georg D\u00fcrr bedankte sich bei Dr. Ludwig Brandl und B\u00fcrgermeister Stefan Braun f\u00fcr die Ehrung und sprach vor allem seinem Team Dank aus. Ohne deren unerm\u00fcdlichen Einsatz und die vielen ehrenamtlichen Stunden w\u00e4re diese Auszeichnung nicht m\u00f6glich gewesen.<\/p>\n","protected":false},"excerpt":{"rendered":"<p>F\u00fcr besondere Leistungen im Bayerischen B\u00fcchereiwesen wieder mit dem B\u00fcchereisiegel in Gold ausgezeichnet! Bereits zum dritten Mal in Folge, seit 2018 wurde der Gemeindeb\u00fccherei Kastl das \u201eB\u00fcchereisiegel in Gold\u201c verliehen, was den hohen Qualit\u00e4tsstandard der B\u00fccherei eindrucksvoll best\u00e4tigt. Im Rahmen eines Kabarettabends mit Wolfgang Krebs wurde die Auszeichnung offiziell \u00fcberreicht. Die B\u00fccherei ist besonders stolz &hellip; <\/p>\n<p><a class=\"more-link btn\" href=\"https:\/\/gemeindebuechereikastl.de\/?p=5199\">Weiterlesen<\/a><\/p>\n","protected":false},"author":1,"featured_media":5208,"comment_status":"closed","ping_status":"closed","sticky":false,"template":"","format":"standard","meta":{"footnotes":""},"categories":[5],"tags":[79,78,634,635,333,77,636],"class_list":["post-5199","post","type-post","status-publish","format-standard","has-post-thumbnail","hentry","category-news","tag-auszeichnung","tag-buechereisiegel","tag-buechereisiegel-in-gold","tag-dr-markus-soeder","tag-ehrung","tag-gold","tag-kabarett-abend","item-wrap"],"_links":{"self":[{"href":"https:\/\/gemeindebuechereikastl.de\/index.php?rest_route=\/wp\/v2\/posts\/5199","targetHints":{"allow":["GET"]}}],"collection":[{"href":"https:\/\/gemeindebuechereikastl.de\/index.php?rest_route=\/wp\/v2\/posts"}],"about":[{"href":"https:\/\/gemeindebuechereikastl.de\/index.php?rest_route=\/wp\/v2\/types\/post"}],"author":[{"embeddable":true,"href":"https:\/\/gemeindebuechereikastl.de\/index.php?rest_route=\/wp\/v2\/users\/1"}],"replies":[{"embeddable":true,"href":"https:\/\/gemeindebuechereikastl.de\/index.php?rest_route=%2Fwp%2Fv2%2Fcomments&post=5199"}],"version-history":[{"count":5,"href":"https:\/\/gemeindebuechereikastl.de\/index.php?rest_route=\/wp\/v2\/posts\/5199\/revisions"}],"predecessor-version":[{"id":5211,"href":"https:\/\/gemeindebuechereikastl.de\/index.php?rest_route=\/wp\/v2\/posts\/5199\/revisions\/5211"}],"wp:featuredmedia":[{"embeddable":true,"href":"https:\/\/gemeindebuechereikastl.de\/index.php?rest_route=\/wp\/v2\/media\/5208"}],"wp:attachment":[{"href":"https:\/\/gemeindebuechereikastl.de\/index.php?rest_route=%2Fwp%2Fv2%2Fmedia&parent=5199"}],"wp:term":[{"taxonomy":"category","embeddable":true,"href":"https:\/\/gemeindebuechereikastl.de\/index.php?rest_route=%2Fwp%2Fv2%2Fcategories&post=5199"},{"taxonomy":"post_tag","embeddable":true,"href":"https:\/\/gemeindebuechereikastl.de\/index.php?rest_route=%2Fwp%2Fv2%2Ftags&post=5199"}],"curies":[{"name":"wp","href":"https:\/\/api.w.org\/{rel}","templated":true}]}}