{"id":5213,"date":"2024-10-25T14:18:48","date_gmt":"2024-10-25T14:18:48","guid":{"rendered":"https:\/\/gemeindebuechereikastl.de\/?p=5213"},"modified":"2024-10-25T16:05:59","modified_gmt":"2024-10-25T16:05:59","slug":"grossartiger-wolfgang-krebs-begeisterte-mit-parodien-der-verschiedensten-bayerischen-politiker","status":"publish","type":"post","link":"https:\/\/gemeindebuechereikastl.de\/?p=5213","title":{"rendered":"Gro\u00dfartiger Wolfgang Krebs begeisterte mit Parodien der verschiedensten Bayerischen Politiker in Kastl"},"content":{"rendered":"<h2 style=\"text-align: center;\"><strong><span style=\"color: #ff6600;\">Grandioser Abend mit Wolfgang Krebs und vielen Lachsalven mit Bavaria First: Wie w\u00e4re es, wenn Bayern heute wieder ein eigenst\u00e4ndiges K\u00f6nigreich w\u00e4re?<\/span><br \/>\n<\/strong><\/h2>\n<p><img loading=\"lazy\" decoding=\"async\" class=\"wp-image-4855 size-large alignnone\" src=\"https:\/\/gemeindebuechereikastl.de\/wp-content\/uploads\/2024\/06\/Bavaria-first-1603x1069.jpg\" alt=\"\" width=\"750\" height=\"500\" srcset=\"https:\/\/gemeindebuechereikastl.de\/wp-content\/uploads\/2024\/06\/Bavaria-first-1603x1069.jpg 1603w, https:\/\/gemeindebuechereikastl.de\/wp-content\/uploads\/2024\/06\/Bavaria-first-300x200.jpg 300w, https:\/\/gemeindebuechereikastl.de\/wp-content\/uploads\/2024\/06\/Bavaria-first-768x512.jpg 768w, https:\/\/gemeindebuechereikastl.de\/wp-content\/uploads\/2024\/06\/Bavaria-first-1536x1025.jpg 1536w, https:\/\/gemeindebuechereikastl.de\/wp-content\/uploads\/2024\/06\/Bavaria-first-2048x1366.jpg 2048w, https:\/\/gemeindebuechereikastl.de\/wp-content\/uploads\/2024\/06\/Bavaria-first-750x500.jpg 750w\" sizes=\"auto, (max-width: 750px) 100vw, 750px\" \/><\/p>\n<p>Im Kastler Rudersaal begeisterte Kabarettist Wolfgang Krebs das Publikum, indem er in acht verschiedenen Rollen den Wunsch nach bayerischer Unabh\u00e4ngigkeit humorvoll auf die B\u00fchne brachte. Eingeladen vom Team der Gemeindeb\u00fccherei Kastl anl\u00e4sslich ihres Jubil\u00e4ums \u201e50-Jahre Gemeindeb\u00fccherei Kastl\u201c, f\u00fcllte Krebs den Saal restlos und brachte die Zuschauer pausenlos zum Lachen. Der Abend begann mit einer besonderen Auszeichnung des B\u00fcchereiteams und Ministerpr\u00e4sident Markus S\u00f6der \u2013 alias Wolfgang Krebs \u2013 \u00fcberbrachte als eine seiner Paraderollen die Gl\u00fcckw\u00fcnsche.<strong><img loading=\"lazy\" decoding=\"async\" class=\"wp-image-5214 alignleft\" src=\"https:\/\/gemeindebuechereikastl.de\/wp-content\/uploads\/2024\/10\/Edmund-Stoiber-905x1206.jpg\" alt=\"\" width=\"289\" height=\"385\" srcset=\"https:\/\/gemeindebuechereikastl.de\/wp-content\/uploads\/2024\/10\/Edmund-Stoiber-905x1206.jpg 905w, https:\/\/gemeindebuechereikastl.de\/wp-content\/uploads\/2024\/10\/Edmund-Stoiber-225x300.jpg 225w, https:\/\/gemeindebuechereikastl.de\/wp-content\/uploads\/2024\/10\/Edmund-Stoiber-768x1024.jpg 768w, https:\/\/gemeindebuechereikastl.de\/wp-content\/uploads\/2024\/10\/Edmund-Stoiber-1152x1536.jpg 1152w, https:\/\/gemeindebuechereikastl.de\/wp-content\/uploads\/2024\/10\/Edmund-Stoiber-1536x2048.jpg 1536w, https:\/\/gemeindebuechereikastl.de\/wp-content\/uploads\/2024\/10\/Edmund-Stoiber-750x1000.jpg 750w, https:\/\/gemeindebuechereikastl.de\/wp-content\/uploads\/2024\/10\/Edmund-Stoiber-scaled.jpg 1920w\" sizes=\"auto, (max-width: 289px) 100vw, 289px\" \/><\/strong><\/p>\n<p>Krebs schl\u00fcpfte gekonnt in die Rollen bayerischer Originale wie Joachim Herrmann, Edmund Stoiber, \u201eMargus\u201c S\u00f6der, Hubert Aiwanger, Horst Seehofer, Franz Josef Strau\u00df, Schorsch Scheberl sowie des nostalgischen S\u00e4ngers Mackie, der von besseren Zeiten auf seinem \u201eBankerl\u201c tr\u00e4umte und Robert Habeck. So er\u00f6ffnete \u201eJoachim Herrmann\u201c, der sich als \u201eMann mit den zwei Vornamen\u201c vorstellte, das Programm und k\u00fcndigte mit blumigen Worten \u201eK\u00f6nig\u201c Edmund Stoiber an. Stoiber erinnerte daran, dass Bayern seit 70 Jahren von der CSU regiert werde, die nicht nur f\u00fcr sch\u00f6ne Landschaften, sondern auch f\u00fcr flei\u00dfige und zufriedene Menschen stehe \u2013 ob Bayer oder Franke. Gleichzeitig \u00e4rgerten ihn die \u00fcber 108 Milliarden Euro, die Bayern im L\u00e4nderfinanzausgleich bisher gezahlt habe, w\u00e4hrend nur 3,5 Milliarden zur\u00fcckgeflossen seien.<\/p>\n<p><img loading=\"lazy\" decoding=\"async\" class=\"alignright wp-image-5217 \" src=\"https:\/\/gemeindebuechereikastl.de\/wp-content\/uploads\/2024\/10\/Markus-Soeder-871x1206.jpg\" alt=\"\" width=\"285\" height=\"395\" srcset=\"https:\/\/gemeindebuechereikastl.de\/wp-content\/uploads\/2024\/10\/Markus-Soeder-871x1206.jpg 871w, https:\/\/gemeindebuechereikastl.de\/wp-content\/uploads\/2024\/10\/Markus-Soeder-217x300.jpg 217w, https:\/\/gemeindebuechereikastl.de\/wp-content\/uploads\/2024\/10\/Markus-Soeder-768x1063.jpg 768w, https:\/\/gemeindebuechereikastl.de\/wp-content\/uploads\/2024\/10\/Markus-Soeder-1109x1536.jpg 1109w, https:\/\/gemeindebuechereikastl.de\/wp-content\/uploads\/2024\/10\/Markus-Soeder-750x1039.jpg 750w, https:\/\/gemeindebuechereikastl.de\/wp-content\/uploads\/2024\/10\/Markus-Soeder-rotated.jpg 1336w\" sizes=\"auto, (max-width: 285px) 100vw, 285px\" \/>\u201eMargus\u201c S\u00f6der \u00fcbernahm dann das Wort und versprach seinem \u201epolitischen Freund\u201c Friedrich Merz in einem Telefongespr\u00e4ch seine volle Unterst\u00fctzung in der Kanzlerfrage, seufzte jedoch augenzwinkernd \u00fcber Merz\u2018 Alter und stellte sich selbst als die j\u00fcngere, dynamischere Wahl vor. Mit einem Seitenhieb auf die Gr\u00fcnen beklagte er, dass Bayern f\u00fcr Windr\u00e4der und Stromtrassen ger\u00fcgt werde, w\u00e4hrend Naturschutzinitiativen die Bauprojekte wegen Fr\u00f6schen und Flederm\u00e4usen blockieren w\u00fcrden. Anschlie\u00dfend warf S\u00f6der in die Runde: \u201eWer lebt l\u00e4nger \u2013 die Frauen, die ein paar Pfunde mehr auf den Rippen haben, oder die M\u00e4nner, die das Kommentieren?\u201c<\/p>\n<p>Horst Seehofer beklagte den Zustand der deutschen Schulen und scherzte \u00fcber die Zusammenarbeit mit afrikanischen Schulen: \u201eDa wei\u00df man nicht mehr, wer bed\u00fcrftiger ist.\u201c Auch kritisierte er die Dominanz der Preu\u00dfen seit 1871 und stellte fest, dass Bayern damals aus wirtschaftlicher Not f\u00fcr ein paar Millionen Goldmark an Berlin verkauft worden sei \u2013 mit Zustimmung des bayerischen Landtags, der seit 150 Jahren von solchen Fehlentscheidungen gepr\u00e4gt sei.F<strong><img loading=\"lazy\" decoding=\"async\" class=\"wp-image-5215 alignleft\" src=\"https:\/\/gemeindebuechereikastl.de\/wp-content\/uploads\/2024\/10\/Hubert-Aiwanger-782x1206.jpg\" alt=\"\" width=\"291\" height=\"449\" srcset=\"https:\/\/gemeindebuechereikastl.de\/wp-content\/uploads\/2024\/10\/Hubert-Aiwanger-782x1206.jpg 782w, https:\/\/gemeindebuechereikastl.de\/wp-content\/uploads\/2024\/10\/Hubert-Aiwanger-195x300.jpg 195w, https:\/\/gemeindebuechereikastl.de\/wp-content\/uploads\/2024\/10\/Hubert-Aiwanger-768x1184.jpg 768w, https:\/\/gemeindebuechereikastl.de\/wp-content\/uploads\/2024\/10\/Hubert-Aiwanger-996x1536.jpg 996w, https:\/\/gemeindebuechereikastl.de\/wp-content\/uploads\/2024\/10\/Hubert-Aiwanger-1328x2048.jpg 1328w, https:\/\/gemeindebuechereikastl.de\/wp-content\/uploads\/2024\/10\/Hubert-Aiwanger-750x1156.jpg 750w, https:\/\/gemeindebuechereikastl.de\/wp-content\/uploads\/2024\/10\/Hubert-Aiwanger-scaled.jpg 1661w\" sizes=\"auto, (max-width: 291px) 100vw, 291px\" \/><\/strong>ranz Josef Strau\u00df kam schlie\u00dflich zum Thema Finanzen und \u00e4tzte \u00fcber den Umgang der SPD mit Geld: \u201eEin Hund legt sich auch keinen Wurstvorrat an \u2013 genauso ist es bei den Sozis.\u201c Robert Habeck hingegen wollte Bayern unbedingt in der Bundesrepublik halten, denn ohne Bayern g\u00e4be es ja niemanden mehr, den er in Sachen erneuerbarer Energien r\u00fcgen k\u00f6nne. Mit einem Augenzwinkern schlug er vor, die Gipfelkreuze in Bayern durch Windr\u00e4der zu ersetzen \u2013 so k\u00f6nnten die Bayern sie \u201eanbeten\u201c.<\/p>\n<p>Hubert Aiwanger sprach sich leidenschaftlich f\u00fcr die Wiederherstellung der Monarchie aus, da er auf einem Bauernhof aufgewachsen sei \u2013 wenn auch nicht so prachtvoll wie die K\u00f6nigschl\u00f6sser- es wird Zeit, dass die Freien W\u00e4hler sich globalisieren und auch Follower in den sozialen Medien bekommen- er schloss mit dem Satz- F\u00f6hnt der Hahn seinen Kamm- wird er rot und steht ganz stramm.<br \/>\nSchorsch Scheberl- Kommunalpolitiker aus der Holledau erz\u00e4hlte vom Wettstreit der evangelischen Pfarrerin und dem katholischen Pfarrer, die mit Aperol und Rum-Cola-Partys und Messwein Gottesdiensten verlorene Sch\u00e4fchen in die Kirche zur\u00fcckholen wollen und dem Fr\u00fchschoppen der M\u00e4nner nach dem Motto- der eine hat ein trautes Heim- der andere traut sich nicht heim.<img loading=\"lazy\" decoding=\"async\" class=\"alignright wp-image-5216 \" src=\"https:\/\/gemeindebuechereikastl.de\/wp-content\/uploads\/2024\/10\/Koenig-Markus-I-792x1206.jpg\" alt=\"\" width=\"349\" height=\"531\" srcset=\"https:\/\/gemeindebuechereikastl.de\/wp-content\/uploads\/2024\/10\/Koenig-Markus-I-792x1206.jpg 792w, https:\/\/gemeindebuechereikastl.de\/wp-content\/uploads\/2024\/10\/Koenig-Markus-I-197x300.jpg 197w, https:\/\/gemeindebuechereikastl.de\/wp-content\/uploads\/2024\/10\/Koenig-Markus-I-768x1170.jpg 768w, https:\/\/gemeindebuechereikastl.de\/wp-content\/uploads\/2024\/10\/Koenig-Markus-I-1008x1536.jpg 1008w, https:\/\/gemeindebuechereikastl.de\/wp-content\/uploads\/2024\/10\/Koenig-Markus-I-1344x2048.jpg 1344w, https:\/\/gemeindebuechereikastl.de\/wp-content\/uploads\/2024\/10\/Koenig-Markus-I-750x1142.jpg 750w, https:\/\/gemeindebuechereikastl.de\/wp-content\/uploads\/2024\/10\/Koenig-Markus-I-scaled.jpg 1681w\" sizes=\"auto, (max-width: 349px) 100vw, 349px\" \/><\/p>\n<p>Pl\u00f6tzlich klingelte das Telefon- Friedrich Merz war dran und erkl\u00e4rte Markus S\u00f6der, dass er der neue Kanzlerkandidat wird- wenn Bayern- seine Pl\u00e4ne f\u00fcr ein K\u00f6nigreich aufgibt- worauf der K\u00f6nig Margus sofort Feuer und Flamme war.<\/p>\n<p>Edmund Stoiber erz\u00e4hlte noch Kurioses \u00fcber die Verkehrssituation in der M\u00fcnchner Innenstadt- wo die Handwerker ihre Transporte zu den Kunden- z. b. Einbauk\u00fcchen mit dem Lastenfahrrad erledigen sollen \u2013 denn Lastenfahrr\u00e4der sind der Rammbock der \u00f6ffentlichen Fahrradwege. Zum Abschlu\u00df kam noch die AFD dran- deren Brandbeschleuniger Alice Weidel und Georg Chrupalla wenig mit Demokratie und Freiheit am Hut haben. Lachen wir diesen Populisten direkt ins Gesicht- das vertragen sie am aller wenigsten- leben wir in Frieden und Freiheit mit unseren europ\u00e4ischen Nachbarn und feiern wir und erfreuen uns des Lebens- denn es gibt nur 2 Tage, an denen das nicht m\u00f6glich ist- der eine war Gestern und der n\u00e4chste ist Morgen- und Frieden, Freiheit, Demokratie, Fr\u00f6hlichkeit und ein gewisses Verst\u00e4ndnis f\u00fcr unsere ausl\u00e4ndischen Mitb\u00fcrger haben.<br \/>\nAm Ende der zweist\u00fcndigen Kabarettvorstellung bedankte sich das Publikum mit lang anhaltendem Applaus bei Wolfgang Krebs sowie beim B\u00fcchereiteam, das diesen besonderen Abend mit der bayerischen Politprominenz in Kastl m\u00f6glich gemacht hatte.<\/p>\n","protected":false},"excerpt":{"rendered":"<p>Grandioser Abend mit Wolfgang Krebs und vielen Lachsalven mit Bavaria First: Wie w\u00e4re es, wenn Bayern heute wieder ein eigenst\u00e4ndiges K\u00f6nigreich w\u00e4re? Im Kastler Rudersaal begeisterte Kabarettist Wolfgang Krebs das Publikum, indem er in acht verschiedenen Rollen den Wunsch nach bayerischer Unabh\u00e4ngigkeit humorvoll auf die B\u00fchne brachte. Eingeladen vom Team der Gemeindeb\u00fccherei Kastl anl\u00e4sslich ihres &hellip; <\/p>\n<p><a class=\"more-link btn\" href=\"https:\/\/gemeindebuechereikastl.de\/?p=5213\">Weiterlesen<\/a><\/p>\n","protected":false},"author":1,"featured_media":5223,"comment_status":"closed","ping_status":"closed","sticky":false,"template":"","format":"standard","meta":{"footnotes":""},"categories":[5],"tags":[594,635,639,638,636,637],"class_list":["post-5213","post","type-post","status-publish","format-standard","has-post-thumbnail","hentry","category-news","tag-bavaria-first","tag-dr-markus-soeder","tag-edmund-stoiber","tag-hubert-aiwanger","tag-kabarett-abend","tag-markus-soeder","item-wrap"],"_links":{"self":[{"href":"https:\/\/gemeindebuechereikastl.de\/index.php?rest_route=\/wp\/v2\/posts\/5213","targetHints":{"allow":["GET"]}}],"collection":[{"href":"https:\/\/gemeindebuechereikastl.de\/index.php?rest_route=\/wp\/v2\/posts"}],"about":[{"href":"https:\/\/gemeindebuechereikastl.de\/index.php?rest_route=\/wp\/v2\/types\/post"}],"author":[{"embeddable":true,"href":"https:\/\/gemeindebuechereikastl.de\/index.php?rest_route=\/wp\/v2\/users\/1"}],"replies":[{"embeddable":true,"href":"https:\/\/gemeindebuechereikastl.de\/index.php?rest_route=%2Fwp%2Fv2%2Fcomments&post=5213"}],"version-history":[{"count":6,"href":"https:\/\/gemeindebuechereikastl.de\/index.php?rest_route=\/wp\/v2\/posts\/5213\/revisions"}],"predecessor-version":[{"id":5226,"href":"https:\/\/gemeindebuechereikastl.de\/index.php?rest_route=\/wp\/v2\/posts\/5213\/revisions\/5226"}],"wp:featuredmedia":[{"embeddable":true,"href":"https:\/\/gemeindebuechereikastl.de\/index.php?rest_route=\/wp\/v2\/media\/5223"}],"wp:attachment":[{"href":"https:\/\/gemeindebuechereikastl.de\/index.php?rest_route=%2Fwp%2Fv2%2Fmedia&parent=5213"}],"wp:term":[{"taxonomy":"category","embeddable":true,"href":"https:\/\/gemeindebuechereikastl.de\/index.php?rest_route=%2Fwp%2Fv2%2Fcategories&post=5213"},{"taxonomy":"post_tag","embeddable":true,"href":"https:\/\/gemeindebuechereikastl.de\/index.php?rest_route=%2Fwp%2Fv2%2Ftags&post=5213"}],"curies":[{"name":"wp","href":"https:\/\/api.w.org\/{rel}","templated":true}]}}