{"id":5246,"date":"2024-11-03T16:46:07","date_gmt":"2024-11-03T16:46:07","guid":{"rendered":"https:\/\/gemeindebuechereikastl.de\/?p=5246"},"modified":"2024-11-03T16:46:46","modified_gmt":"2024-11-03T16:46:46","slug":"magie-im-dunkeln-die-naechtliche-buechereiausleihe-begeisterte-leserinnen-und-leser","status":"publish","type":"post","link":"https:\/\/gemeindebuechereikastl.de\/?p=5246","title":{"rendered":"Magie im Dunkeln: Die n\u00e4chtliche B\u00fcchereiausleihe begeisterte Leserinnen und Leser"},"content":{"rendered":"<h2 style=\"text-align: center;\"><span style=\"color: #ff6600;\">Eine besondere Magie versp\u00fcrten die kleinen und gro\u00dfen Leser bei der ersten Dunkelausleihe in der Gemeindeb\u00fccherei<\/span><\/h2>\n<h2 style=\"text-align: center;\"><img loading=\"lazy\" decoding=\"async\" class=\"wp-image-5249 size-large\" src=\"https:\/\/gemeindebuechereikastl.de\/wp-content\/uploads\/2024\/11\/Dunkelausleihe-Buecherei-1603x1066.jpg\" alt=\"\" width=\"750\" height=\"499\" srcset=\"https:\/\/gemeindebuechereikastl.de\/wp-content\/uploads\/2024\/11\/Dunkelausleihe-Buecherei-1603x1066.jpg 1603w, https:\/\/gemeindebuechereikastl.de\/wp-content\/uploads\/2024\/11\/Dunkelausleihe-Buecherei-300x199.jpg 300w, https:\/\/gemeindebuechereikastl.de\/wp-content\/uploads\/2024\/11\/Dunkelausleihe-Buecherei-768x511.jpg 768w, https:\/\/gemeindebuechereikastl.de\/wp-content\/uploads\/2024\/11\/Dunkelausleihe-Buecherei-1536x1021.jpg 1536w, https:\/\/gemeindebuechereikastl.de\/wp-content\/uploads\/2024\/11\/Dunkelausleihe-Buecherei-2048x1361.jpg 2048w, https:\/\/gemeindebuechereikastl.de\/wp-content\/uploads\/2024\/11\/Dunkelausleihe-Buecherei-750x499.jpg 750w\" sizes=\"auto, (max-width: 750px) 100vw, 750px\" \/><\/h2>\n<p>&#8222;Dunkelheit und Lesen \u2013 ein Widerspruch? Nicht in der Gemeindeb\u00fccherei Kastl!&#8220; so hatte das B\u00fcchereiteam f\u00fcr die erste Dunkelausleihe in ihren R\u00e4umen <img loading=\"lazy\" decoding=\"async\" class=\"wp-image-5250 alignleft\" src=\"https:\/\/gemeindebuechereikastl.de\/wp-content\/uploads\/2024\/11\/Dunkeltuer-805x1206.jpg\" alt=\"\" width=\"239\" height=\"358\" srcset=\"https:\/\/gemeindebuechereikastl.de\/wp-content\/uploads\/2024\/11\/Dunkeltuer-805x1206.jpg 805w, https:\/\/gemeindebuechereikastl.de\/wp-content\/uploads\/2024\/11\/Dunkeltuer-200x300.jpg 200w, https:\/\/gemeindebuechereikastl.de\/wp-content\/uploads\/2024\/11\/Dunkeltuer-768x1150.jpg 768w, https:\/\/gemeindebuechereikastl.de\/wp-content\/uploads\/2024\/11\/Dunkeltuer-1026x1536.jpg 1026w, https:\/\/gemeindebuechereikastl.de\/wp-content\/uploads\/2024\/11\/Dunkeltuer-1367x2048.jpg 1367w, https:\/\/gemeindebuechereikastl.de\/wp-content\/uploads\/2024\/11\/Dunkeltuer-750x1123.jpg 750w, https:\/\/gemeindebuechereikastl.de\/wp-content\/uploads\/2024\/11\/Dunkeltuer-scaled.jpg 1709w\" sizes=\"auto, (max-width: 239px) 100vw, 239px\" \/>geworben. Diese Aufforderung nahmen viele Leserinnen und Leser war und durchst\u00f6berten bei der ersten \u201e<img loading=\"lazy\" decoding=\"async\" class=\"wp-image-5251 alignright\" src=\"https:\/\/gemeindebuechereikastl.de\/wp-content\/uploads\/2024\/11\/Tuergeist-679x1206.jpg\" alt=\"\" width=\"163\" height=\"290\" srcset=\"https:\/\/gemeindebuechereikastl.de\/wp-content\/uploads\/2024\/11\/Tuergeist-679x1206.jpg 679w, https:\/\/gemeindebuechereikastl.de\/wp-content\/uploads\/2024\/11\/Tuergeist-169x300.jpg 169w, https:\/\/gemeindebuechereikastl.de\/wp-content\/uploads\/2024\/11\/Tuergeist-768x1364.jpg 768w, https:\/\/gemeindebuechereikastl.de\/wp-content\/uploads\/2024\/11\/Tuergeist-865x1536.jpg 865w, https:\/\/gemeindebuechereikastl.de\/wp-content\/uploads\/2024\/11\/Tuergeist-1153x2048.jpg 1153w, https:\/\/gemeindebuechereikastl.de\/wp-content\/uploads\/2024\/11\/Tuergeist-750x1332.jpg 750w, https:\/\/gemeindebuechereikastl.de\/wp-content\/uploads\/2024\/11\/Tuergeist-scaled.jpg 1441w\" sizes=\"auto, (max-width: 163px) 100vw, 163px\" \/>Dunkelausleihe die Regale mit Taschen- oder Stirnlampen \u2013 sowie bei einer normalen Ausleihe halt nur im Dunkeln. Passend zu Halloween kamen viele Kinder verkleidet, und das Team hatte f\u00fcr alle kleinen und auch gro\u00dfen G\u00e4ste eine s\u00fc\u00dfe \u00dcberraschung parat.<\/p>\n<p>Die B\u00fccherei war bewusst in v\u00f6llige Dunkelheit getaucht und verwandelte sich so in einen geheimnisvollen Abenteuerraum, in dem sich jeder seinen Weg durch die B\u00fccherwelt selbst erleuchten konnte. Passend dazu pr\u00e4sentierte eine kleine Ausstellung mit Kinderb\u00fcchern mit \u201eGeistergeschichten\u201c, die neugierig auf die geheimnisvolle Zeit nach Sonnenuntergang machte.<img loading=\"lazy\" decoding=\"async\" class=\"aligncenter wp-image-5252 size-large\" src=\"https:\/\/gemeindebuechereikastl.de\/wp-content\/uploads\/2024\/11\/Fledermaus-1603x1202.jpg\" alt=\"\" width=\"750\" height=\"562\" srcset=\"https:\/\/gemeindebuechereikastl.de\/wp-content\/uploads\/2024\/11\/Fledermaus-1603x1202.jpg 1603w, https:\/\/gemeindebuechereikastl.de\/wp-content\/uploads\/2024\/11\/Fledermaus-300x225.jpg 300w, https:\/\/gemeindebuechereikastl.de\/wp-content\/uploads\/2024\/11\/Fledermaus-768x576.jpg 768w, https:\/\/gemeindebuechereikastl.de\/wp-content\/uploads\/2024\/11\/Fledermaus-1536x1152.jpg 1536w, https:\/\/gemeindebuechereikastl.de\/wp-content\/uploads\/2024\/11\/Fledermaus-2048x1536.jpg 2048w, https:\/\/gemeindebuechereikastl.de\/wp-content\/uploads\/2024\/11\/Fledermaus-750x563.jpg 750w\" sizes=\"auto, (max-width: 750px) 100vw, 750px\" \/><\/p>\n<p>Das Dekoteam hatte ganze Arbeit geleistet: Die R\u00e4ume waren liebevoll mit Fledermaus-Luftballons und Geister-Girlanden bzw. Geister-Lichter geschm\u00fcckt, was f\u00fcr das perfekte Dunkelausleihe-Ambiente sorgte. Manche erwachsenen Besucher, die zuf\u00e4llig in die Dunkelausleihe hineingerieten, wurden vom B\u00fcchereiteam spontan mit Leih-Taschenlampen ausgestattet und fanden das Erlebnis in der dunklen B\u00fccherei Lesestoff zu finden unerwartet aufregend.<img loading=\"lazy\" decoding=\"async\" class=\"alignleft wp-image-5248 \" src=\"https:\/\/gemeindebuechereikastl.de\/wp-content\/uploads\/2024\/11\/Dunkel-2-890x1206.jpg\" alt=\"\" width=\"310\" height=\"420\" srcset=\"https:\/\/gemeindebuechereikastl.de\/wp-content\/uploads\/2024\/11\/Dunkel-2-890x1206.jpg 890w, https:\/\/gemeindebuechereikastl.de\/wp-content\/uploads\/2024\/11\/Dunkel-2-221x300.jpg 221w, https:\/\/gemeindebuechereikastl.de\/wp-content\/uploads\/2024\/11\/Dunkel-2-768x1041.jpg 768w, https:\/\/gemeindebuechereikastl.de\/wp-content\/uploads\/2024\/11\/Dunkel-2-1133x1536.jpg 1133w, https:\/\/gemeindebuechereikastl.de\/wp-content\/uploads\/2024\/11\/Dunkel-2-1511x2048.jpg 1511w, https:\/\/gemeindebuechereikastl.de\/wp-content\/uploads\/2024\/11\/Dunkel-2-750x1016.jpg 750w, https:\/\/gemeindebuechereikastl.de\/wp-content\/uploads\/2024\/11\/Dunkel-2-scaled.jpg 1889w\" sizes=\"auto, (max-width: 310px) 100vw, 310px\" \/><\/p>\n<p>Auch die Atmosph\u00e4re erhielt viel Lob \u2013 die B\u00fccherei bei Nacht war ein Erlebnis der besonderen Art. Die Besucher, Jung und Alt, konnten alle B\u00fccher und Medien wie gewohnt ausleihen, nur eben in schummrigem Lampenschein. Das n\u00e4chtliche Erkunden der B\u00fccherwelt war f\u00fcr die Erwachsenen ebenso faszinierend wie f\u00fcr die Kinder, die begeistert durch die Regale streiften.<\/p>\n<p>Die Dunkelausleihe war ein riesiger Erfolg, und die Resonanz war eindeutig: Viele Besucher w\u00fcnschen sich eine Wiederholung dieses stimmungsvollen Abends, bei dem die Freude am Lesen und die Faszination der Dunkelheit eine besondere Verbindung eingingen.<\/p>\n","protected":false},"excerpt":{"rendered":"<p>Eine besondere Magie versp\u00fcrten die kleinen und gro\u00dfen Leser bei der ersten Dunkelausleihe in der Gemeindeb\u00fccherei &#8222;Dunkelheit und Lesen \u2013 ein Widerspruch? Nicht in der Gemeindeb\u00fccherei Kastl!&#8220; so hatte das B\u00fcchereiteam f\u00fcr die erste Dunkelausleihe in ihren R\u00e4umen geworben. Diese Aufforderung nahmen viele Leserinnen und Leser war und durchst\u00f6berten bei der ersten \u201eDunkelausleihe die Regale &hellip; <\/p>\n<p><a class=\"more-link btn\" href=\"https:\/\/gemeindebuechereikastl.de\/?p=5246\">Weiterlesen<\/a><\/p>\n","protected":false},"author":1,"featured_media":5252,"comment_status":"closed","ping_status":"closed","sticky":false,"template":"","format":"standard","meta":{"footnotes":""},"categories":[5],"tags":[620,94,640,641],"class_list":["post-5246","post","type-post","status-publish","format-standard","has-post-thumbnail","hentry","category-news","tag-dunkelausleihe","tag-geister","tag-halloween","tag-maskiert","item-wrap"],"_links":{"self":[{"href":"https:\/\/gemeindebuechereikastl.de\/index.php?rest_route=\/wp\/v2\/posts\/5246","targetHints":{"allow":["GET"]}}],"collection":[{"href":"https:\/\/gemeindebuechereikastl.de\/index.php?rest_route=\/wp\/v2\/posts"}],"about":[{"href":"https:\/\/gemeindebuechereikastl.de\/index.php?rest_route=\/wp\/v2\/types\/post"}],"author":[{"embeddable":true,"href":"https:\/\/gemeindebuechereikastl.de\/index.php?rest_route=\/wp\/v2\/users\/1"}],"replies":[{"embeddable":true,"href":"https:\/\/gemeindebuechereikastl.de\/index.php?rest_route=%2Fwp%2Fv2%2Fcomments&post=5246"}],"version-history":[{"count":2,"href":"https:\/\/gemeindebuechereikastl.de\/index.php?rest_route=\/wp\/v2\/posts\/5246\/revisions"}],"predecessor-version":[{"id":5254,"href":"https:\/\/gemeindebuechereikastl.de\/index.php?rest_route=\/wp\/v2\/posts\/5246\/revisions\/5254"}],"wp:featuredmedia":[{"embeddable":true,"href":"https:\/\/gemeindebuechereikastl.de\/index.php?rest_route=\/wp\/v2\/media\/5252"}],"wp:attachment":[{"href":"https:\/\/gemeindebuechereikastl.de\/index.php?rest_route=%2Fwp%2Fv2%2Fmedia&parent=5246"}],"wp:term":[{"taxonomy":"category","embeddable":true,"href":"https:\/\/gemeindebuechereikastl.de\/index.php?rest_route=%2Fwp%2Fv2%2Fcategories&post=5246"},{"taxonomy":"post_tag","embeddable":true,"href":"https:\/\/gemeindebuechereikastl.de\/index.php?rest_route=%2Fwp%2Fv2%2Ftags&post=5246"}],"curies":[{"name":"wp","href":"https:\/\/api.w.org\/{rel}","templated":true}]}}