{"id":5266,"date":"2024-11-11T15:19:43","date_gmt":"2024-11-11T15:19:43","guid":{"rendered":"https:\/\/gemeindebuechereikastl.de\/?p=5266"},"modified":"2024-11-11T15:19:43","modified_gmt":"2024-11-11T15:19:43","slug":"buchausstellung-mit-geisterbuecher-fuer-kinder","status":"publish","type":"post","link":"https:\/\/gemeindebuechereikastl.de\/?p=5266","title":{"rendered":"Buchausstellung mit Geisterb\u00fccher f\u00fcr Kinder"},"content":{"rendered":"<h2 style=\"text-align: center;\"><span style=\"color: #ff6600;\"><strong>B\u00fcchereiteam hat f\u00fcr Liebhaber grusliger Geschichten ein Buchausstellung mit diversen Geisterb\u00fcchern zusammengestellt<img loading=\"lazy\" decoding=\"async\" class=\"alignleft wp-image-5267 \" src=\"https:\/\/gemeindebuechereikastl.de\/wp-content\/uploads\/2024\/11\/Geisterbuecher-818x1206.jpg\" alt=\"\" width=\"329\" height=\"485\" srcset=\"https:\/\/gemeindebuechereikastl.de\/wp-content\/uploads\/2024\/11\/Geisterbuecher-818x1206.jpg 818w, https:\/\/gemeindebuechereikastl.de\/wp-content\/uploads\/2024\/11\/Geisterbuecher-204x300.jpg 204w, https:\/\/gemeindebuechereikastl.de\/wp-content\/uploads\/2024\/11\/Geisterbuecher-768x1132.jpg 768w, https:\/\/gemeindebuechereikastl.de\/wp-content\/uploads\/2024\/11\/Geisterbuecher-1042x1536.jpg 1042w, https:\/\/gemeindebuechereikastl.de\/wp-content\/uploads\/2024\/11\/Geisterbuecher-1390x2048.jpg 1390w, https:\/\/gemeindebuechereikastl.de\/wp-content\/uploads\/2024\/11\/Geisterbuecher-750x1105.jpg 750w, https:\/\/gemeindebuechereikastl.de\/wp-content\/uploads\/2024\/11\/Geisterbuecher-scaled.jpg 1737w\" sizes=\"auto, (max-width: 329px) 100vw, 329px\" \/><\/strong> <\/span><\/h2>\n<p>Das B\u00fcchereiteam pr\u00e4sentiert eine zauberhafte Ausstellung mit Kinderb\u00fcchern rund um das Thema \u201eGeister\u201c und weckt damit die Neugier auf die geheimnisvolle Welt nach Sonnenuntergang. Spannende und unheimliche Geschichten entf\u00fchren die jungen Leserinnen und Leser in eine Welt voller Gespenster und gruseliger Abenteuer, die den Atem anhalten lassen und die Fantasie befl\u00fcgeln. <img loading=\"lazy\" decoding=\"async\" class=\"alignright wp-image-5251 \" src=\"https:\/\/gemeindebuechereikastl.de\/wp-content\/uploads\/2024\/11\/Tuergeist-679x1206.jpg\" alt=\"\" width=\"191\" height=\"340\" srcset=\"https:\/\/gemeindebuechereikastl.de\/wp-content\/uploads\/2024\/11\/Tuergeist-679x1206.jpg 679w, https:\/\/gemeindebuechereikastl.de\/wp-content\/uploads\/2024\/11\/Tuergeist-169x300.jpg 169w, https:\/\/gemeindebuechereikastl.de\/wp-content\/uploads\/2024\/11\/Tuergeist-768x1364.jpg 768w, https:\/\/gemeindebuechereikastl.de\/wp-content\/uploads\/2024\/11\/Tuergeist-865x1536.jpg 865w, https:\/\/gemeindebuechereikastl.de\/wp-content\/uploads\/2024\/11\/Tuergeist-1153x2048.jpg 1153w, https:\/\/gemeindebuechereikastl.de\/wp-content\/uploads\/2024\/11\/Tuergeist-750x1332.jpg 750w, https:\/\/gemeindebuechereikastl.de\/wp-content\/uploads\/2024\/11\/Tuergeist-scaled.jpg 1441w\" sizes=\"auto, (max-width: 191px) 100vw, 191px\" \/><\/p>\n<p>Die magische B\u00fccherwelt l\u00e4dt ein zum Eintauchen in Geschichten \u00fcber Geister, Hexen, Zauberer, Monster und allerlei mystische Wesen \u2013 perfekt f\u00fcr alle, die das Schaudern lieben und sich verzaubern lassen m\u00f6chten.<\/p>\n<p><strong>F\u00fcr noch mehr gru\u00dflige und unterhaltsame\u00a0 Geistergeschichten\u00a0 lohnt sich ein Besuch in der B\u00fccherei. Denn neben den B\u00fcchern in der Ausstellung gibt es noch viele Gespensterb\u00fccher bei uns zu entdecken. Man kann auch vorab in unserem <a href=\"https:\/\/iopac.gemeindebuechereikastl.de\/\">Online-Katalog<\/a>\u00a0st\u00f6bern oder unsere E-Books auf\u00a0<a href=\"http:\/\/www.leo-nord.de\/\">www.leo-nord.de<\/a>\u00a0entdecken.<\/strong><\/p>\n","protected":false},"excerpt":{"rendered":"<p>B\u00fcchereiteam hat f\u00fcr Liebhaber grusliger Geschichten ein Buchausstellung mit diversen Geisterb\u00fcchern zusammengestellt Das B\u00fcchereiteam pr\u00e4sentiert eine zauberhafte Ausstellung mit Kinderb\u00fcchern rund um das Thema \u201eGeister\u201c und weckt damit die Neugier auf die geheimnisvolle Welt nach Sonnenuntergang. Spannende und unheimliche Geschichten entf\u00fchren die jungen Leserinnen und Leser in eine Welt voller Gespenster und gruseliger Abenteuer, die &hellip; <\/p>\n<p><a class=\"more-link btn\" href=\"https:\/\/gemeindebuechereikastl.de\/?p=5266\">Weiterlesen<\/a><\/p>\n","protected":false},"author":1,"featured_media":5267,"comment_status":"closed","ping_status":"closed","sticky":false,"template":"","format":"standard","meta":{"footnotes":""},"categories":[5,1],"tags":[58,94,642],"class_list":["post-5266","post","type-post","status-publish","format-standard","has-post-thumbnail","hentry","category-news","category-team","tag-buecher","tag-geister","tag-gespenster","item-wrap"],"_links":{"self":[{"href":"https:\/\/gemeindebuechereikastl.de\/index.php?rest_route=\/wp\/v2\/posts\/5266","targetHints":{"allow":["GET"]}}],"collection":[{"href":"https:\/\/gemeindebuechereikastl.de\/index.php?rest_route=\/wp\/v2\/posts"}],"about":[{"href":"https:\/\/gemeindebuechereikastl.de\/index.php?rest_route=\/wp\/v2\/types\/post"}],"author":[{"embeddable":true,"href":"https:\/\/gemeindebuechereikastl.de\/index.php?rest_route=\/wp\/v2\/users\/1"}],"replies":[{"embeddable":true,"href":"https:\/\/gemeindebuechereikastl.de\/index.php?rest_route=%2Fwp%2Fv2%2Fcomments&post=5266"}],"version-history":[{"count":1,"href":"https:\/\/gemeindebuechereikastl.de\/index.php?rest_route=\/wp\/v2\/posts\/5266\/revisions"}],"predecessor-version":[{"id":5268,"href":"https:\/\/gemeindebuechereikastl.de\/index.php?rest_route=\/wp\/v2\/posts\/5266\/revisions\/5268"}],"wp:featuredmedia":[{"embeddable":true,"href":"https:\/\/gemeindebuechereikastl.de\/index.php?rest_route=\/wp\/v2\/media\/5267"}],"wp:attachment":[{"href":"https:\/\/gemeindebuechereikastl.de\/index.php?rest_route=%2Fwp%2Fv2%2Fmedia&parent=5266"}],"wp:term":[{"taxonomy":"category","embeddable":true,"href":"https:\/\/gemeindebuechereikastl.de\/index.php?rest_route=%2Fwp%2Fv2%2Fcategories&post=5266"},{"taxonomy":"post_tag","embeddable":true,"href":"https:\/\/gemeindebuechereikastl.de\/index.php?rest_route=%2Fwp%2Fv2%2Ftags&post=5266"}],"curies":[{"name":"wp","href":"https:\/\/api.w.org\/{rel}","templated":true}]}}