{"id":5269,"date":"2024-11-11T16:08:44","date_gmt":"2024-11-11T16:08:44","guid":{"rendered":"https:\/\/gemeindebuechereikastl.de\/?p=5269"},"modified":"2024-11-11T16:08:44","modified_gmt":"2024-11-11T16:08:44","slug":"buecher-gegen-das-vergessen-buchausstellung-zur-autorenlesung-mit-kurt-tallert","status":"publish","type":"post","link":"https:\/\/gemeindebuechereikastl.de\/?p=5269","title":{"rendered":"B\u00fccher gegen das Vergessen &#8211; Buchausstellung zur Autorenlesung mit Kurt Tallert"},"content":{"rendered":"<h2 style=\"text-align: center;\"><span style=\"color: #ff6600;\"><strong>Buchausstellung mit \u201eB\u00fccher gegen das Vergessen\u201c und eine Autorenlesung am Freitag, 22. November um 19.30 Uhr in der B\u00fccherei\u00a0 zu diesem Thema unter dem Motto &#8222;B\u00fcchereien lesen gegen das Vergessen&#8220;\u00a0<\/strong><\/span><\/h2>\n<p><img loading=\"lazy\" decoding=\"async\" class=\"alignleft wp-image-5270 \" src=\"https:\/\/gemeindebuechereikastl.de\/wp-content\/uploads\/2024\/11\/Judenverfolgung-905x1206.jpg\" alt=\"\" width=\"501\" height=\"667\" srcset=\"https:\/\/gemeindebuechereikastl.de\/wp-content\/uploads\/2024\/11\/Judenverfolgung-905x1206.jpg 905w, https:\/\/gemeindebuechereikastl.de\/wp-content\/uploads\/2024\/11\/Judenverfolgung-225x300.jpg 225w, https:\/\/gemeindebuechereikastl.de\/wp-content\/uploads\/2024\/11\/Judenverfolgung-768x1024.jpg 768w, https:\/\/gemeindebuechereikastl.de\/wp-content\/uploads\/2024\/11\/Judenverfolgung-1152x1536.jpg 1152w, https:\/\/gemeindebuechereikastl.de\/wp-content\/uploads\/2024\/11\/Judenverfolgung-1536x2048.jpg 1536w, https:\/\/gemeindebuechereikastl.de\/wp-content\/uploads\/2024\/11\/Judenverfolgung-750x1000.jpg 750w, https:\/\/gemeindebuechereikastl.de\/wp-content\/uploads\/2024\/11\/Judenverfolgung-scaled.jpg 1920w\" sizes=\"auto, (max-width: 501px) 100vw, 501px\" \/>Anl\u00e4sslich des 91. Gedenkjahres der B\u00fccherverbrennungen von 1933 pr\u00e4sentiert die Gemeindeb\u00fccherei Kastl eine besondere Buchausstellung unter dem Leitwort \u201eB\u00fccher gegen das Vergessen\u201c. Die nationalsozialistischen B\u00fccherverbrennungen waren der traurige H\u00f6hepunkt der \u201eAktion wider den undeutschen Geist\u201c und symbolisierten den Beginn einer \u00c4ra systematischer Verfolgung. Ab M\u00e4rz 1933 wurden j\u00fcdische, marxistische, pazifistische und andere oppositionelle Schriftsteller*innen ge\u00e4chtet, um eine neue nationalsozialistische Erziehung voranzutreiben und ideologische Gleichschaltung zu erzwingen.<\/p>\n<p><strong>Diese Ausstellung erinnert daran, wie wichtig es ist, die Schrecken der Vergangenheit pr\u00e4sent zu halten \u2013 besonders heute, da antisemitische \u00dcbergriffe und Hassverbrechen weltweit erneut bedrohlich zunehmen.<\/strong><\/p>\n<p>Mit jedem Jahr sterben mehr Zeitzeugen, doch ihre Erlebnisse bleiben als Verm\u00e4chtnis in B\u00fcchern und Geschichten erhalten. Romane und Biografien \u00fcber bewegende Einzelschicksale sowie Sachb\u00fccher \u00fcber die NS-Zeit und den Holocaust er\u00f6ffnen uns Einblicke in das dunkelste Kapitel deutscher Geschichte. Die B\u00fccherei bietet zudem Kinder- und Jugendb\u00fccher, die diese Ereignisse sensibel und altersgerecht vermitteln.<\/p>\n<h2 style=\"text-align: center;\"><strong>Autorenlesung mit Kurt Tallert am Freitag,<br \/>\n22. November um 19.30 Uhr im OG der Gemeindeb\u00fccherei<\/strong><\/h2>\n<p><img loading=\"lazy\" decoding=\"async\" class=\"alignleft wp-image-5071 \" src=\"https:\/\/gemeindebuechereikastl.de\/wp-content\/uploads\/2024\/09\/Kurt-Tallert-rechts-804x1206.jpg\" alt=\"\" width=\"241\" height=\"362\" srcset=\"https:\/\/gemeindebuechereikastl.de\/wp-content\/uploads\/2024\/09\/Kurt-Tallert-rechts-804x1206.jpg 804w, https:\/\/gemeindebuechereikastl.de\/wp-content\/uploads\/2024\/09\/Kurt-Tallert-rechts-200x300.jpg 200w, https:\/\/gemeindebuechereikastl.de\/wp-content\/uploads\/2024\/09\/Kurt-Tallert-rechts-768x1152.jpg 768w, https:\/\/gemeindebuechereikastl.de\/wp-content\/uploads\/2024\/09\/Kurt-Tallert-rechts-1024x1536.jpg 1024w, https:\/\/gemeindebuechereikastl.de\/wp-content\/uploads\/2024\/09\/Kurt-Tallert-rechts-1365x2048.jpg 1365w, https:\/\/gemeindebuechereikastl.de\/wp-content\/uploads\/2024\/09\/Kurt-Tallert-rechts-750x1125.jpg 750w, https:\/\/gemeindebuechereikastl.de\/wp-content\/uploads\/2024\/09\/Kurt-Tallert-rechts-scaled.jpg 1707w\" sizes=\"auto, (max-width: 241px) 100vw, 241px\" \/>Neben der Buchausstellung \u201eB\u00fccher gegen das Vergessen\u201c l\u00e4dt das Team der Gemeindeb\u00fccherei zu einer Autorenlesung mit Kurt Tallert ein. Die Veranstaltung steht unter dem Motto \u201eB\u00fcchereien lesen gegen das Vergessen\u201c und setzt im Gedenkjahr der B\u00fccherverbrennungen vor 91 Jahren ein Zeichen: B\u00fcchereien sollen als Orte der Demokratie- und Wertebildung, der Toleranz und N\u00e4chstenliebe sowie als Einsatzorte gegen Antisemitismus, Extremismus und Rassismus sichtbar werden.<\/p>\n<p><img loading=\"lazy\" decoding=\"async\" class=\"alignright wp-image-4951 \" src=\"https:\/\/gemeindebuechereikastl.de\/wp-content\/uploads\/2024\/07\/Cover_Tallert_Spur-und-Abweg_3D-796x1206.jpg\" alt=\"\" width=\"160\" height=\"242\" srcset=\"https:\/\/gemeindebuechereikastl.de\/wp-content\/uploads\/2024\/07\/Cover_Tallert_Spur-und-Abweg_3D-796x1206.jpg 796w, https:\/\/gemeindebuechereikastl.de\/wp-content\/uploads\/2024\/07\/Cover_Tallert_Spur-und-Abweg_3D-198x300.jpg 198w, https:\/\/gemeindebuechereikastl.de\/wp-content\/uploads\/2024\/07\/Cover_Tallert_Spur-und-Abweg_3D-768x1163.jpg 768w, https:\/\/gemeindebuechereikastl.de\/wp-content\/uploads\/2024\/07\/Cover_Tallert_Spur-und-Abweg_3D-1014x1536.jpg 1014w, https:\/\/gemeindebuechereikastl.de\/wp-content\/uploads\/2024\/07\/Cover_Tallert_Spur-und-Abweg_3D-1352x2048.jpg 1352w, https:\/\/gemeindebuechereikastl.de\/wp-content\/uploads\/2024\/07\/Cover_Tallert_Spur-und-Abweg_3D-750x1136.jpg 750w, https:\/\/gemeindebuechereikastl.de\/wp-content\/uploads\/2024\/07\/Cover_Tallert_Spur-und-Abweg_3D.jpg 1475w\" sizes=\"auto, (max-width: 160px) 100vw, 160px\" \/>Er liest aus seinem Buch <em>\u201eSpur und Abweg\u201c<\/em> lesen, in dem er die Verfolgungsgeschichte seiner Familie beleuchtet. Obwohl er selbst erst 37 Jahre alt ist, wurde sein Vater, Harry Tallert, von den Nazis als \u201eHalbjude\u201c verfolgt. Kurt Tallert bietet eine einzigartige Perspektive auf die deutsche Geschichte: Sein Vater war bei seiner Geburt 58 Jahre alt und starb nur zw\u00f6lf Jahre sp\u00e4ter. In <em>\u201eSpur und Abweg\u201c<\/em> verwebt Tallert Vergangenheit und Gegenwart, \u00dcberliefertes und Verdr\u00e4ngtes und erz\u00e4hlt dabei nicht nur die Geschichte seines Vaters, sondern auch seine eigene. Dieses beeindruckende Deb\u00fct gew\u00e4hrt einen ber\u00fchrenden Einblick in das Leben einer Familie und h\u00e4lt zugleich unserer Gesellschaft den Spiegel vor.<\/p>\n","protected":false},"excerpt":{"rendered":"<p>Buchausstellung mit \u201eB\u00fccher gegen das Vergessen\u201c und eine Autorenlesung am Freitag, 22. November um 19.30 Uhr in der B\u00fccherei\u00a0 zu diesem Thema unter dem Motto &#8222;B\u00fcchereien lesen gegen das Vergessen&#8220;\u00a0 Anl\u00e4sslich des 91. Gedenkjahres der B\u00fccherverbrennungen von 1933 pr\u00e4sentiert die Gemeindeb\u00fccherei Kastl eine besondere Buchausstellung unter dem Leitwort \u201eB\u00fccher gegen das Vergessen\u201c. Die nationalsozialistischen B\u00fccherverbrennungen &hellip; <\/p>\n<p><a class=\"more-link btn\" href=\"https:\/\/gemeindebuechereikastl.de\/?p=5269\">Weiterlesen<\/a><\/p>\n","protected":false},"author":1,"featured_media":5270,"comment_status":"closed","ping_status":"closed","sticky":false,"template":"","format":"standard","meta":{"footnotes":""},"categories":[5],"tags":[386,194,643,514],"class_list":["post-5269","post","type-post","status-publish","format-standard","has-post-thumbnail","hentry","category-news","tag-autorenlesung","tag-buchausstellung","tag-judenverfolgung","tag-ns-zeit","item-wrap"],"_links":{"self":[{"href":"https:\/\/gemeindebuechereikastl.de\/index.php?rest_route=\/wp\/v2\/posts\/5269","targetHints":{"allow":["GET"]}}],"collection":[{"href":"https:\/\/gemeindebuechereikastl.de\/index.php?rest_route=\/wp\/v2\/posts"}],"about":[{"href":"https:\/\/gemeindebuechereikastl.de\/index.php?rest_route=\/wp\/v2\/types\/post"}],"author":[{"embeddable":true,"href":"https:\/\/gemeindebuechereikastl.de\/index.php?rest_route=\/wp\/v2\/users\/1"}],"replies":[{"embeddable":true,"href":"https:\/\/gemeindebuechereikastl.de\/index.php?rest_route=%2Fwp%2Fv2%2Fcomments&post=5269"}],"version-history":[{"count":1,"href":"https:\/\/gemeindebuechereikastl.de\/index.php?rest_route=\/wp\/v2\/posts\/5269\/revisions"}],"predecessor-version":[{"id":5271,"href":"https:\/\/gemeindebuechereikastl.de\/index.php?rest_route=\/wp\/v2\/posts\/5269\/revisions\/5271"}],"wp:featuredmedia":[{"embeddable":true,"href":"https:\/\/gemeindebuechereikastl.de\/index.php?rest_route=\/wp\/v2\/media\/5270"}],"wp:attachment":[{"href":"https:\/\/gemeindebuechereikastl.de\/index.php?rest_route=%2Fwp%2Fv2%2Fmedia&parent=5269"}],"wp:term":[{"taxonomy":"category","embeddable":true,"href":"https:\/\/gemeindebuechereikastl.de\/index.php?rest_route=%2Fwp%2Fv2%2Fcategories&post=5269"},{"taxonomy":"post_tag","embeddable":true,"href":"https:\/\/gemeindebuechereikastl.de\/index.php?rest_route=%2Fwp%2Fv2%2Ftags&post=5269"}],"curies":[{"name":"wp","href":"https:\/\/api.w.org\/{rel}","templated":true}]}}