{"id":528,"date":"2018-06-05T13:16:29","date_gmt":"2018-06-05T13:16:29","guid":{"rendered":"http:\/\/gemeindebuechereikastl.de\/?p=528"},"modified":"2018-06-05T17:03:47","modified_gmt":"2018-06-05T17:03:47","slug":"ferienfahrt-zum-dschungelbuch","status":"publish","type":"post","link":"https:\/\/gemeindebuechereikastl.de\/?p=528","title":{"rendered":"Ferienfahrt zum Dschungelbuch"},"content":{"rendered":"<h2 style=\"text-align: center;\"><span style=\"color: #ff9900;\">Samstag,\u00a04. August\u00a0~ Ferienfahrt \u00a0zum &#8222;Dschungelbuch&#8220; ein Familienmusical bei den\u00a0Luisenburg &#8211; Festspielen<\/span><\/h2>\n<p><img loading=\"lazy\" decoding=\"async\" class=\"size-full wp-image-529 aligncenter\" src=\"https:\/\/gemeindebuechereikastl.de\/wp-content\/uploads\/2018\/06\/Dschungelbuch.jpg\" alt=\"\" width=\"1200\" height=\"800\" srcset=\"https:\/\/gemeindebuechereikastl.de\/wp-content\/uploads\/2018\/06\/Dschungelbuch.jpg 1200w, https:\/\/gemeindebuechereikastl.de\/wp-content\/uploads\/2018\/06\/Dschungelbuch-300x200.jpg 300w, https:\/\/gemeindebuechereikastl.de\/wp-content\/uploads\/2018\/06\/Dschungelbuch-768x512.jpg 768w, https:\/\/gemeindebuechereikastl.de\/wp-content\/uploads\/2018\/06\/Dschungelbuch-1024x683.jpg 1024w\" sizes=\"auto, (max-width: 1200px) 100vw, 1200px\" \/><\/p>\n<p>Indischer Dschungel. Dem Leitwolf Akela und seiner Frau Rakscha purzelt unversehens ein Menschenjunges vor die Pfoten. Als Mogli nehmen sie es in die Familie auf. Doch Schir Khan, der Tiger, fordert Mogli als Beute. Als das Rudel Schir Khan im gro\u00dfen Rat der W\u00f6lfe eine Absage erteilt, schw\u00f6rt der Tiger Rache. Mogli muss nun von Balu, dem B\u00e4ren, und Baghira, dem Panther, die Gesetze des Dschungels lernen, will er \u00fcberleben.<br \/>\n&#8212;&#8212;&#8212;&#8212;&#8212;&#8212;&#8212;&#8212;&#8212;&#8212;&#8212;&#8212;&#8212;&#8212;&#8212;&#8212;&#8212;&#8212;&#8212;&#8212;&#8212;&#8212;&#8212;&#8212;&#8212;&#8212;&#8212;&#8212;&#8212;&#8212;&#8212;&#8212;&#8212;&#8212;-<br \/>\nDank eines Zuschusses der Gemeinde Kastl f\u00fcr diese Fahrt, betr\u00e4gt der Teilnehmerpreis:<br \/>\n<strong>F\u00fcr Kinder nur 19,00 Euro <\/strong><img loading=\"lazy\" decoding=\"async\" class=\" wp-image-531 alignright\" src=\"https:\/\/gemeindebuechereikastl.de\/wp-content\/uploads\/2018\/06\/Greifvogel.jpg\" alt=\"\" width=\"379\" height=\"253\" srcset=\"https:\/\/gemeindebuechereikastl.de\/wp-content\/uploads\/2018\/06\/Greifvogel.jpg 1024w, https:\/\/gemeindebuechereikastl.de\/wp-content\/uploads\/2018\/06\/Greifvogel-300x200.jpg 300w, https:\/\/gemeindebuechereikastl.de\/wp-content\/uploads\/2018\/06\/Greifvogel-768x512.jpg 768w\" sizes=\"auto, (max-width: 379px) 100vw, 379px\" \/><br \/>\n<strong>F\u00fcr Erwachsene 31,00 Euro.<\/strong><br \/>\nIn diesen Preisen sind die Busfahrt und der Eintritt zum St\u00fcck enthalten.<\/p>\n<ul>\n<li><strong>Abfahrt<\/strong> ist am Samstag, 4. August um <strong>8.00 Uhr<\/strong><\/li>\n<li><strong>Beginn<\/strong> des St\u00fcckes ist um <strong>10.30 Uhr<\/strong><\/li>\n<li>Nach der Auff\u00fchrung\u00a0 Besuch des <strong>Greifvogelparks<\/strong> mit Flugvorf\u00fchrung<\/li>\n<li>Der <strong>Eintritt<\/strong> betr\u00e4gt f\u00fcr <strong>Erwachsene 6,00 \u20ac,<\/strong> f\u00fcr Jugendliche\/<strong>Kinder 3,50 \u20ac.<\/strong><br \/>\nDer Eintritt in den Greifvogelpark kann zusammen mit dem Fahrpreis ebenfalls in der B\u00fccherei bei der Anmeldung beglichen werden.<\/li>\n<li style=\"text-align: left;\">Die <strong>Anmeldung ist ab sofort in der B\u00fccherei zu den \u00d6ffnungszeiten m\u00f6glich<\/strong>. Bei der Anmeldung ist der komplette Fahrpreis zu bezahlen.<\/li>\n<\/ul>\n<h4 style=\"text-align: center;\"><span style=\"color: #ff0000;\"><a style=\"color: #ff0000;\" href=\"https:\/\/gemeindebuechereikastl.de\/wp-content\/uploads\/2018\/06\/Flyer-Ferienfahrt-2018-Dschungelbuch.pdf\">Flyer Ferienfahrt 2018 &#8211; Dschungelbuch<\/a><\/span><\/h4>\n","protected":false},"excerpt":{"rendered":"<p>Samstag,\u00a04. August\u00a0~ Ferienfahrt \u00a0zum &#8222;Dschungelbuch&#8220; ein Familienmusical bei den\u00a0Luisenburg &#8211; Festspielen Indischer Dschungel. Dem Leitwolf Akela und seiner Frau Rakscha purzelt unversehens ein Menschenjunges vor die Pfoten. Als Mogli nehmen sie es in die Familie auf. Doch Schir Khan, der Tiger, fordert Mogli als Beute. Als das Rudel Schir Khan im gro\u00dfen Rat der W\u00f6lfe &hellip; <\/p>\n<p><a class=\"more-link btn\" href=\"https:\/\/gemeindebuechereikastl.de\/?p=528\">Weiterlesen<\/a><\/p>\n","protected":false},"author":1,"featured_media":0,"comment_status":"closed","ping_status":"closed","sticky":false,"template":"","format":"standard","meta":{"footnotes":""},"categories":[5],"tags":[50,49,51,52,48,53],"class_list":["post-528","post","type-post","status-publish","format-standard","hentry","category-news","tag-dschungelbuch","tag-familienmusical","tag-ferien","tag-ferienfahrt","tag-musical","tag-wunsiedel","item-wrap"],"_links":{"self":[{"href":"https:\/\/gemeindebuechereikastl.de\/index.php?rest_route=\/wp\/v2\/posts\/528","targetHints":{"allow":["GET"]}}],"collection":[{"href":"https:\/\/gemeindebuechereikastl.de\/index.php?rest_route=\/wp\/v2\/posts"}],"about":[{"href":"https:\/\/gemeindebuechereikastl.de\/index.php?rest_route=\/wp\/v2\/types\/post"}],"author":[{"embeddable":true,"href":"https:\/\/gemeindebuechereikastl.de\/index.php?rest_route=\/wp\/v2\/users\/1"}],"replies":[{"embeddable":true,"href":"https:\/\/gemeindebuechereikastl.de\/index.php?rest_route=%2Fwp%2Fv2%2Fcomments&post=528"}],"version-history":[{"count":6,"href":"https:\/\/gemeindebuechereikastl.de\/index.php?rest_route=\/wp\/v2\/posts\/528\/revisions"}],"predecessor-version":[{"id":554,"href":"https:\/\/gemeindebuechereikastl.de\/index.php?rest_route=\/wp\/v2\/posts\/528\/revisions\/554"}],"wp:attachment":[{"href":"https:\/\/gemeindebuechereikastl.de\/index.php?rest_route=%2Fwp%2Fv2%2Fmedia&parent=528"}],"wp:term":[{"taxonomy":"category","embeddable":true,"href":"https:\/\/gemeindebuechereikastl.de\/index.php?rest_route=%2Fwp%2Fv2%2Fcategories&post=528"},{"taxonomy":"post_tag","embeddable":true,"href":"https:\/\/gemeindebuechereikastl.de\/index.php?rest_route=%2Fwp%2Fv2%2Ftags&post=528"}],"curies":[{"name":"wp","href":"https:\/\/api.w.org\/{rel}","templated":true}]}}