{"id":5281,"date":"2024-11-16T14:00:48","date_gmt":"2024-11-16T14:00:48","guid":{"rendered":"https:\/\/gemeindebuechereikastl.de\/?p=5281"},"modified":"2024-11-16T14:03:21","modified_gmt":"2024-11-16T14:03:21","slug":"bundesweiter-vorlesetag-auch-in-der-gemeindebuecherei-kastl-mit-birgit-wiesent-der-leiterin-des-kastler-kindergartens-als-vorleserin","status":"publish","type":"post","link":"https:\/\/gemeindebuechereikastl.de\/?p=5281","title":{"rendered":"Bundesweiter Vorlesetag auch in der Gemeindeb\u00fccherei Kastl mit Birgit Wiesent der Leiterin des Kastler Kindergartens als Vorleserin"},"content":{"rendered":"<h2 class=\"post-title entry-title\" style=\"text-align: center;\"><span style=\"color: #ff6600;\">Aus dem Buch &#8222;Heute bestimme ich die Welt&#8220; la\u00df<br \/>\nBirgit Wiesent beim Bundesweitem Vorlesetag in der B\u00fccherei vor<\/span><\/h2>\n<div class=\"entry-content clearfix\">\n<p><img loading=\"lazy\" decoding=\"async\" class=\"aligncenter wp-image-5257 size-large\" src=\"https:\/\/gemeindebuechereikastl.de\/wp-content\/uploads\/2024\/11\/Logo-Vorlesetag-2024-1603x545.jpg\" alt=\"\" width=\"750\" height=\"255\" srcset=\"https:\/\/gemeindebuechereikastl.de\/wp-content\/uploads\/2024\/11\/Logo-Vorlesetag-2024-1603x545.jpg 1603w, https:\/\/gemeindebuechereikastl.de\/wp-content\/uploads\/2024\/11\/Logo-Vorlesetag-2024-300x102.jpg 300w, https:\/\/gemeindebuechereikastl.de\/wp-content\/uploads\/2024\/11\/Logo-Vorlesetag-2024-768x261.jpg 768w, https:\/\/gemeindebuechereikastl.de\/wp-content\/uploads\/2024\/11\/Logo-Vorlesetag-2024-1536x523.jpg 1536w, https:\/\/gemeindebuechereikastl.de\/wp-content\/uploads\/2024\/11\/Logo-Vorlesetag-2024-2048x697.jpg 2048w, https:\/\/gemeindebuechereikastl.de\/wp-content\/uploads\/2024\/11\/Logo-Vorlesetag-2024-750x255.jpg 750w\" sizes=\"auto, (max-width: 750px) 100vw, 750px\" \/><\/p>\n<p>Der aktuelle Vorlesemonitor 2023 zeigt, dass Vorlesen ein nachhaltiges Investment in kommende Generationen hinein ist. Von dem, was sie in ihr Leben hinein mitnehmen, profitiert die gesamte Gesellschaft. Deshalb hatte das B\u00fcchereiteam am Tag des &#8222;Bundesweiten Vorlesens&#8220; in die B\u00fccherei eingeladen, wo\u00a0 Birgit Wiesend, die Leiterin des Kastler Kindergartens als Lesepatin aus dem Buch:<strong><em>\u201eHeute bestimme ich die Welt\u201c <\/em><\/strong>vorlas. Wie w\u00fcrde eine Welt aussehen, in der Kinder bestimmen d\u00fcrfen?<\/p>\n<p><img loading=\"lazy\" decoding=\"async\" class=\"wp-image-5283 alignleft\" src=\"https:\/\/gemeindebuechereikastl.de\/wp-content\/uploads\/2024\/11\/Vorlesetag-2024-1603x1058.jpg\" alt=\"\" width=\"486\" height=\"321\" srcset=\"https:\/\/gemeindebuechereikastl.de\/wp-content\/uploads\/2024\/11\/Vorlesetag-2024-1603x1058.jpg 1603w, https:\/\/gemeindebuechereikastl.de\/wp-content\/uploads\/2024\/11\/Vorlesetag-2024-300x198.jpg 300w, https:\/\/gemeindebuechereikastl.de\/wp-content\/uploads\/2024\/11\/Vorlesetag-2024-768x507.jpg 768w, https:\/\/gemeindebuechereikastl.de\/wp-content\/uploads\/2024\/11\/Vorlesetag-2024-1536x1014.jpg 1536w, https:\/\/gemeindebuechereikastl.de\/wp-content\/uploads\/2024\/11\/Vorlesetag-2024-2048x1352.jpg 2048w, https:\/\/gemeindebuechereikastl.de\/wp-content\/uploads\/2024\/11\/Vorlesetag-2024-750x495.jpg 750w\" sizes=\"auto, (max-width: 486px) 100vw, 486px\" \/>Klar, dann g\u00e4be es Kekse f\u00fcr alle und jeder bek\u00e4me sein liebstes Geburtstagsgeschenk. Dann g\u00e4be es aber auch Autos, die laufen, statt mit Benzin zu fahren, Omas, die Kindern in Bibliotheken vorlesen, damit sie sich nicht so alleine f\u00fchlen, und Lichterketten, die die Dunkelheit erhellen, damit man sich auf dem Nachhauseweg sicher f\u00fchlt &#8230;<br \/>\nIn diesem inspirierenden und fantasievollen Bilderbuch entdecken Kinder und Erwachsene, was es hei\u00dft, die Welt durch Kinderaugen zu sehen und v\u00f6llig neu zu denken. Ein Bilderbuch, das Kinder ermutigt, fantasievoll ihre Zukunft zu gestalten und die Welt ein St\u00fcckchen besser zu machen. <strong>Das Buch kann auch in der B\u00fccherei asugeliehen werden.<\/strong><img loading=\"lazy\" decoding=\"async\" class=\"wp-image-5259 alignright\" src=\"https:\/\/gemeindebuechereikastl.de\/wp-content\/uploads\/2024\/11\/Kastler-Vorlesezeit.jpg\" alt=\"\" width=\"346\" height=\"485\" srcset=\"https:\/\/gemeindebuechereikastl.de\/wp-content\/uploads\/2024\/11\/Kastler-Vorlesezeit.jpg 519w, https:\/\/gemeindebuechereikastl.de\/wp-content\/uploads\/2024\/11\/Kastler-Vorlesezeit-214x300.jpg 214w\" sizes=\"auto, (max-width: 346px) 100vw, 346px\" \/><\/p>\n<p>Bitgit Wiesent las den Kindern die verschiedensten W\u00fcnsche aus dem Buch vor wie z.B. <strong>&#8222;Wenn ich bestimmen k\u00f6nnte, dann w\u00fcrde jeder, der einen Hund will, einen Hund bekommen. <\/strong><strong>Jeder, der ein Fahrrad will, w\u00fcrde ein Fahrrad bekommen. <\/strong><strong>Und jeder, der einen Freund haben m\u00f6chte, w\u00fcr<\/strong><strong>de mindestens zwei bekommen!<\/strong><\/p>\n<p>Die Kinder in der Kastler B\u00fccherei waren mit vollem Eifer bei der Sache und hatten noch meher W\u00fcnsche als es im Buch zu lesen gab. Das Buch spiegelt das Motto des diesj\u00e4hrigen Aktionstages ist \u201eVorlesen schafft Zukunft\u201c!<\/p>\n<h4><strong><span style=\"color: #008000;\">Weiter geht es dann am 21. Dezember mit den aufregenden VORLESEZEITEN bis Mai 2025.<\/span><br \/>\n<\/strong><\/h4>\n<h3><a href=\"https:\/\/gemeindebuechereikastl.de\/wp-content\/uploads\/2024\/11\/Flyer-Vorlesezeit-24-25.pdf\">Download Flyer Vorlesezeit 24-25<\/a><\/h3>\n<table width=\"736\">\n<tbody>\n<tr>\n<td width=\"106\">\n<p style=\"text-align: center;\"><span style=\"color: #800000;\"><b>Samstag,<br \/>\n21. Dezemb.<br \/>\num 10.00 Uhr<\/b><\/span><\/p>\n<\/td>\n<td width=\"105\">\n<p style=\"text-align: center;\"><span style=\"color: #800000;\"><b>Samstag,<br \/>\n4. Januar<br \/>\num 10.00 Uhr<\/b><\/span><\/p>\n<\/td>\n<td width=\"105\">\n<p style=\"text-align: center;\"><span style=\"color: #800000;\"><b>Samstag,<br \/>\n18. Januar<br \/>\num 10.00 Uhr<\/b><\/span><\/p>\n<\/td>\n<td width=\"105\">\n<p style=\"text-align: center;\"><span style=\"color: #800000;\"><b>Samstag,<br \/>\n15. Februar<br \/>\num 10.00 Uhr<\/b><\/span><\/p>\n<\/td>\n<td width=\"105\">\n<p style=\"text-align: center;\"><span style=\"color: #800000;\"><b>Samstag,<br \/>\n15. M\u00e4rz<br \/>\num 10.00 Uhr<\/b><\/span><\/p>\n<\/td>\n<td width=\"105\">\n<p style=\"text-align: center;\"><span style=\"color: #800000;\"><b>Samstag,<br \/>\n12. April<br \/>\num 10.00 Uhr<\/b><\/span><\/p>\n<\/td>\n<td width=\"106\">\n<p style=\"text-align: center;\"><span style=\"color: #800000;\"><b>Samstag,<br \/>\n17. Mai<br \/>\num 10.00 Uhr<\/b><\/span><\/p>\n<\/td>\n<\/tr>\n<\/tbody>\n<\/table>\n<\/div>\n","protected":false},"excerpt":{"rendered":"<p>Aus dem Buch &#8222;Heute bestimme ich die Welt&#8220; la\u00df Birgit Wiesent beim Bundesweitem Vorlesetag in der B\u00fccherei vor Der aktuelle Vorlesemonitor 2023 zeigt, dass Vorlesen ein nachhaltiges Investment in kommende Generationen hinein ist. Von dem, was sie in ihr Leben hinein mitnehmen, profitiert die gesamte Gesellschaft. Deshalb hatte das B\u00fcchereiteam am Tag des &#8222;Bundesweiten Vorlesens&#8220; &hellip; <\/p>\n<p><a class=\"more-link btn\" href=\"https:\/\/gemeindebuechereikastl.de\/?p=5281\">Weiterlesen<\/a><\/p>\n","protected":false},"author":1,"featured_media":5283,"comment_status":"closed","ping_status":"closed","sticky":false,"template":"","format":"standard","meta":{"footnotes":""},"categories":[1],"tags":[11,535,534,80],"class_list":["post-5281","post","type-post","status-publish","format-standard","has-post-thumbnail","hentry","category-team","tag-buecherei","tag-bundesweiter-vorlesetag","tag-vorlesefest","tag-vorlesen","item-wrap"],"_links":{"self":[{"href":"https:\/\/gemeindebuechereikastl.de\/index.php?rest_route=\/wp\/v2\/posts\/5281","targetHints":{"allow":["GET"]}}],"collection":[{"href":"https:\/\/gemeindebuechereikastl.de\/index.php?rest_route=\/wp\/v2\/posts"}],"about":[{"href":"https:\/\/gemeindebuechereikastl.de\/index.php?rest_route=\/wp\/v2\/types\/post"}],"author":[{"embeddable":true,"href":"https:\/\/gemeindebuechereikastl.de\/index.php?rest_route=\/wp\/v2\/users\/1"}],"replies":[{"embeddable":true,"href":"https:\/\/gemeindebuechereikastl.de\/index.php?rest_route=%2Fwp%2Fv2%2Fcomments&post=5281"}],"version-history":[{"count":3,"href":"https:\/\/gemeindebuechereikastl.de\/index.php?rest_route=\/wp\/v2\/posts\/5281\/revisions"}],"predecessor-version":[{"id":5288,"href":"https:\/\/gemeindebuechereikastl.de\/index.php?rest_route=\/wp\/v2\/posts\/5281\/revisions\/5288"}],"wp:featuredmedia":[{"embeddable":true,"href":"https:\/\/gemeindebuechereikastl.de\/index.php?rest_route=\/wp\/v2\/media\/5283"}],"wp:attachment":[{"href":"https:\/\/gemeindebuechereikastl.de\/index.php?rest_route=%2Fwp%2Fv2%2Fmedia&parent=5281"}],"wp:term":[{"taxonomy":"category","embeddable":true,"href":"https:\/\/gemeindebuechereikastl.de\/index.php?rest_route=%2Fwp%2Fv2%2Fcategories&post=5281"},{"taxonomy":"post_tag","embeddable":true,"href":"https:\/\/gemeindebuechereikastl.de\/index.php?rest_route=%2Fwp%2Fv2%2Ftags&post=5281"}],"curies":[{"name":"wp","href":"https:\/\/api.w.org\/{rel}","templated":true}]}}