{"id":5294,"date":"2024-11-26T09:09:05","date_gmt":"2024-11-26T09:09:05","guid":{"rendered":"https:\/\/gemeindebuechereikastl.de\/?p=5294"},"modified":"2024-11-26T09:09:05","modified_gmt":"2024-11-26T09:09:05","slug":"literarischer-brueckenschlag-in-die-vergangenheit-bei-der-lesung-von-kurt-tallert","status":"publish","type":"post","link":"https:\/\/gemeindebuechereikastl.de\/?p=5294","title":{"rendered":"Literarischer Br\u00fcckenschlag in die Vergangenheit bei der Lesung von Kurt Tallert"},"content":{"rendered":"<div class=\"flex max-w-full flex-col flex-grow\">\n<div class=\"min-h-8 text-message flex w-full flex-col items-end gap-2 whitespace-normal break-words [.text-message+&amp;]:mt-5\" dir=\"auto\" data-message-author-role=\"assistant\" data-message-id=\"10a6494c-2774-40ad-85ed-d3fc4e5358ba\" data-message-model-slug=\"gpt-4o\">\n<div class=\"flex w-full flex-col gap-1 empty:hidden first:pt-[3px]\">\n<div class=\"markdown prose w-full break-words dark:prose-invert light\">\n<h2 style=\"text-align: center;\"><span style=\"color: #ff6600;\"><strong>Lesung von Kurt Tallert in der Gemeindeb\u00fccherei\u00a0 Kastl: \u201eSpur und Abweg\u201c \u2013 Ein literarischer Br\u00fcckenschlag in die Vergangenheit<\/strong><\/span><\/h2>\n<p style=\"text-align: center;\"><strong>Kurt Tallert, bekannt als Retrogott und pr\u00e4gende Figur der deutschen Rap-Szene, pr\u00e4sentierte in der Gemeindeb\u00fccherei Kastl sein literarisches Deb\u00fct <em>\u201eSpur und Abweg\u201c<\/em>. Das Buch beleuchtet die Verfolgungsgeschichte seiner deutsch-j\u00fcdischen Familie und verbindet pers\u00f6nliche Erinnerungen mit historischen Reflexionen.<\/strong><\/p>\n<h3><strong><img loading=\"lazy\" decoding=\"async\" class=\"aligncenter wp-image-5296 \" src=\"https:\/\/gemeindebuechereikastl.de\/wp-content\/uploads\/2024\/11\/Tallert-2-1603x937.jpg\" alt=\"\" width=\"711\" height=\"415\" srcset=\"https:\/\/gemeindebuechereikastl.de\/wp-content\/uploads\/2024\/11\/Tallert-2-1603x937.jpg 1603w, https:\/\/gemeindebuechereikastl.de\/wp-content\/uploads\/2024\/11\/Tallert-2-300x175.jpg 300w, https:\/\/gemeindebuechereikastl.de\/wp-content\/uploads\/2024\/11\/Tallert-2-768x449.jpg 768w, https:\/\/gemeindebuechereikastl.de\/wp-content\/uploads\/2024\/11\/Tallert-2-1536x898.jpg 1536w, https:\/\/gemeindebuechereikastl.de\/wp-content\/uploads\/2024\/11\/Tallert-2-2048x1197.jpg 2048w, https:\/\/gemeindebuechereikastl.de\/wp-content\/uploads\/2024\/11\/Tallert-2-750x438.jpg 750w\" sizes=\"auto, (max-width: 711px) 100vw, 711px\" \/>Zwischen Vergangenheit und Gegenwart<\/strong><\/h3>\n<p>Tallerts Lesung gliederte sich in zwei Teile: Er begann mit eindringlichen Passagen aus seinem Buch, gefolgt von einer Fragerunde. Besonders ber\u00fchrend war das Kapitel <em>\u201eDas Absurde\u201c<\/em>, das die absurden Einschr\u00e4nkungen der NS-Zeit schildert \u2013 etwa, dass sein Vater das Radio nur unter Aufsicht seiner \u201earischen\u201c Mutter nutzen durfte. Eine weitere Passage beschrieb Tallerts Erinnerungen an einen Besuch im KZ Buchenwald, der ihn als Sechsj\u00e4hrigen tief pr\u00e4gte.<br \/>\n<img loading=\"lazy\" decoding=\"async\" class=\"alignright wp-image-5295 \" src=\"https:\/\/gemeindebuechereikastl.de\/wp-content\/uploads\/2024\/11\/Tallert-1-1603x1113.jpg\" alt=\"\" width=\"384\" height=\"267\" srcset=\"https:\/\/gemeindebuechereikastl.de\/wp-content\/uploads\/2024\/11\/Tallert-1-1603x1113.jpg 1603w, https:\/\/gemeindebuechereikastl.de\/wp-content\/uploads\/2024\/11\/Tallert-1-300x208.jpg 300w, https:\/\/gemeindebuechereikastl.de\/wp-content\/uploads\/2024\/11\/Tallert-1-768x533.jpg 768w, https:\/\/gemeindebuechereikastl.de\/wp-content\/uploads\/2024\/11\/Tallert-1-1536x1067.jpg 1536w, https:\/\/gemeindebuechereikastl.de\/wp-content\/uploads\/2024\/11\/Tallert-1-2048x1422.jpg 2048w, https:\/\/gemeindebuechereikastl.de\/wp-content\/uploads\/2024\/11\/Tallert-1-750x521.jpg 750w\" sizes=\"auto, (max-width: 384px) 100vw, 384px\" \/><br \/>\nEr erz\u00e4hlte auch von den beruflichen Herausforderungen seines Vaters, der nach dem Krieg als Journalist und SPD-Abgeordneter mit der R\u00fcckkehr ehemaliger NS-Funktion\u00e4re in F\u00fchrungspositionen konfrontiert wurde. Die Lesung schloss mit der tragischen Geschichte seiner Urgro\u00dfmutter Berta, die in einem Konzentrationslager ermordet wurde.<\/p>\n<h3><strong>Ein Dialog mit der Vergangenheit<\/strong><\/h3>\n<p>Auf die Frage, warum er sich literarisch mit der Geschichte seiner Familie auseinandersetzte, erkl\u00e4rte Tallert: \u201eIch entdeckte Tageb\u00fccher und Briefe meines Vaters, die mir neue Zusammenh\u00e4nge er\u00f6ffneten. Dieses Buch ist mein Versuch, seinen Wunsch zu erf\u00fcllen, \u00fcber \u201adie Absurdit\u00e4t der Nazis\u2018 zu schreiben.\u201c Tallert sieht seinen Vater als Co-Autor und bezeichnet das Buch als Raum der Trauer und private Gedenkst\u00e4tte.<\/p>\n<p>Mit einem L\u00e4cheln erg\u00e4nzte er: \u201eWas ich meinem Vater heute sagen w\u00fcrde? Erst einmal: \u201aDanke!\u2018 Aber dann auch: \u201aWie konntest du in Deutschland bleiben?\u2018\u201c<\/p>\n<h3><img loading=\"lazy\" decoding=\"async\" class=\"wp-image-4951  alignleft\" src=\"https:\/\/gemeindebuechereikastl.de\/wp-content\/uploads\/2024\/07\/Cover_Tallert_Spur-und-Abweg_3D-796x1206.jpg\" alt=\"\" width=\"145\" height=\"220\" srcset=\"https:\/\/gemeindebuechereikastl.de\/wp-content\/uploads\/2024\/07\/Cover_Tallert_Spur-und-Abweg_3D-796x1206.jpg 796w, https:\/\/gemeindebuechereikastl.de\/wp-content\/uploads\/2024\/07\/Cover_Tallert_Spur-und-Abweg_3D-198x300.jpg 198w, https:\/\/gemeindebuechereikastl.de\/wp-content\/uploads\/2024\/07\/Cover_Tallert_Spur-und-Abweg_3D-768x1163.jpg 768w, https:\/\/gemeindebuechereikastl.de\/wp-content\/uploads\/2024\/07\/Cover_Tallert_Spur-und-Abweg_3D-1014x1536.jpg 1014w, https:\/\/gemeindebuechereikastl.de\/wp-content\/uploads\/2024\/07\/Cover_Tallert_Spur-und-Abweg_3D-1352x2048.jpg 1352w, https:\/\/gemeindebuechereikastl.de\/wp-content\/uploads\/2024\/07\/Cover_Tallert_Spur-und-Abweg_3D-750x1136.jpg 750w, https:\/\/gemeindebuechereikastl.de\/wp-content\/uploads\/2024\/07\/Cover_Tallert_Spur-und-Abweg_3D.jpg 1475w\" sizes=\"auto, (max-width: 145px) 100vw, 145px\" \/><strong>Hoffnung und Erinnerung<\/strong><\/h3>\n<p>Zum Abschluss bedankte sich Tallert beim B\u00fcchereiteam der Gemeindeb\u00fccherei Kastl und w\u00fcrdigte die Bedeutung der Veranstaltungsreihe <em>\u201eLesen gegen das Vergessen\u201c<\/em>. Mit langem Applaus honorierte das Publikum die bewegende Lesung.<\/p>\n<p><em>\u201eSpur und Abweg\u201c<\/em> ist mehr als ein Buch \u2013 es ist ein eindringliches St\u00fcck Erinnerungskultur, das Vergangenheit und Gegenwart in Dialog bringt.<\/p>\n<\/div>\n<p><strong>Das Buch <em>\u201eSpur und Abweg\u201c<\/em>\u00a0 kann in der Gemeindeb\u00fccherei entliehen werden.<\/strong><\/p>\n<\/div>\n<\/div>\n<\/div>\n","protected":false},"excerpt":{"rendered":"<p>Lesung von Kurt Tallert in der Gemeindeb\u00fccherei\u00a0 Kastl: \u201eSpur und Abweg\u201c \u2013 Ein literarischer Br\u00fcckenschlag in die Vergangenheit Kurt Tallert, bekannt als Retrogott und pr\u00e4gende Figur der deutschen Rap-Szene, pr\u00e4sentierte in der Gemeindeb\u00fccherei Kastl sein literarisches Deb\u00fct \u201eSpur und Abweg\u201c. Das Buch beleuchtet die Verfolgungsgeschichte seiner deutsch-j\u00fcdischen Familie und verbindet pers\u00f6nliche Erinnerungen mit historischen Reflexionen. &hellip; <\/p>\n<p><a class=\"more-link btn\" href=\"https:\/\/gemeindebuechereikastl.de\/?p=5294\">Weiterlesen<\/a><\/p>\n","protected":false},"author":1,"featured_media":5296,"comment_status":"closed","ping_status":"closed","sticky":false,"template":"","format":"standard","meta":{"footnotes":""},"categories":[5],"tags":[372,645,605,118,241],"class_list":["post-5294","post","type-post","status-publish","format-standard","has-post-thumbnail","hentry","category-news","tag-buechereien","tag-gegen-das-vergessen","tag-kurt-tallert","tag-lesen","tag-lesung","item-wrap"],"_links":{"self":[{"href":"https:\/\/gemeindebuechereikastl.de\/index.php?rest_route=\/wp\/v2\/posts\/5294","targetHints":{"allow":["GET"]}}],"collection":[{"href":"https:\/\/gemeindebuechereikastl.de\/index.php?rest_route=\/wp\/v2\/posts"}],"about":[{"href":"https:\/\/gemeindebuechereikastl.de\/index.php?rest_route=\/wp\/v2\/types\/post"}],"author":[{"embeddable":true,"href":"https:\/\/gemeindebuechereikastl.de\/index.php?rest_route=\/wp\/v2\/users\/1"}],"replies":[{"embeddable":true,"href":"https:\/\/gemeindebuechereikastl.de\/index.php?rest_route=%2Fwp%2Fv2%2Fcomments&post=5294"}],"version-history":[{"count":1,"href":"https:\/\/gemeindebuechereikastl.de\/index.php?rest_route=\/wp\/v2\/posts\/5294\/revisions"}],"predecessor-version":[{"id":5297,"href":"https:\/\/gemeindebuechereikastl.de\/index.php?rest_route=\/wp\/v2\/posts\/5294\/revisions\/5297"}],"wp:featuredmedia":[{"embeddable":true,"href":"https:\/\/gemeindebuechereikastl.de\/index.php?rest_route=\/wp\/v2\/media\/5296"}],"wp:attachment":[{"href":"https:\/\/gemeindebuechereikastl.de\/index.php?rest_route=%2Fwp%2Fv2%2Fmedia&parent=5294"}],"wp:term":[{"taxonomy":"category","embeddable":true,"href":"https:\/\/gemeindebuechereikastl.de\/index.php?rest_route=%2Fwp%2Fv2%2Fcategories&post=5294"},{"taxonomy":"post_tag","embeddable":true,"href":"https:\/\/gemeindebuechereikastl.de\/index.php?rest_route=%2Fwp%2Fv2%2Ftags&post=5294"}],"curies":[{"name":"wp","href":"https:\/\/api.w.org\/{rel}","templated":true}]}}