{"id":5298,"date":"2024-11-28T12:26:00","date_gmt":"2024-11-28T12:26:00","guid":{"rendered":"https:\/\/gemeindebuechereikastl.de\/?p=5298"},"modified":"2024-11-28T12:39:06","modified_gmt":"2024-11-28T12:39:06","slug":"das-heimatbuch-von-hermann-roemer-auch-in-der-buecherei-erhaeltlich","status":"publish","type":"post","link":"https:\/\/gemeindebuechereikastl.de\/?p=5298","title":{"rendered":"Das Heimatbuch von Hermann R\u00f6mer auch in der B\u00fccherei erh\u00e4ltlich"},"content":{"rendered":"<h2 style=\"text-align: center;\"><span style=\"color: #ff6600;\"><strong>Jetzt neu: <\/strong><\/span><span style=\"color: #ff6600;\"><strong>Das Heimatbuch <\/strong><\/span><span style=\"color: #ff6600;\"><strong>von Hermann R\u00f6mer! &#8211; Verkauf auch in der B\u00fccherei<\/strong> <\/span><\/h2>\n<p><img loading=\"lazy\" decoding=\"async\" class=\"alignleft wp-image-5299 \" src=\"https:\/\/gemeindebuechereikastl.de\/wp-content\/uploads\/2024\/11\/2024_11_24-10_19-Office-Lens-863x1206.jpg\" alt=\"\" width=\"430\" height=\"601\" srcset=\"https:\/\/gemeindebuechereikastl.de\/wp-content\/uploads\/2024\/11\/2024_11_24-10_19-Office-Lens-863x1206.jpg 863w, https:\/\/gemeindebuechereikastl.de\/wp-content\/uploads\/2024\/11\/2024_11_24-10_19-Office-Lens-215x300.jpg 215w, https:\/\/gemeindebuechereikastl.de\/wp-content\/uploads\/2024\/11\/2024_11_24-10_19-Office-Lens-768x1074.jpg 768w, https:\/\/gemeindebuechereikastl.de\/wp-content\/uploads\/2024\/11\/2024_11_24-10_19-Office-Lens-1099x1536.jpg 1099w, https:\/\/gemeindebuechereikastl.de\/wp-content\/uploads\/2024\/11\/2024_11_24-10_19-Office-Lens-1465x2048.jpg 1465w, https:\/\/gemeindebuechereikastl.de\/wp-content\/uploads\/2024\/11\/2024_11_24-10_19-Office-Lens-750x1048.jpg 750w, https:\/\/gemeindebuechereikastl.de\/wp-content\/uploads\/2024\/11\/2024_11_24-10_19-Office-Lens-scaled.jpg 1831w\" sizes=\"auto, (max-width: 430px) 100vw, 430px\" \/><br \/>\nHermann R\u00f6mer l\u00e4dt mit seinem neuen Heimatbuch zu einer lebendigen Entdeckungsreise durch Kastl und Umgebung ein. Statt einer n\u00fcchternen Chronik erwartet Sie eine Sammlung fesselnder Geschichten \u00fcber historische Ereignisse, bemerkenswerte Pers\u00f6nlichkeiten und alte Br\u00e4uche, die das Leben in der Region gepr\u00e4gt haben.<\/p>\n<p>Besondere H\u00f6hepunkte sind neue Erkenntnisse \u00fcber die Klosterburg Kastl und die kleine Prinzessin Anna sowie zahlreiche spannende Sagen und Legenden \u2013 ideal f\u00fcr interessierte Leserinnen und Leser. Mit vielen pers\u00f6nlichen Anekdoten und wertvollen Beitr\u00e4gen der Dorfbewohner wird das Buch zu einem einzigartigen Schatz der Regionalgeschichte.<\/p>\n<h4 style=\"text-align: center;\"><strong><span style=\"color: #ff0000;\">Ab sofort auch in der Gemeindeb\u00fccherei Kastl f\u00fcr nur 39,50 \u20ac erh\u00e4ltlich \u2013 das ideale Geschenk f\u00fcr alle Heimatfreunde und Geschichtsliebhaber!<\/span><\/strong><\/h4>\n","protected":false},"excerpt":{"rendered":"<p>Jetzt neu: Das Heimatbuch von Hermann R\u00f6mer! &#8211; Verkauf auch in der B\u00fccherei Hermann R\u00f6mer l\u00e4dt mit seinem neuen Heimatbuch zu einer lebendigen Entdeckungsreise durch Kastl und Umgebung ein. Statt einer n\u00fcchternen Chronik erwartet Sie eine Sammlung fesselnder Geschichten \u00fcber historische Ereignisse, bemerkenswerte Pers\u00f6nlichkeiten und alte Br\u00e4uche, die das Leben in der Region gepr\u00e4gt haben. &hellip; <\/p>\n<p><a class=\"more-link btn\" href=\"https:\/\/gemeindebuechereikastl.de\/?p=5298\">Weiterlesen<\/a><\/p>\n","protected":false},"author":1,"featured_media":5299,"comment_status":"closed","ping_status":"closed","sticky":false,"template":"","format":"standard","meta":{"footnotes":""},"categories":[5],"tags":[273,646],"class_list":["post-5298","post","type-post","status-publish","format-standard","has-post-thumbnail","hentry","category-news","tag-buchverkauf","tag-heimatbuch","item-wrap"],"_links":{"self":[{"href":"https:\/\/gemeindebuechereikastl.de\/index.php?rest_route=\/wp\/v2\/posts\/5298","targetHints":{"allow":["GET"]}}],"collection":[{"href":"https:\/\/gemeindebuechereikastl.de\/index.php?rest_route=\/wp\/v2\/posts"}],"about":[{"href":"https:\/\/gemeindebuechereikastl.de\/index.php?rest_route=\/wp\/v2\/types\/post"}],"author":[{"embeddable":true,"href":"https:\/\/gemeindebuechereikastl.de\/index.php?rest_route=\/wp\/v2\/users\/1"}],"replies":[{"embeddable":true,"href":"https:\/\/gemeindebuechereikastl.de\/index.php?rest_route=%2Fwp%2Fv2%2Fcomments&post=5298"}],"version-history":[{"count":2,"href":"https:\/\/gemeindebuechereikastl.de\/index.php?rest_route=\/wp\/v2\/posts\/5298\/revisions"}],"predecessor-version":[{"id":5307,"href":"https:\/\/gemeindebuechereikastl.de\/index.php?rest_route=\/wp\/v2\/posts\/5298\/revisions\/5307"}],"wp:featuredmedia":[{"embeddable":true,"href":"https:\/\/gemeindebuechereikastl.de\/index.php?rest_route=\/wp\/v2\/media\/5299"}],"wp:attachment":[{"href":"https:\/\/gemeindebuechereikastl.de\/index.php?rest_route=%2Fwp%2Fv2%2Fmedia&parent=5298"}],"wp:term":[{"taxonomy":"category","embeddable":true,"href":"https:\/\/gemeindebuechereikastl.de\/index.php?rest_route=%2Fwp%2Fv2%2Fcategories&post=5298"},{"taxonomy":"post_tag","embeddable":true,"href":"https:\/\/gemeindebuechereikastl.de\/index.php?rest_route=%2Fwp%2Fv2%2Ftags&post=5298"}],"curies":[{"name":"wp","href":"https:\/\/api.w.org\/{rel}","templated":true}]}}