{"id":5313,"date":"2024-12-09T15:46:46","date_gmt":"2024-12-09T15:46:46","guid":{"rendered":"https:\/\/gemeindebuechereikastl.de\/?p=5313"},"modified":"2024-12-09T16:05:16","modified_gmt":"2024-12-09T16:05:16","slug":"minibuch-adventskalender-fuer-kinder-waehrend-der-gesamten-adventszeit-2","status":"publish","type":"post","link":"https:\/\/gemeindebuechereikastl.de\/?p=5313","title":{"rendered":"Minibuch \u2013 Adventskalender f\u00fcr Kinder w\u00e4hrend der gesamten Adventszeit"},"content":{"rendered":"<h2 style=\"text-align: center;\"><span style=\"color: #ff6600;\">Ein Minibuch \u2013 Adventskalender wartet w\u00e4hrend der gesamten Adventzeit f\u00fcr alle Kinder in der B\u00fccherei<\/span><\/h2>\n<p><img loading=\"lazy\" decoding=\"async\" class=\"alignleft wp-image-5314 \" src=\"https:\/\/gemeindebuechereikastl.de\/wp-content\/uploads\/2024\/12\/Adventskalender-2024-736x1206.jpg\" alt=\"\" width=\"475\" height=\"779\" srcset=\"https:\/\/gemeindebuechereikastl.de\/wp-content\/uploads\/2024\/12\/Adventskalender-2024-736x1206.jpg 736w, https:\/\/gemeindebuechereikastl.de\/wp-content\/uploads\/2024\/12\/Adventskalender-2024-183x300.jpg 183w, https:\/\/gemeindebuechereikastl.de\/wp-content\/uploads\/2024\/12\/Adventskalender-2024-768x1259.jpg 768w, https:\/\/gemeindebuechereikastl.de\/wp-content\/uploads\/2024\/12\/Adventskalender-2024-937x1536.jpg 937w, https:\/\/gemeindebuechereikastl.de\/wp-content\/uploads\/2024\/12\/Adventskalender-2024-1250x2048.jpg 1250w, https:\/\/gemeindebuechereikastl.de\/wp-content\/uploads\/2024\/12\/Adventskalender-2024-750x1229.jpg 750w, https:\/\/gemeindebuechereikastl.de\/wp-content\/uploads\/2024\/12\/Adventskalender-2024-scaled.jpg 1562w\" sizes=\"auto, (max-width: 475px) 100vw, 475px\" \/><\/p>\n<p>F\u00fcr alle Kinder, die w\u00e4hrend der Adventszeit in die B\u00fccherei kommen gibt es wieder eine kleine \u00dcberraschung in Form eines Adventskalenders <strong>\u201e <\/strong><strong>Mein allererster\u00a0 Adventskalender mit 24 Pappbilderb\u00fcchern zum Herausnehmen: 24 weihnachtliche Geschichten f\u00fcr Kinder&#8220; <\/strong>f\u00fcr die Kinder zum \u00d6ffnen in der B\u00fccherei.<\/p>\n<p><strong>In diesem Adventskalender sind hinter 24 Klappen 24 der sch\u00f6nsten Oetinger-Pappbilderb\u00fccher versteckt \u2013 eins f\u00fcr jeden Tag im Advent<\/strong><\/p>\n<p><strong>\u00a0<\/strong>Jeweils die ersten Kinder, die zu den \u00d6ffnungszeiten in die Gemeindeb\u00fccherei kommen, d\u00fcrfen jeweils ein Fernster des Adventskalenders \u00f6ffnen und das darin enthaltene Minibuch mit nach Hause nehmen. Am Dienstag und Donnerstag d\u00fcrfen die ersten beiden Kinder, jeweils ein T\u00fcrchen \u00f6ffnen und die B\u00fcchlein mitnehmen, am Sonntag sind es dann die drei ersten Kinder.<\/p>\n<p style=\"text-align: center;\"><span style=\"color: #800000;\"><strong>Weiter kann man<br \/>\nin unseren beiden <\/strong><strong><br \/>\nWEIHNACHTS \u2013 BUCH<br \/>\n\u2013 AUSSTELLUNGEN<br \/>\n(Im Erdgeschoss f\u00fcr Kinder und im Obergeschoss f\u00fcr Erwachsene) viele nachdenkliche. besinnliche, interessante und sch\u00f6ne, Weihnachtsb\u00fccher <\/strong><\/span><span style=\"color: #800000;\"><strong>entdecken und ausleihen.<\/strong><\/span><\/p>\n<p><img loading=\"lazy\" decoding=\"async\" class=\"aligncenter wp-image-5322 size-full\" src=\"https:\/\/gemeindebuechereikastl.de\/wp-content\/uploads\/2024\/12\/Weihnachtsbuecher-.jpg\" alt=\"\" width=\"1372\" height=\"963\" srcset=\"https:\/\/gemeindebuechereikastl.de\/wp-content\/uploads\/2024\/12\/Weihnachtsbuecher-.jpg 1372w, https:\/\/gemeindebuechereikastl.de\/wp-content\/uploads\/2024\/12\/Weihnachtsbuecher--300x211.jpg 300w, https:\/\/gemeindebuechereikastl.de\/wp-content\/uploads\/2024\/12\/Weihnachtsbuecher--768x539.jpg 768w, https:\/\/gemeindebuechereikastl.de\/wp-content\/uploads\/2024\/12\/Weihnachtsbuecher--750x526.jpg 750w\" sizes=\"auto, (max-width: 1372px) 100vw, 1372px\" \/><\/p>\n","protected":false},"excerpt":{"rendered":"<p>Ein Minibuch \u2013 Adventskalender wartet w\u00e4hrend der gesamten Adventzeit f\u00fcr alle Kinder in der B\u00fccherei F\u00fcr alle Kinder, die w\u00e4hrend der Adventszeit in die B\u00fccherei kommen gibt es wieder eine kleine \u00dcberraschung in Form eines Adventskalenders \u201e Mein allererster\u00a0 Adventskalender mit 24 Pappbilderb\u00fcchern zum Herausnehmen: 24 weihnachtliche Geschichten f\u00fcr Kinder&#8220; f\u00fcr die Kinder zum \u00d6ffnen &hellip; <\/p>\n<p><a class=\"more-link btn\" href=\"https:\/\/gemeindebuechereikastl.de\/?p=5313\">Weiterlesen<\/a><\/p>\n","protected":false},"author":1,"featured_media":5317,"comment_status":"closed","ping_status":"closed","sticky":false,"template":"","format":"standard","meta":{"footnotes":""},"categories":[5],"tags":[286,91,11,90],"class_list":["post-5313","post","type-post","status-publish","format-standard","has-post-thumbnail","hentry","category-news","tag-advent","tag-adventskalender","tag-buecherei","tag-kinder","item-wrap"],"_links":{"self":[{"href":"https:\/\/gemeindebuechereikastl.de\/index.php?rest_route=\/wp\/v2\/posts\/5313","targetHints":{"allow":["GET"]}}],"collection":[{"href":"https:\/\/gemeindebuechereikastl.de\/index.php?rest_route=\/wp\/v2\/posts"}],"about":[{"href":"https:\/\/gemeindebuechereikastl.de\/index.php?rest_route=\/wp\/v2\/types\/post"}],"author":[{"embeddable":true,"href":"https:\/\/gemeindebuechereikastl.de\/index.php?rest_route=\/wp\/v2\/users\/1"}],"replies":[{"embeddable":true,"href":"https:\/\/gemeindebuechereikastl.de\/index.php?rest_route=%2Fwp%2Fv2%2Fcomments&post=5313"}],"version-history":[{"count":6,"href":"https:\/\/gemeindebuechereikastl.de\/index.php?rest_route=\/wp\/v2\/posts\/5313\/revisions"}],"predecessor-version":[{"id":5328,"href":"https:\/\/gemeindebuechereikastl.de\/index.php?rest_route=\/wp\/v2\/posts\/5313\/revisions\/5328"}],"wp:featuredmedia":[{"embeddable":true,"href":"https:\/\/gemeindebuechereikastl.de\/index.php?rest_route=\/wp\/v2\/media\/5317"}],"wp:attachment":[{"href":"https:\/\/gemeindebuechereikastl.de\/index.php?rest_route=%2Fwp%2Fv2%2Fmedia&parent=5313"}],"wp:term":[{"taxonomy":"category","embeddable":true,"href":"https:\/\/gemeindebuechereikastl.de\/index.php?rest_route=%2Fwp%2Fv2%2Fcategories&post=5313"},{"taxonomy":"post_tag","embeddable":true,"href":"https:\/\/gemeindebuechereikastl.de\/index.php?rest_route=%2Fwp%2Fv2%2Ftags&post=5313"}],"curies":[{"name":"wp","href":"https:\/\/api.w.org\/{rel}","templated":true}]}}