{"id":5321,"date":"2024-12-09T16:00:32","date_gmt":"2024-12-09T16:00:32","guid":{"rendered":"https:\/\/gemeindebuechereikastl.de\/?p=5321"},"modified":"2024-12-09T16:02:45","modified_gmt":"2024-12-09T16:02:45","slug":"weihnachts-buch-ausstellungen-mit-vielen-besinnlichen-nachdenklichen-interessanten-und-lustigen-weihnachtsbuechern","status":"publish","type":"post","link":"https:\/\/gemeindebuechereikastl.de\/?p=5321","title":{"rendered":"Weihnachts\u2013Buch\u2013Ausstellungen mit vielen besinnlichen, nachdenklichen, interessanten und lustigen Weihnachtsb\u00fcchern"},"content":{"rendered":"<h2 style=\"text-align: center;\"><span style=\"color: #ff6600;\"><strong>Gro\u00dfe Auswahl an B\u00fcchern in unseren beiden Weihnachts \u2013 Buch \u2013 Ausstellungen im EG f\u00fcr Kinder und im OG f\u00fcr Erwachsene. Mit vielen besinnlichen, nachdenklichen und interessanten Weihnachtsb\u00fcchern, die warten entdeckt und mitgenommen zu werden<\/strong><\/span><\/h2>\n<p>Auf den ersten Blick erscheint es nicht unbedingt originell, was sich das Team der Gemeindeb\u00fccherei Kastl <img loading=\"lazy\" decoding=\"async\" class=\"alignleft wp-image-5316 \" src=\"https:\/\/gemeindebuechereikastl.de\/wp-content\/uploads\/2024\/12\/Weihnachten-Kinder-850x1206.jpg\" alt=\"\" width=\"385\" height=\"546\" srcset=\"https:\/\/gemeindebuechereikastl.de\/wp-content\/uploads\/2024\/12\/Weihnachten-Kinder-850x1206.jpg 850w, https:\/\/gemeindebuechereikastl.de\/wp-content\/uploads\/2024\/12\/Weihnachten-Kinder-211x300.jpg 211w, https:\/\/gemeindebuechereikastl.de\/wp-content\/uploads\/2024\/12\/Weihnachten-Kinder-768x1090.jpg 768w, https:\/\/gemeindebuechereikastl.de\/wp-content\/uploads\/2024\/12\/Weihnachten-Kinder-1082x1536.jpg 1082w, https:\/\/gemeindebuechereikastl.de\/wp-content\/uploads\/2024\/12\/Weihnachten-Kinder-1443x2048.jpg 1443w, https:\/\/gemeindebuechereikastl.de\/wp-content\/uploads\/2024\/12\/Weihnachten-Kinder-750x1065.jpg 750w, https:\/\/gemeindebuechereikastl.de\/wp-content\/uploads\/2024\/12\/Weihnachten-Kinder-scaled.jpg 1804w\" sizes=\"auto, (max-width: 385px) 100vw, 385px\" \/>f\u00fcr ihren Thementisch im Dezember ausgedacht hat: Weihnachten, das Fest der Liebe! Umso erstaunlicher ist die Vielfalt, die den Lesern unter diesem Motto geboten wird.<\/p>\n<p>Wenn die Tage immer k\u00fcrzer werden und der Winter schlie\u00dflich an die T\u00fcr klopft, ist sie sofort da: die Vorfreude auf Weihnachten. Schon basteln alle eifrig und suchen nach Geschenken. Zur richtigen Einstimmung auf den Advent haben wir unsern Bestand durchforstet und f\u00fcr jedes Alter die sch\u00f6nsten Weihnachtsb\u00fccher zusammengetragen. F\u00fcr die Kinder gibt es im Erdgeschoss die gro\u00dfe Palette an Weihnachtsb\u00fcchern zu sehen und zum Ausleihen.<\/p>\n<p>Da liegen stimmungsvolle Romane bereit, um an langen Winterabenden das Herz zu erw\u00e4rmen. Hinzu kommen Sachb\u00fccher, die dem unersch\u00f6pflichen Thema aus den verschiedensten Blickwinkeln auf den Grund gehen. Und auch die die Einsamkeit ist nicht vergessen, setzt doch gerade zur Weihnachtszeit<strong>\u00a0das<\/strong>\u00a0Alleinsein <img loading=\"lazy\" decoding=\"async\" class=\"wp-image-5315 alignright\" src=\"https:\/\/gemeindebuechereikastl.de\/wp-content\/uploads\/2024\/12\/Weihnachten-Erwachsene-861x1206.jpg\" alt=\"\" width=\"341\" height=\"477\" srcset=\"https:\/\/gemeindebuechereikastl.de\/wp-content\/uploads\/2024\/12\/Weihnachten-Erwachsene-861x1206.jpg 861w, https:\/\/gemeindebuechereikastl.de\/wp-content\/uploads\/2024\/12\/Weihnachten-Erwachsene-214x300.jpg 214w, https:\/\/gemeindebuechereikastl.de\/wp-content\/uploads\/2024\/12\/Weihnachten-Erwachsene-768x1076.jpg 768w, https:\/\/gemeindebuechereikastl.de\/wp-content\/uploads\/2024\/12\/Weihnachten-Erwachsene-1097x1536.jpg 1097w, https:\/\/gemeindebuechereikastl.de\/wp-content\/uploads\/2024\/12\/Weihnachten-Erwachsene-1462x2048.jpg 1462w, https:\/\/gemeindebuechereikastl.de\/wp-content\/uploads\/2024\/12\/Weihnachten-Erwachsene-750x1051.jpg 750w, https:\/\/gemeindebuechereikastl.de\/wp-content\/uploads\/2024\/12\/Weihnachten-Erwachsene-scaled.jpg 1828w\" sizes=\"auto, (max-width: 341px) 100vw, 341px\" \/>manchen besonders heftig zu.<\/p>\n<p>Unsere Buchempfehlungen wollen Sie dabei intensiv begleiten: mit besinnlicher, die Weihnachtsbotschaft \u00fcberbringender Lekt\u00fcre zur Advents- und Weihnachtszeit, mit kreativen Gestaltungsvorschl\u00e4gen f\u00fcr ein festliches Zuhause.<\/p>\n<p><strong>Weiteren interessanten Lesestoff zu \u201eAdvent\u201c und \u201eWeihnachten\u201c findet man auch noch in unserem\u00a0<\/strong><strong><a href=\"https:\/\/iopac.gemeindebuechereikastl.de\/iopac\/\">ONLINE-KATALOG<\/a><\/strong><strong>\u00a0 oder bei einem Besuch in der B\u00fccherei.<\/strong><\/p>\n<p><strong>Ebenfalls viele interesannte B\u00fccher dazu, gibt es auch bei unseren E-Books unter den Rubriken <\/strong><strong>\u201eAn die Pl\u00e4tzchen\u2026 fertig, los!\u201c oder \u201eDer erste Schnee ist da \u2013 Zeit f\u00fcr unsere Winterromane\u201c alles und weiteres mehr, auf\u00a0 <a href=\"http:\/\/www.leo-nord.de\/\">www.leo-nord.de\u00a0<\/a>zu entdecken !!<\/strong><\/p>\n<p>&nbsp;<\/p>\n","protected":false},"excerpt":{"rendered":"<p>Gro\u00dfe Auswahl an B\u00fcchern in unseren beiden Weihnachts \u2013 Buch \u2013 Ausstellungen im EG f\u00fcr Kinder und im OG f\u00fcr Erwachsene. Mit vielen besinnlichen, nachdenklichen und interessanten Weihnachtsb\u00fcchern, die warten entdeckt und mitgenommen zu werden Auf den ersten Blick erscheint es nicht unbedingt originell, was sich das Team der Gemeindeb\u00fccherei Kastl f\u00fcr ihren Thementisch im &hellip; <\/p>\n<p><a class=\"more-link btn\" href=\"https:\/\/gemeindebuechereikastl.de\/?p=5321\">Weiterlesen<\/a><\/p>\n","protected":false},"author":1,"featured_media":5322,"comment_status":"closed","ping_status":"closed","sticky":false,"template":"","format":"standard","meta":{"footnotes":""},"categories":[5],"tags":[286,194,190,195,329,410,411],"class_list":["post-5321","post","type-post","status-publish","format-standard","has-post-thumbnail","hentry","category-news","tag-advent","tag-buchausstellung","tag-kinderbuecher","tag-romane","tag-sachbuecher","tag-weihanchten","tag-weihnachtsbuecher","item-wrap"],"_links":{"self":[{"href":"https:\/\/gemeindebuechereikastl.de\/index.php?rest_route=\/wp\/v2\/posts\/5321","targetHints":{"allow":["GET"]}}],"collection":[{"href":"https:\/\/gemeindebuechereikastl.de\/index.php?rest_route=\/wp\/v2\/posts"}],"about":[{"href":"https:\/\/gemeindebuechereikastl.de\/index.php?rest_route=\/wp\/v2\/types\/post"}],"author":[{"embeddable":true,"href":"https:\/\/gemeindebuechereikastl.de\/index.php?rest_route=\/wp\/v2\/users\/1"}],"replies":[{"embeddable":true,"href":"https:\/\/gemeindebuechereikastl.de\/index.php?rest_route=%2Fwp%2Fv2%2Fcomments&post=5321"}],"version-history":[{"count":3,"href":"https:\/\/gemeindebuechereikastl.de\/index.php?rest_route=\/wp\/v2\/posts\/5321\/revisions"}],"predecessor-version":[{"id":5325,"href":"https:\/\/gemeindebuechereikastl.de\/index.php?rest_route=\/wp\/v2\/posts\/5321\/revisions\/5325"}],"wp:featuredmedia":[{"embeddable":true,"href":"https:\/\/gemeindebuechereikastl.de\/index.php?rest_route=\/wp\/v2\/media\/5322"}],"wp:attachment":[{"href":"https:\/\/gemeindebuechereikastl.de\/index.php?rest_route=%2Fwp%2Fv2%2Fmedia&parent=5321"}],"wp:term":[{"taxonomy":"category","embeddable":true,"href":"https:\/\/gemeindebuechereikastl.de\/index.php?rest_route=%2Fwp%2Fv2%2Fcategories&post=5321"},{"taxonomy":"post_tag","embeddable":true,"href":"https:\/\/gemeindebuechereikastl.de\/index.php?rest_route=%2Fwp%2Fv2%2Ftags&post=5321"}],"curies":[{"name":"wp","href":"https:\/\/api.w.org\/{rel}","templated":true}]}}