{"id":5336,"date":"2024-12-10T09:14:53","date_gmt":"2024-12-10T09:14:53","guid":{"rendered":"https:\/\/gemeindebuechereikastl.de\/?p=5336"},"modified":"2024-12-10T09:50:32","modified_gmt":"2024-12-10T09:50:32","slug":"einladung-zur-adventsfenster-eroeffnung-am-lucia-tag-vor-der-buecherei","status":"publish","type":"post","link":"https:\/\/gemeindebuechereikastl.de\/?p=5336","title":{"rendered":"Einladung zur Adventsfenster-Er\u00f6ffnung am Lucia-Tag vor der B\u00fccherei"},"content":{"rendered":"<h2 style=\"text-align: center;\"><span style=\"color: #ff6600;\"><strong>Am Lucia-Tag, Freitag, 13. Dezember wird zur Er\u00f6ffnung des Adventsfenster an der B\u00fccherei eingeladen<\/strong><\/span><img loading=\"lazy\" decoding=\"async\" class=\"wp-image-5337 alignleft\" src=\"https:\/\/gemeindebuechereikastl.de\/wp-content\/uploads\/2024\/12\/Adventsfenster-2024-853x1206.jpg\" alt=\"\" width=\"442\" height=\"625\" srcset=\"https:\/\/gemeindebuechereikastl.de\/wp-content\/uploads\/2024\/12\/Adventsfenster-2024-853x1206.jpg 853w, https:\/\/gemeindebuechereikastl.de\/wp-content\/uploads\/2024\/12\/Adventsfenster-2024-212x300.jpg 212w, https:\/\/gemeindebuechereikastl.de\/wp-content\/uploads\/2024\/12\/Adventsfenster-2024-768x1086.jpg 768w, https:\/\/gemeindebuechereikastl.de\/wp-content\/uploads\/2024\/12\/Adventsfenster-2024-1086x1536.jpg 1086w, https:\/\/gemeindebuechereikastl.de\/wp-content\/uploads\/2024\/12\/Adventsfenster-2024-750x1061.jpg 750w, https:\/\/gemeindebuechereikastl.de\/wp-content\/uploads\/2024\/12\/Adventsfenster-2024.jpg 1240w\" sizes=\"auto, (max-width: 442px) 100vw, 442px\" \/><\/h2>\n<div class=\"flex max-w-full flex-col flex-grow\">\n<div class=\"min-h-8 text-message flex w-full flex-col items-end gap-2 whitespace-normal break-words text-start [.text-message+&amp;]:mt-5\" dir=\"auto\" data-message-author-role=\"assistant\" data-message-id=\"4cdc6d4c-61d1-4b03-b2dc-302fb55fbb9c\" data-message-model-slug=\"gpt-4o\">\n<div class=\"flex w-full flex-col gap-1 empty:hidden first:pt-[3px]\">\n<div class=\"markdown prose w-full break-words dark:prose-invert light\">\n<p>Am <strong>Freitag, 13. Dezember,<\/strong> wird der Tag der heiligen Lucia in der Pfarr- und Gemeindeb\u00fccherei Kastl auf besondere Weise gefeiert: mit der feierlichen Er\u00f6ffnung eines Adventsfensters. Die Pfarrei und das B\u00fcchereiteam laden alle herzlich dazu ein, gemeinsam diese vorweihnachtliche Tradition zu genie\u00dfen.<\/p>\n<h3><strong>Ein besinnlicher Abend f\u00fcr Gro\u00df und Klein<\/strong><\/h3>\n<p>Die<strong> Er\u00f6ffnung des Adventsfensters beginnt um 18:00 Uhr<\/strong> vor der Pfarr- und Gemeindeb\u00fccherei in der Klosterbergstra\u00dfe 1. Freuen Sie sich auf ein liebevoll gestaltetes Fenster, das die Adventszeit mit Geschichten, Texten und Liedern stimmungsvoll erlebbar macht. Jede Besucherin und jeder Besucher darf sich zudem \u00fcber eine kleine \u00dcberraschung freuen.<\/p>\n<h3><strong>Gem\u00fctlicher Ausklang bei Gl\u00fchwein und Geb\u00e4ck<\/strong><\/h3>\n<p>Nach der feierlichen Er\u00f6ffnung l\u00e4dt das Team der Pfarr- und Gemeindeb\u00fccherei zu einem gem\u00fctlichen Beisammensein ein. Es gibt Gl\u00fchwein \u2013 mit und ohne Alkohol \u2013 sowie leckeres Geb\u00e4ck, um den Abend in wohliger Atmosph\u00e4re ausklingen zu lassen.<\/p>\n<p style=\"text-align: center;\"><strong>Der Pfarrgemeinderat und das B\u00fcchereiteam freuen sich auf zahlreiche Besucher, um gemeinsam den Geist der Adventszeit zu erleben. Seien Sie dabei!<\/strong><\/p>\n<\/div>\n<\/div>\n<\/div>\n<\/div>\n<p>&nbsp;<\/p>\n","protected":false},"excerpt":{"rendered":"<p>Am Lucia-Tag, Freitag, 13. Dezember wird zur Er\u00f6ffnung des Adventsfenster an der B\u00fccherei eingeladen Am Freitag, 13. Dezember, wird der Tag der heiligen Lucia in der Pfarr- und Gemeindeb\u00fccherei Kastl auf besondere Weise gefeiert: mit der feierlichen Er\u00f6ffnung eines Adventsfensters. Die Pfarrei und das B\u00fcchereiteam laden alle herzlich dazu ein, gemeinsam diese vorweihnachtliche Tradition zu &hellip; <\/p>\n<p><a class=\"more-link btn\" href=\"https:\/\/gemeindebuechereikastl.de\/?p=5336\">Weiterlesen<\/a><\/p>\n","protected":false},"author":1,"featured_media":5337,"comment_status":"closed","ping_status":"closed","sticky":false,"template":"","format":"standard","meta":{"footnotes":""},"categories":[5],"tags":[288,64,253,647],"class_list":["post-5336","post","type-post","status-publish","format-standard","has-post-thumbnail","hentry","category-news","tag-adventsfenster","tag-buechereiteam","tag-gemeindebuecherei-kastl","tag-pfarrgemeindrat","item-wrap"],"_links":{"self":[{"href":"https:\/\/gemeindebuechereikastl.de\/index.php?rest_route=\/wp\/v2\/posts\/5336","targetHints":{"allow":["GET"]}}],"collection":[{"href":"https:\/\/gemeindebuechereikastl.de\/index.php?rest_route=\/wp\/v2\/posts"}],"about":[{"href":"https:\/\/gemeindebuechereikastl.de\/index.php?rest_route=\/wp\/v2\/types\/post"}],"author":[{"embeddable":true,"href":"https:\/\/gemeindebuechereikastl.de\/index.php?rest_route=\/wp\/v2\/users\/1"}],"replies":[{"embeddable":true,"href":"https:\/\/gemeindebuechereikastl.de\/index.php?rest_route=%2Fwp%2Fv2%2Fcomments&post=5336"}],"version-history":[{"count":2,"href":"https:\/\/gemeindebuechereikastl.de\/index.php?rest_route=\/wp\/v2\/posts\/5336\/revisions"}],"predecessor-version":[{"id":5339,"href":"https:\/\/gemeindebuechereikastl.de\/index.php?rest_route=\/wp\/v2\/posts\/5336\/revisions\/5339"}],"wp:featuredmedia":[{"embeddable":true,"href":"https:\/\/gemeindebuechereikastl.de\/index.php?rest_route=\/wp\/v2\/media\/5337"}],"wp:attachment":[{"href":"https:\/\/gemeindebuechereikastl.de\/index.php?rest_route=%2Fwp%2Fv2%2Fmedia&parent=5336"}],"wp:term":[{"taxonomy":"category","embeddable":true,"href":"https:\/\/gemeindebuechereikastl.de\/index.php?rest_route=%2Fwp%2Fv2%2Fcategories&post=5336"},{"taxonomy":"post_tag","embeddable":true,"href":"https:\/\/gemeindebuechereikastl.de\/index.php?rest_route=%2Fwp%2Fv2%2Ftags&post=5336"}],"curies":[{"name":"wp","href":"https:\/\/api.w.org\/{rel}","templated":true}]}}