{"id":5368,"date":"2024-12-18T11:52:29","date_gmt":"2024-12-18T11:52:29","guid":{"rendered":"https:\/\/gemeindebuechereikastl.de\/?p=5368"},"modified":"2024-12-18T13:07:21","modified_gmt":"2024-12-18T13:07:21","slug":"wir-warten-aufs-christkind-vorlesezeit-am-sasmtag-21-dezember-um-10-00-uhr","status":"publish","type":"post","link":"https:\/\/gemeindebuechereikastl.de\/?p=5368","title":{"rendered":"Wir warten aufs Christkind &#8211; Vorlesezeit am Sasmtag, 21. Dezember um 10.00 Uhr"},"content":{"rendered":"<h2 style=\"text-align: center;\"><strong><span style=\"color: #ff6600;\">Kastler Vorlesezeit unter dem Motto &#8222;Wir warten aufs Christkind&#8220; am Samstag, 21. Dezember<br \/>\num 10.00 Uhr in der B\u00fccherei<\/span><\/strong><\/h2>\n<p><img loading=\"lazy\" decoding=\"async\" class=\"wp-image-5370 alignleft\" src=\"https:\/\/gemeindebuechereikastl.de\/wp-content\/uploads\/2024\/12\/Weihnacht.jpg\" alt=\"\" width=\"119\" height=\"195\" srcset=\"https:\/\/gemeindebuechereikastl.de\/wp-content\/uploads\/2024\/12\/Weihnacht.jpg 395w, https:\/\/gemeindebuechereikastl.de\/wp-content\/uploads\/2024\/12\/Weihnacht-183x300.jpg 183w\" sizes=\"auto, (max-width: 119px) 100vw, 119px\" \/><\/p>\n<p><strong>Elisabeth Weidel liest aus dem Buch \u201e<\/strong><span id=\"productTitle\" class=\"a-size-large celwidget\" data-csa-c-id=\"f9seie-3eammd-cloh7w-8nn0qk\" data-cel-widget=\"productTitle\"><strong>Als ich die Christtagsfreude holen ging: Geschichten zur Weihnacht&#8220; von Peter Rosegger<\/strong><br \/>\n<\/span><\/p>\n<p>Peter Roseggers Erz\u00e4hlung von der einfachen Weihnacht eines Bergbauernsohnes ist wohl seine bekannteste Weihnachtsgeschichte. Sie erz\u00e4hlt von der Vorbereitung auf Heiligabend in einem alpenl\u00e4ndischen Dorf des 19. Jahrhunderts. Bei allen Anstrengungen war diese von der Vo<img loading=\"lazy\" decoding=\"async\" class=\"wp-image-5371 alignright\" src=\"https:\/\/gemeindebuechereikastl.de\/wp-content\/uploads\/2024\/12\/Weihnachtshaeuschen-300x218.jpg\" alt=\"\" width=\"150\" height=\"109\" srcset=\"https:\/\/gemeindebuechereikastl.de\/wp-content\/uploads\/2024\/12\/Weihnachtshaeuschen-300x218.jpg 300w, https:\/\/gemeindebuechereikastl.de\/wp-content\/uploads\/2024\/12\/Weihnachtshaeuschen-768x559.jpg 768w, https:\/\/gemeindebuechereikastl.de\/wp-content\/uploads\/2024\/12\/Weihnachtshaeuschen-750x546.jpg 750w, https:\/\/gemeindebuechereikastl.de\/wp-content\/uploads\/2024\/12\/Weihnachtshaeuschen.jpg 1158w\" sizes=\"auto, (max-width: 150px) 100vw, 150px\" \/>rfreude auf die heilige Nacht gepr\u00e4gt.<\/p>\n<p>Nach der Geschichte wird noch gabstelt, alle Kinder k\u00f6nnen ein &#8222;Weihnachtsh\u00e4uschen&#8220; basteln und dann mit nach Hause nehmen.<\/p>\n<p style=\"text-align: center;\">&#8212;&#8212;&#8212;&#8212;&#8212;&#8212;&#8212;&#8212;&#8212;&#8212;&#8212;&#8212;&#8212;&#8212;&#8212;&#8212;&#8212;&#8212;&#8212;&#8212;&#8212;&#8212;&#8212;&#8212;&#8212;&#8212;&#8212;&#8212;&#8212;&#8212;&#8212;&#8212;&#8212;&#8212;&#8212;&#8212;&#8212;&#8212;&#8212;<\/p>\n<p style=\"text-align: center;\"><strong>Die n\u00e4chste Vorlesezeit ist dann am Samstag, 4. Janaur 2025 um 10.00 Uhr in der B\u00fccherei.<br \/>\nJosef Riedl liest den magischen Abenteuerklassiker <span style=\"color: #ff6600;\">\u201eIgraine Ohnefurcht\u201c<\/span> \u00fcber ein mutiges M\u00e4dchen,<br \/>\ndas Ritterin werden will.<\/strong><\/p>\n","protected":false},"excerpt":{"rendered":"<p>Kastler Vorlesezeit unter dem Motto &#8222;Wir warten aufs Christkind&#8220; am Samstag, 21. Dezember um 10.00 Uhr in der B\u00fccherei Elisabeth Weidel liest aus dem Buch \u201eAls ich die Christtagsfreude holen ging: Geschichten zur Weihnacht&#8220; von Peter Rosegger Peter Roseggers Erz\u00e4hlung von der einfachen Weihnacht eines Bergbauernsohnes ist wohl seine bekannteste Weihnachtsgeschichte. Sie erz\u00e4hlt von der &hellip; <\/p>\n<p><a class=\"more-link btn\" href=\"https:\/\/gemeindebuechereikastl.de\/?p=5368\">Weiterlesen<\/a><\/p>\n","protected":false},"author":1,"featured_media":5370,"comment_status":"closed","ping_status":"closed","sticky":false,"template":"","format":"standard","meta":{"footnotes":""},"categories":[5],"tags":[239,173,138],"class_list":["post-5368","post","type-post","status-publish","format-standard","has-post-thumbnail","hentry","category-news","tag-basteln","tag-vorlesezeit","tag-weihnachten","item-wrap"],"_links":{"self":[{"href":"https:\/\/gemeindebuechereikastl.de\/index.php?rest_route=\/wp\/v2\/posts\/5368","targetHints":{"allow":["GET"]}}],"collection":[{"href":"https:\/\/gemeindebuechereikastl.de\/index.php?rest_route=\/wp\/v2\/posts"}],"about":[{"href":"https:\/\/gemeindebuechereikastl.de\/index.php?rest_route=\/wp\/v2\/types\/post"}],"author":[{"embeddable":true,"href":"https:\/\/gemeindebuechereikastl.de\/index.php?rest_route=\/wp\/v2\/users\/1"}],"replies":[{"embeddable":true,"href":"https:\/\/gemeindebuechereikastl.de\/index.php?rest_route=%2Fwp%2Fv2%2Fcomments&post=5368"}],"version-history":[{"count":5,"href":"https:\/\/gemeindebuechereikastl.de\/index.php?rest_route=\/wp\/v2\/posts\/5368\/revisions"}],"predecessor-version":[{"id":5376,"href":"https:\/\/gemeindebuechereikastl.de\/index.php?rest_route=\/wp\/v2\/posts\/5368\/revisions\/5376"}],"wp:featuredmedia":[{"embeddable":true,"href":"https:\/\/gemeindebuechereikastl.de\/index.php?rest_route=\/wp\/v2\/media\/5370"}],"wp:attachment":[{"href":"https:\/\/gemeindebuechereikastl.de\/index.php?rest_route=%2Fwp%2Fv2%2Fmedia&parent=5368"}],"wp:term":[{"taxonomy":"category","embeddable":true,"href":"https:\/\/gemeindebuechereikastl.de\/index.php?rest_route=%2Fwp%2Fv2%2Fcategories&post=5368"},{"taxonomy":"post_tag","embeddable":true,"href":"https:\/\/gemeindebuechereikastl.de\/index.php?rest_route=%2Fwp%2Fv2%2Ftags&post=5368"}],"curies":[{"name":"wp","href":"https:\/\/api.w.org\/{rel}","templated":true}]}}