{"id":539,"date":"2018-06-05T14:00:33","date_gmt":"2018-06-05T14:00:33","guid":{"rendered":"http:\/\/gemeindebuechereikastl.de\/?p=539"},"modified":"2018-06-05T17:04:59","modified_gmt":"2018-06-05T17:04:59","slug":"musicalfahrt-zu-my-fair-lady","status":"publish","type":"post","link":"https:\/\/gemeindebuechereikastl.de\/?p=539","title":{"rendered":"Musicalfahrt zu &#8222;My Fair Lady&#8220;"},"content":{"rendered":"<h2 style=\"text-align: center;\"><span style=\"color: #ff6600;\"><strong>Samstag,\u00a011. August\u00a0~ Musicalbesuch bei den<\/strong><\/span><br \/>\n<span style=\"color: #ff6600;\"><strong>Luisenburg &#8211; Festspielen &#8211; &#8222;MY\u00a0 FAIR\u00a0 LADY&#8220;<\/strong><\/span><\/h2>\n<h3 style=\"text-align: center;\">Musical von Alan Jay Lerner und Frederick Loewe<\/h3>\n<h3 style=\"text-align: center;\"><img loading=\"lazy\" decoding=\"async\" class=\"wp-image-541 aligncenter\" src=\"https:\/\/gemeindebuechereikastl.de\/wp-content\/uploads\/2018\/06\/My-fair-Lady-2-300x200.jpg\" alt=\"\" width=\"562\" height=\"374\" srcset=\"https:\/\/gemeindebuechereikastl.de\/wp-content\/uploads\/2018\/06\/My-fair-Lady-2-300x200.jpg 300w, https:\/\/gemeindebuechereikastl.de\/wp-content\/uploads\/2018\/06\/My-fair-Lady-2-768x512.jpg 768w, https:\/\/gemeindebuechereikastl.de\/wp-content\/uploads\/2018\/06\/My-fair-Lady-2-1024x683.jpg 1024w, https:\/\/gemeindebuechereikastl.de\/wp-content\/uploads\/2018\/06\/My-fair-Lady-2.jpg 1200w\" sizes=\"auto, (max-width: 562px) 100vw, 562px\" \/><\/h3>\n<p>Die Sprachforscher Professor Higgins und Oberst Pickering wetten, dass Higgins das Blumenm\u00e4dchen Eliza Doolittle trotz ihres schrillen Dialekts und ihrer ordin\u00e4ren Sprache zur feinen Dame der Gesellschaft erziehen kann. Nach Monaten zwischen Erfolgen und R\u00fcckschl\u00e4gen soll sie sich schlie\u00dflich auf einem gro\u00dfen Ball beweisen. Eliza lernt viel \u00fcber \u00c4u\u00dferlichkeiten. Ob der hochn\u00e4sige Higgins jedoch jemals lernt, dass er niemanden zu seinem Gesch\u00f6pf machen kann?<br \/>\n&#8212;&#8212;&#8212;&#8212;&#8212;&#8212;&#8212;&#8212;&#8212;&#8212;&#8212;&#8212;&#8212;&#8212;&#8212;&#8212;&#8212;&#8212;&#8212;&#8212;&#8212;&#8212;&#8212;&#8212;&#8212;&#8212;&#8212;&#8212;&#8212;&#8212;&#8212;&#8212;&#8212;&#8212;&#8212;&#8212;&#8212;&#8212;&#8212;&#8212;&#8212;&#8212;&#8212;&#8212;&#8212;<img loading=\"lazy\" decoding=\"async\" class=\"alignleft wp-image-542\" src=\"https:\/\/gemeindebuechereikastl.de\/wp-content\/uploads\/2018\/06\/My-fair-Lady-1-300x200.jpg\" alt=\"\" width=\"379\" height=\"252\" srcset=\"https:\/\/gemeindebuechereikastl.de\/wp-content\/uploads\/2018\/06\/My-fair-Lady-1-300x200.jpg 300w, https:\/\/gemeindebuechereikastl.de\/wp-content\/uploads\/2018\/06\/My-fair-Lady-1-768x512.jpg 768w, https:\/\/gemeindebuechereikastl.de\/wp-content\/uploads\/2018\/06\/My-fair-Lady-1-1024x683.jpg 1024w, https:\/\/gemeindebuechereikastl.de\/wp-content\/uploads\/2018\/06\/My-fair-Lady-1.jpg 1200w\" sizes=\"auto, (max-width: 379px) 100vw, 379px\" \/><\/p>\n<h4>* Der Teilnehmerpreis betr\u00e4gt <span style=\"color: #ff0000;\">61,00 Euro<\/span> pro Person (Eintritt + Busfahrt)<\/h4>\n<h4><strong>* Abfahrt<\/strong>\u00a0&#8211; Samstag, 11. August<br \/>\num <strong>12.00 Uhr <\/strong>am Bahnhof in Kastl<\/h4>\n<h4><strong>*Beginn<\/strong>\u00a0 &#8211; des St\u00fcckes\u00a0um <strong>15.00 Uhr<\/strong><\/h4>\n<h4><strong>Nach der Auff\u00fchrung\u00a0 &#8211; Abendessen<\/strong> im &#8222;Wirtshaus\u00a0 Gl\u00e4\u00dfl im Gut&#8220; in G\u00f6pfersgr\u00fcn<\/h4>\n<h4>Die <strong>Anmeldung ist ab sofort in der B\u00fccherei\u00a0zu den bekannten \u00d6ffnungszeiten oder bei Georg D\u00fcrr m\u00f6glich<\/strong>. Bei der Anmeldung ist der komplette Fahrpreis zu bezahlen.<\/h4>\n<h3 style=\"text-align: center;\"><span style=\"color: #ff0000;\"><strong><a style=\"color: #ff0000;\" href=\"https:\/\/gemeindebuechereikastl.de\/wp-content\/uploads\/2018\/06\/Flyer-Musicalfahrt-2018-My-Fair-Lady.pdf\">Flyer Musicalfahrt 2018 &#8211; My Fair Lady<\/a><\/strong><\/span><\/h3>\n","protected":false},"excerpt":{"rendered":"<p>Samstag,\u00a011. August\u00a0~ Musicalbesuch bei den Luisenburg &#8211; Festspielen &#8211; &#8222;MY\u00a0 FAIR\u00a0 LADY&#8220; Musical von Alan Jay Lerner und Frederick Loewe Die Sprachforscher Professor Higgins und Oberst Pickering wetten, dass Higgins das Blumenm\u00e4dchen Eliza Doolittle trotz ihres schrillen Dialekts und ihrer ordin\u00e4ren Sprache zur feinen Dame der Gesellschaft erziehen kann. Nach Monaten zwischen Erfolgen und R\u00fcckschl\u00e4gen &hellip; <\/p>\n<p><a class=\"more-link btn\" href=\"https:\/\/gemeindebuechereikastl.de\/?p=539\">Weiterlesen<\/a><\/p>\n","protected":false},"author":1,"featured_media":0,"comment_status":"closed","ping_status":"closed","sticky":false,"template":"","format":"standard","meta":{"footnotes":""},"categories":[1],"tags":[54,48],"class_list":["post-539","post","type-post","status-publish","format-standard","hentry","category-team","tag-leserfahrt","tag-musical","item-wrap"],"_links":{"self":[{"href":"https:\/\/gemeindebuechereikastl.de\/index.php?rest_route=\/wp\/v2\/posts\/539","targetHints":{"allow":["GET"]}}],"collection":[{"href":"https:\/\/gemeindebuechereikastl.de\/index.php?rest_route=\/wp\/v2\/posts"}],"about":[{"href":"https:\/\/gemeindebuechereikastl.de\/index.php?rest_route=\/wp\/v2\/types\/post"}],"author":[{"embeddable":true,"href":"https:\/\/gemeindebuechereikastl.de\/index.php?rest_route=\/wp\/v2\/users\/1"}],"replies":[{"embeddable":true,"href":"https:\/\/gemeindebuechereikastl.de\/index.php?rest_route=%2Fwp%2Fv2%2Fcomments&post=539"}],"version-history":[{"count":8,"href":"https:\/\/gemeindebuechereikastl.de\/index.php?rest_route=\/wp\/v2\/posts\/539\/revisions"}],"predecessor-version":[{"id":556,"href":"https:\/\/gemeindebuechereikastl.de\/index.php?rest_route=\/wp\/v2\/posts\/539\/revisions\/556"}],"wp:attachment":[{"href":"https:\/\/gemeindebuechereikastl.de\/index.php?rest_route=%2Fwp%2Fv2%2Fmedia&parent=539"}],"wp:term":[{"taxonomy":"category","embeddable":true,"href":"https:\/\/gemeindebuechereikastl.de\/index.php?rest_route=%2Fwp%2Fv2%2Fcategories&post=539"},{"taxonomy":"post_tag","embeddable":true,"href":"https:\/\/gemeindebuechereikastl.de\/index.php?rest_route=%2Fwp%2Fv2%2Ftags&post=539"}],"curies":[{"name":"wp","href":"https:\/\/api.w.org\/{rel}","templated":true}]}}