{"id":5404,"date":"2025-01-07T17:14:24","date_gmt":"2025-01-07T17:14:24","guid":{"rendered":"https:\/\/gemeindebuechereikastl.de\/?p=5404"},"modified":"2025-01-07T17:14:24","modified_gmt":"2025-01-07T17:14:24","slug":"eisige-geschichten-mit-buechern-aus-der-buecherei","status":"publish","type":"post","link":"https:\/\/gemeindebuechereikastl.de\/?p=5404","title":{"rendered":"Eisige Geschichten mit B\u00fcchern aus der B\u00fccherei"},"content":{"rendered":"<h2 style=\"text-align: center;\"><span style=\"color: #ff6600;\"><strong>Buchausstellung: \u201eEisige Welten \u2013 Geschichten aus Schnee und Frost\u201c<\/strong><\/span><\/h2>\n<p><img loading=\"lazy\" decoding=\"async\" class=\"alignleft wp-image-5405 \" src=\"https:\/\/gemeindebuechereikastl.de\/wp-content\/uploads\/2025\/01\/20250107_172600-679x1206.jpg\" alt=\"\" width=\"412\" height=\"732\" srcset=\"https:\/\/gemeindebuechereikastl.de\/wp-content\/uploads\/2025\/01\/20250107_172600-679x1206.jpg 679w, https:\/\/gemeindebuechereikastl.de\/wp-content\/uploads\/2025\/01\/20250107_172600-169x300.jpg 169w, https:\/\/gemeindebuechereikastl.de\/wp-content\/uploads\/2025\/01\/20250107_172600-768x1364.jpg 768w, https:\/\/gemeindebuechereikastl.de\/wp-content\/uploads\/2025\/01\/20250107_172600-865x1536.jpg 865w, https:\/\/gemeindebuechereikastl.de\/wp-content\/uploads\/2025\/01\/20250107_172600-1153x2048.jpg 1153w, https:\/\/gemeindebuechereikastl.de\/wp-content\/uploads\/2025\/01\/20250107_172600-750x1332.jpg 750w, https:\/\/gemeindebuechereikastl.de\/wp-content\/uploads\/2025\/01\/20250107_172600-scaled.jpg 1441w\" sizes=\"auto, (max-width: 412px) 100vw, 412px\" \/>Tauchen Sie ein in die faszinierende Welt von Eis und K\u00e4lte! Unsere aktuelle Buchausstellung \u201eEisige Geschichten\u201c entf\u00fchrt Sie in die atemberaubende Sch\u00f6nheit und die Geheimnisse der Polarregionen, der Eiszeiten und frostigen Landschaften.<\/p>\n<p>Entdecken Sie eine einzigartige Auswahl an B\u00fcchern, die die Extreme des Lebens in der K\u00e4lte beleuchten:<\/p>\n<ul>\n<li><strong>Abenteuer und Entdeckungen<\/strong>: Lesen Sie spannende Berichte \u00fcber legend\u00e4re Expeditionen zum Nord- und S\u00fcdpol, wie die Reisen von Roald Amundsen oder Robert Falcon Scott . Erleben Sie die Herausforderungen, die diese mutigen Pioniere in endlosen Eisw\u00fcsten meisterten.<\/li>\n<li><strong>Tiere in der K\u00e4lte<\/strong>: Staunen Sie \u00fcber die erstaunlichen Anpassungen von Eisb\u00e4ren, Kaiserpinguinen und anderen Bewohnern der Polarregionen, die selbst in den extremsten Bedingungen \u00fcberleben k\u00f6nnen.<\/li>\n<li><strong>Geschichten aus der Eiszeit<\/strong>: Lassen Sie sich in die Vergangenheit entf\u00fchren und erfahren Sie mehr \u00fcber die riesigen Gletscher, Mammuts und das Leben der fr\u00fchen Menschen w\u00e4hrend der letzten Eiszeiten.<\/li>\n<li><strong>Geschichten in Frost und Eis<\/strong>: Entdecken Sie Kinderb\u00fccher, die von eisigen Landschaften inspiriert wurden und die K\u00e4lte wird zum Schauplatz gro\u00dfer Abenteuer.<\/li>\n<\/ul>\n<p>Lassen Sie sich von den eisigen Welten faszinieren und erleben Sie, wie die Geschichten des Eises die Fantasie zum Leben erwecken k\u00f6nnen. Wir freuen uns auf Ihren Besuch!<\/p>\n<h4>Weitere interessante B\u00fccher und Medien aus unserem Angebot zu diesem Thema findet ihr im\u00a0<a href=\"https:\/\/iopac.gemeindebuechereikastl.de\/iopac\/\">Online-Katalog<\/a> unter den Stichworten: S\u00fcdpol, Nordpol, Arktis und Antarktis, Eisb\u00e4r, Entdecker usw. Oder bei einem Besuch in der B\u00fccherei.<\/h4>\n<h4>Ebenfalls viel interessannte eBooks zu \u201e<strong>Eisige Welten \u2013 Geschichten aus Schnee und Frost<\/strong>\u201c, gibt es auch unter <a href=\"http:\/\/www.leo-nord.de\/\">www.leo-nord.de\u00a0<\/a>zu entdecken !!<\/h4>\n","protected":false},"excerpt":{"rendered":"<p>Buchausstellung: \u201eEisige Welten \u2013 Geschichten aus Schnee und Frost\u201c Tauchen Sie ein in die faszinierende Welt von Eis und K\u00e4lte! Unsere aktuelle Buchausstellung \u201eEisige Geschichten\u201c entf\u00fchrt Sie in die atemberaubende Sch\u00f6nheit und die Geheimnisse der Polarregionen, der Eiszeiten und frostigen Landschaften. Entdecken Sie eine einzigartige Auswahl an B\u00fcchern, die die Extreme des Lebens in der &hellip; <\/p>\n<p><a class=\"more-link btn\" href=\"https:\/\/gemeindebuechereikastl.de\/?p=5404\">Weiterlesen<\/a><\/p>\n","protected":false},"author":1,"featured_media":5405,"comment_status":"closed","ping_status":"closed","sticky":false,"template":"","format":"standard","meta":{"footnotes":""},"categories":[1],"tags":[194,653],"class_list":["post-5404","post","type-post","status-publish","format-standard","has-post-thumbnail","hentry","category-team","tag-buchausstellung","tag-eisige-geschichten","item-wrap"],"_links":{"self":[{"href":"https:\/\/gemeindebuechereikastl.de\/index.php?rest_route=\/wp\/v2\/posts\/5404","targetHints":{"allow":["GET"]}}],"collection":[{"href":"https:\/\/gemeindebuechereikastl.de\/index.php?rest_route=\/wp\/v2\/posts"}],"about":[{"href":"https:\/\/gemeindebuechereikastl.de\/index.php?rest_route=\/wp\/v2\/types\/post"}],"author":[{"embeddable":true,"href":"https:\/\/gemeindebuechereikastl.de\/index.php?rest_route=\/wp\/v2\/users\/1"}],"replies":[{"embeddable":true,"href":"https:\/\/gemeindebuechereikastl.de\/index.php?rest_route=%2Fwp%2Fv2%2Fcomments&post=5404"}],"version-history":[{"count":1,"href":"https:\/\/gemeindebuechereikastl.de\/index.php?rest_route=\/wp\/v2\/posts\/5404\/revisions"}],"predecessor-version":[{"id":5406,"href":"https:\/\/gemeindebuechereikastl.de\/index.php?rest_route=\/wp\/v2\/posts\/5404\/revisions\/5406"}],"wp:featuredmedia":[{"embeddable":true,"href":"https:\/\/gemeindebuechereikastl.de\/index.php?rest_route=\/wp\/v2\/media\/5405"}],"wp:attachment":[{"href":"https:\/\/gemeindebuechereikastl.de\/index.php?rest_route=%2Fwp%2Fv2%2Fmedia&parent=5404"}],"wp:term":[{"taxonomy":"category","embeddable":true,"href":"https:\/\/gemeindebuechereikastl.de\/index.php?rest_route=%2Fwp%2Fv2%2Fcategories&post=5404"},{"taxonomy":"post_tag","embeddable":true,"href":"https:\/\/gemeindebuechereikastl.de\/index.php?rest_route=%2Fwp%2Fv2%2Ftags&post=5404"}],"curies":[{"name":"wp","href":"https:\/\/api.w.org\/{rel}","templated":true}]}}