{"id":5416,"date":"2025-01-12T16:27:35","date_gmt":"2025-01-12T16:27:35","guid":{"rendered":"https:\/\/gemeindebuechereikastl.de\/?p=5416"},"modified":"2025-01-24T10:12:31","modified_gmt":"2025-01-24T10:12:31","slug":"buechereiteam-gestaltete-das-obergeschoss-leserfreundlicher","status":"publish","type":"post","link":"https:\/\/gemeindebuechereikastl.de\/?p=5416","title":{"rendered":"B\u00fcchereiteam gestaltete das Obergeschoss Leserfreundlicher"},"content":{"rendered":"<h2 style=\"text-align: center;\"><span style=\"color: #ff6600;\"><strong>B\u00fcchereiteam schlie\u00dft Umgestaltung des Obergeschosses ab, jetzt besser auf die Bed\u00fcrfnisse der Leser abgestimmt<\/strong><\/span><\/h2>\n<p>Gleich zu Beginn des neuen Jahres zeigte sich das Team der Gemeindeb\u00fccherei Kastl von seiner flei\u00dfigen Seite. Im Obergeschoss wurden zahlreiche B\u00fccher hin und her transportiert, um die Jugendb\u00fccher, Mangas, Romane und Sachb\u00fccher neu zu ordnen und \u00fcbersichtlicher zu gestalten.<\/p>\n<p><img loading=\"lazy\" decoding=\"async\" class=\"wp-image-5422 size-large alignnone\" src=\"https:\/\/gemeindebuechereikastl.de\/wp-content\/uploads\/2025\/01\/Umstellung-Buecher-OG-1603x902.jpg\" alt=\"\" width=\"750\" height=\"422\" srcset=\"https:\/\/gemeindebuechereikastl.de\/wp-content\/uploads\/2025\/01\/Umstellung-Buecher-OG-1603x902.jpg 1603w, https:\/\/gemeindebuechereikastl.de\/wp-content\/uploads\/2025\/01\/Umstellung-Buecher-OG-300x169.jpg 300w, https:\/\/gemeindebuechereikastl.de\/wp-content\/uploads\/2025\/01\/Umstellung-Buecher-OG-768x432.jpg 768w, https:\/\/gemeindebuechereikastl.de\/wp-content\/uploads\/2025\/01\/Umstellung-Buecher-OG-1536x865.jpg 1536w, https:\/\/gemeindebuechereikastl.de\/wp-content\/uploads\/2025\/01\/Umstellung-Buecher-OG-2048x1153.jpg 2048w, https:\/\/gemeindebuechereikastl.de\/wp-content\/uploads\/2025\/01\/Umstellung-Buecher-OG-750x422.jpg 750w\" sizes=\"auto, (max-width: 750px) 100vw, 750px\" \/><\/p>\n<p>Bereits im Fr\u00fchjahr 2024 hatte das Obergeschoss ein neues Gesicht bekommen: Eine kleine Leserecke l\u00e4dt seitdem dazu ein, in Ruhe B\u00fccher auszuw\u00e4hlen oder mit anderen Lesern ins Gespr\u00e4ch zu kommen. <img loading=\"lazy\" decoding=\"async\" class=\"alignright wp-image-5419 \" src=\"https:\/\/gemeindebuechereikastl.de\/wp-content\/uploads\/2025\/01\/Umstellung-1-1603x1038.jpg\" alt=\"\" width=\"440\" height=\"285\" srcset=\"https:\/\/gemeindebuechereikastl.de\/wp-content\/uploads\/2025\/01\/Umstellung-1-1603x1038.jpg 1603w, https:\/\/gemeindebuechereikastl.de\/wp-content\/uploads\/2025\/01\/Umstellung-1-300x194.jpg 300w, https:\/\/gemeindebuechereikastl.de\/wp-content\/uploads\/2025\/01\/Umstellung-1-768x497.jpg 768w, https:\/\/gemeindebuechereikastl.de\/wp-content\/uploads\/2025\/01\/Umstellung-1-1536x994.jpg 1536w, https:\/\/gemeindebuechereikastl.de\/wp-content\/uploads\/2025\/01\/Umstellung-1-2048x1326.jpg 2048w, https:\/\/gemeindebuechereikastl.de\/wp-content\/uploads\/2025\/01\/Umstellung-1-750x486.jpg 750w\" sizes=\"auto, (max-width: 440px) 100vw, 440px\" \/>Zus\u00e4tzlich wurde ein ganzes Regal umgebaut, um dort alle neu angeschafften Romane eines Jahres zu pr\u00e4sentieren. Damit haben die Leser einen schnellen \u00dcberblick \u00fcber die aktuellen literarischen Highlights, die das Team f\u00fcr sie ausgew\u00e4hlt hat.<\/p>\n<p>Nun ging es noch einen Schritt weiter: Das ehrenamtliche B\u00fcchereiteam war eine ganze Woche im Einsatz, um die B\u00fccher neu anzuordnen und das Obergeschoss insgesamt benutzerfreundlicher zu gestalten. Durch die neue Pr\u00e4sentation der B\u00fccher finden die Benutzer einfacher ihre Lieblingsb\u00fccher.<br \/>\n<img loading=\"lazy\" decoding=\"async\" class=\"wp-image-5426 alignleft\" src=\"https:\/\/gemeindebuechereikastl.de\/wp-content\/uploads\/2025\/01\/Umstellungsplan-Obergeschoss-1603x1133.jpg\" alt=\"\" width=\"383\" height=\"270\" srcset=\"https:\/\/gemeindebuechereikastl.de\/wp-content\/uploads\/2025\/01\/Umstellungsplan-Obergeschoss-1603x1133.jpg 1603w, https:\/\/gemeindebuechereikastl.de\/wp-content\/uploads\/2025\/01\/Umstellungsplan-Obergeschoss-300x212.jpg 300w, https:\/\/gemeindebuechereikastl.de\/wp-content\/uploads\/2025\/01\/Umstellungsplan-Obergeschoss-768x543.jpg 768w, https:\/\/gemeindebuechereikastl.de\/wp-content\/uploads\/2025\/01\/Umstellungsplan-Obergeschoss-1536x1086.jpg 1536w, https:\/\/gemeindebuechereikastl.de\/wp-content\/uploads\/2025\/01\/Umstellungsplan-Obergeschoss-750x530.jpg 750w, https:\/\/gemeindebuechereikastl.de\/wp-content\/uploads\/2025\/01\/Umstellungsplan-Obergeschoss.jpg 1754w\" sizes=\"auto, (max-width: 383px) 100vw, 383px\" \/>Beim Betreten des Obergeschosses finden die Leser jetzt zun\u00e4chst links und rechts die Sachb\u00fccher, gefolgt von Mangas und Jugendb\u00fcchern, bevor sie zu den Romanen gelangen. Die Sachb\u00fccher sind dabei \u00fcbersichtlich nach Themen gruppiert, und kleine Aufsteller in jedem Regal geben eine Orientierungshilfe zu den verschiedenen Sachgebieten. Die Romane sind alphabetisch nach Autorennamen geordnet, mit neuen Hinweisschildern versehen, die die Suche nach bestimmten B\u00fcchern oder Autoren erleichtern.<\/p>\n<p>Auch im Erdgeschoss gibt es Neuerungen: Ein zus\u00e4tzliches Regal wurde aufgestellt, und der Bereich der <img loading=\"lazy\" decoding=\"async\" class=\"wp-image-5425 alignright\" src=\"https:\/\/gemeindebuechereikastl.de\/wp-content\/uploads\/2025\/01\/Umstellung-EG-1603x1202.jpg\" alt=\"\" width=\"343\" height=\"257\" srcset=\"https:\/\/gemeindebuechereikastl.de\/wp-content\/uploads\/2025\/01\/Umstellung-EG-1603x1202.jpg 1603w, https:\/\/gemeindebuechereikastl.de\/wp-content\/uploads\/2025\/01\/Umstellung-EG-300x225.jpg 300w, https:\/\/gemeindebuechereikastl.de\/wp-content\/uploads\/2025\/01\/Umstellung-EG-768x576.jpg 768w, https:\/\/gemeindebuechereikastl.de\/wp-content\/uploads\/2025\/01\/Umstellung-EG-1536x1152.jpg 1536w, https:\/\/gemeindebuechereikastl.de\/wp-content\/uploads\/2025\/01\/Umstellung-EG-2048x1536.jpg 2048w, https:\/\/gemeindebuechereikastl.de\/wp-content\/uploads\/2025\/01\/Umstellung-EG-750x563.jpg 750w\" sizes=\"auto, (max-width: 343px) 100vw, 343px\" \/>Erstleseb\u00fccher wurde f\u00fcr die Kinder ebenfalls deutlich leserfreundlicher gestaltet. Ebenso wurden die Kindersachb\u00fccher neu geordnet und \u00fcbersichtlicher pr\u00e4sentiert, damit auch die j\u00fcngsten Besucher schnell das Finden, wonach sie suchen.<\/p>\n<h4 style=\"text-align: center;\"><span style=\"color: #800000;\"><strong>Das Ergebnis dieser umfassenden Umstrukturierung ist eine B\u00fccherei, die noch besser auf die W\u00fcnsche und Bed\u00fcrfnisse ihrer Leserinnen und Leser zugeschnitten ist \u2013 ein Ort, der zum St\u00f6bern, Entdecken und Verweilen einl\u00e4dt.<\/strong> <\/span><\/h4>\n<h3 style=\"text-align: center;\">Hilfen bei der Suche nach bestimmten B\u00fcchern im Bereich der <span style=\"color: #333399;\">Sachb\u00fccher<\/span><\/h3>\n<p><img loading=\"lazy\" decoding=\"async\" class=\"alignleft wp-image-5428 \" src=\"https:\/\/gemeindebuechereikastl.de\/wp-content\/uploads\/2025\/01\/Sortierung-Romane-1-1603x971.jpg\" alt=\"\" width=\"320\" height=\"194\" srcset=\"https:\/\/gemeindebuechereikastl.de\/wp-content\/uploads\/2025\/01\/Sortierung-Romane-1-1603x971.jpg 1603w, https:\/\/gemeindebuechereikastl.de\/wp-content\/uploads\/2025\/01\/Sortierung-Romane-1-300x182.jpg 300w, https:\/\/gemeindebuechereikastl.de\/wp-content\/uploads\/2025\/01\/Sortierung-Romane-1-768x465.jpg 768w, https:\/\/gemeindebuechereikastl.de\/wp-content\/uploads\/2025\/01\/Sortierung-Romane-1-1536x930.jpg 1536w, https:\/\/gemeindebuechereikastl.de\/wp-content\/uploads\/2025\/01\/Sortierung-Romane-1-2048x1240.jpg 2048w, https:\/\/gemeindebuechereikastl.de\/wp-content\/uploads\/2025\/01\/Sortierung-Romane-1-750x454.jpg 750w\" sizes=\"auto, (max-width: 320px) 100vw, 320px\" \/> <img loading=\"lazy\" decoding=\"async\" class=\"alignright wp-image-5431 \" src=\"https:\/\/gemeindebuechereikastl.de\/wp-content\/uploads\/2025\/01\/Sortierung-Sachbuecher-1-1603x928.jpg\" alt=\"\" width=\"325\" height=\"188\" srcset=\"https:\/\/gemeindebuechereikastl.de\/wp-content\/uploads\/2025\/01\/Sortierung-Sachbuecher-1-1603x928.jpg 1603w, https:\/\/gemeindebuechereikastl.de\/wp-content\/uploads\/2025\/01\/Sortierung-Sachbuecher-1-300x174.jpg 300w, https:\/\/gemeindebuechereikastl.de\/wp-content\/uploads\/2025\/01\/Sortierung-Sachbuecher-1-768x445.jpg 768w, https:\/\/gemeindebuechereikastl.de\/wp-content\/uploads\/2025\/01\/Sortierung-Sachbuecher-1-1536x889.jpg 1536w, https:\/\/gemeindebuechereikastl.de\/wp-content\/uploads\/2025\/01\/Sortierung-Sachbuecher-1-2048x1186.jpg 2048w, https:\/\/gemeindebuechereikastl.de\/wp-content\/uploads\/2025\/01\/Sortierung-Sachbuecher-1-750x434.jpg 750w\" sizes=\"auto, (max-width: 325px) 100vw, 325px\" \/><\/p>\n","protected":false},"excerpt":{"rendered":"<p>B\u00fcchereiteam schlie\u00dft Umgestaltung des Obergeschosses ab, jetzt besser auf die Bed\u00fcrfnisse der Leser abgestimmt Gleich zu Beginn des neuen Jahres zeigte sich das Team der Gemeindeb\u00fccherei Kastl von seiner flei\u00dfigen Seite. Im Obergeschoss wurden zahlreiche B\u00fccher hin und her transportiert, um die Jugendb\u00fccher, Mangas, Romane und Sachb\u00fccher neu zu ordnen und \u00fcbersichtlicher zu gestalten. Bereits &hellip; <\/p>\n<p><a class=\"more-link btn\" href=\"https:\/\/gemeindebuechereikastl.de\/?p=5416\">Weiterlesen<\/a><\/p>\n","protected":false},"author":1,"featured_media":5422,"comment_status":"closed","ping_status":"closed","sticky":false,"template":"","format":"standard","meta":{"footnotes":""},"categories":[1],"tags":[58,561,562,655],"class_list":["post-5416","post","type-post","status-publish","format-standard","has-post-thumbnail","hentry","category-team","tag-buecher","tag-obergeschoss","tag-umgestaltung","tag-umstellung","item-wrap"],"_links":{"self":[{"href":"https:\/\/gemeindebuechereikastl.de\/index.php?rest_route=\/wp\/v2\/posts\/5416","targetHints":{"allow":["GET"]}}],"collection":[{"href":"https:\/\/gemeindebuechereikastl.de\/index.php?rest_route=\/wp\/v2\/posts"}],"about":[{"href":"https:\/\/gemeindebuechereikastl.de\/index.php?rest_route=\/wp\/v2\/types\/post"}],"author":[{"embeddable":true,"href":"https:\/\/gemeindebuechereikastl.de\/index.php?rest_route=\/wp\/v2\/users\/1"}],"replies":[{"embeddable":true,"href":"https:\/\/gemeindebuechereikastl.de\/index.php?rest_route=%2Fwp%2Fv2%2Fcomments&post=5416"}],"version-history":[{"count":4,"href":"https:\/\/gemeindebuechereikastl.de\/index.php?rest_route=\/wp\/v2\/posts\/5416\/revisions"}],"predecessor-version":[{"id":5452,"href":"https:\/\/gemeindebuechereikastl.de\/index.php?rest_route=\/wp\/v2\/posts\/5416\/revisions\/5452"}],"wp:featuredmedia":[{"embeddable":true,"href":"https:\/\/gemeindebuechereikastl.de\/index.php?rest_route=\/wp\/v2\/media\/5422"}],"wp:attachment":[{"href":"https:\/\/gemeindebuechereikastl.de\/index.php?rest_route=%2Fwp%2Fv2%2Fmedia&parent=5416"}],"wp:term":[{"taxonomy":"category","embeddable":true,"href":"https:\/\/gemeindebuechereikastl.de\/index.php?rest_route=%2Fwp%2Fv2%2Fcategories&post=5416"},{"taxonomy":"post_tag","embeddable":true,"href":"https:\/\/gemeindebuechereikastl.de\/index.php?rest_route=%2Fwp%2Fv2%2Ftags&post=5416"}],"curies":[{"name":"wp","href":"https:\/\/api.w.org\/{rel}","templated":true}]}}