{"id":5440,"date":"2025-01-20T16:15:19","date_gmt":"2025-01-20T16:15:19","guid":{"rendered":"https:\/\/gemeindebuechereikastl.de\/?p=5440"},"modified":"2025-01-23T15:30:07","modified_gmt":"2025-01-23T15:30:07","slug":"tico-und-die-goldenen-fluegel-bei-der-vorlesezeit-mit-monika-bruning","status":"publish","type":"post","link":"https:\/\/gemeindebuechereikastl.de\/?p=5440","title":{"rendered":"Tico und die goldenen Fl\u00fcgel bei der Vorlesezeit mit Monika Breuning"},"content":{"rendered":"<h2 style=\"text-align: center;\"><span style=\"color: #ff6600;\">Vorlesezeit in der Gemeindeb\u00fccherei mit<br \/>\nMonika Breuning und dem Bilderbuch &#8222;Tico und die goldenen Fl\u00fcgel&#8220;<\/span><\/h2>\n<p><img loading=\"lazy\" decoding=\"async\" class=\"alignleft wp-image-5448 \" src=\"https:\/\/gemeindebuechereikastl.de\/wp-content\/uploads\/2025\/01\/Tico-1-1069x1206.jpg\" alt=\"\" width=\"534\" height=\"602\" srcset=\"https:\/\/gemeindebuechereikastl.de\/wp-content\/uploads\/2025\/01\/Tico-1-1069x1206.jpg 1069w, https:\/\/gemeindebuechereikastl.de\/wp-content\/uploads\/2025\/01\/Tico-1-266x300.jpg 266w, https:\/\/gemeindebuechereikastl.de\/wp-content\/uploads\/2025\/01\/Tico-1-768x866.jpg 768w, https:\/\/gemeindebuechereikastl.de\/wp-content\/uploads\/2025\/01\/Tico-1-1362x1536.jpg 1362w, https:\/\/gemeindebuechereikastl.de\/wp-content\/uploads\/2025\/01\/Tico-1-1816x2048.jpg 1816w, https:\/\/gemeindebuechereikastl.de\/wp-content\/uploads\/2025\/01\/Tico-1-750x846.jpg 750w, https:\/\/gemeindebuechereikastl.de\/wp-content\/uploads\/2025\/01\/Tico-1.jpg 1994w\" sizes=\"auto, (max-width: 534px) 100vw, 534px\" \/>Das Bilderbuch \u201eTico und die goldenen Fl\u00fcgel\u201c von Leo Lionni stand im Mittelpunkt der Vorlesezeit mit Lesepatin Monika Breunig. Am Samstagvormittag waren alle Kinder ab 4 Jahren herzlich eingeladen, in die B\u00fccherei zu kommen und einer besonderen Vorlesestunde zu lauschen.<\/p>\n<p>Monika Breunig las die bewegende Geschichte von Tico, einem Vogel, der ohne Fl\u00fcgel geboren wurde. Als ihm ein Wunschvogel glitzernde, goldene Fl\u00fcgel schenkt, wenden sich seine Freunde zun\u00e4chst von ihm ab \u2013 sie glauben, Tico wolle sich \u00fcber sie erheben. Doch Tico beweist das Gegenteil: Mit seinen neuen Fl\u00fcgeln hilft er Menschen in Not, gewinnt die Herzen seiner Freunde zur\u00fcck und zeigt, wie wichtig Mitgef\u00fchl und Hilfsbereitschaft sind.<\/p>\n<p>Nach der Lesung konnten die Kinder kreativ werden: Monika Breunig hatte Ausmalvorlagen mit Bildern aus dem Buch mitgebracht. Eifrig malten die kleinen Zuh\u00f6rer ihre eigenen Kunstwerke, die sie anschlie\u00dfend mit nach Hause nehmen durften.<img loading=\"lazy\" decoding=\"async\" class=\"alignright wp-image-5445 \" src=\"https:\/\/gemeindebuechereikastl.de\/wp-content\/uploads\/2025\/01\/Tico-3.jpg\" alt=\"\" width=\"433\" height=\"325\" srcset=\"https:\/\/gemeindebuechereikastl.de\/wp-content\/uploads\/2025\/01\/Tico-3.jpg 1600w, https:\/\/gemeindebuechereikastl.de\/wp-content\/uploads\/2025\/01\/Tico-3-300x225.jpg 300w, https:\/\/gemeindebuechereikastl.de\/wp-content\/uploads\/2025\/01\/Tico-3-768x576.jpg 768w, https:\/\/gemeindebuechereikastl.de\/wp-content\/uploads\/2025\/01\/Tico-3-1536x1152.jpg 1536w, https:\/\/gemeindebuechereikastl.de\/wp-content\/uploads\/2025\/01\/Tico-3-750x563.jpg 750w\" sizes=\"auto, (max-width: 433px) 100vw, 433px\" \/><\/p>\n<p>Monika Breunig und das Team der B\u00fccherei freuten sich \u00fcber die begeisterten Kinder und den m\u00e4rchenhaften Vormittag voller Geschichten, Kreativit\u00e4t und Spa\u00df. Ein Erlebnis, das alle in sch\u00f6ner Erinnerung behalten werden.<\/p>\n<p><strong>Bei der n\u00e4chste Vorlesezeit am 15. Februar gibt es ein Bilderbuchkino mit \u201eDer kleinen Hexe\u201c und eine kleine Faschingsparty in der B\u00fccherei.<\/strong><\/p>\n","protected":false},"excerpt":{"rendered":"<p>Vorlesezeit in der Gemeindeb\u00fccherei mit Monika Breuning und dem Bilderbuch &#8222;Tico und die goldenen Fl\u00fcgel&#8220; Das Bilderbuch \u201eTico und die goldenen Fl\u00fcgel\u201c von Leo Lionni stand im Mittelpunkt der Vorlesezeit mit Lesepatin Monika Breunig. Am Samstagvormittag waren alle Kinder ab 4 Jahren herzlich eingeladen, in die B\u00fccherei zu kommen und einer besonderen Vorlesestunde zu lauschen. &hellip; <\/p>\n<p><a class=\"more-link btn\" href=\"https:\/\/gemeindebuechereikastl.de\/?p=5440\">Weiterlesen<\/a><\/p>\n","protected":false},"author":1,"featured_media":0,"comment_status":"closed","ping_status":"closed","sticky":false,"template":"","format":"standard","meta":{"footnotes":""},"categories":[1],"tags":[553,80,173],"class_list":["post-5440","post","type-post","status-publish","format-standard","hentry","category-team","tag-monika-breunig","tag-vorlesen","tag-vorlesezeit","item-wrap"],"_links":{"self":[{"href":"https:\/\/gemeindebuechereikastl.de\/index.php?rest_route=\/wp\/v2\/posts\/5440","targetHints":{"allow":["GET"]}}],"collection":[{"href":"https:\/\/gemeindebuechereikastl.de\/index.php?rest_route=\/wp\/v2\/posts"}],"about":[{"href":"https:\/\/gemeindebuechereikastl.de\/index.php?rest_route=\/wp\/v2\/types\/post"}],"author":[{"embeddable":true,"href":"https:\/\/gemeindebuechereikastl.de\/index.php?rest_route=\/wp\/v2\/users\/1"}],"replies":[{"embeddable":true,"href":"https:\/\/gemeindebuechereikastl.de\/index.php?rest_route=%2Fwp%2Fv2%2Fcomments&post=5440"}],"version-history":[{"count":5,"href":"https:\/\/gemeindebuechereikastl.de\/index.php?rest_route=\/wp\/v2\/posts\/5440\/revisions"}],"predecessor-version":[{"id":5450,"href":"https:\/\/gemeindebuechereikastl.de\/index.php?rest_route=\/wp\/v2\/posts\/5440\/revisions\/5450"}],"wp:attachment":[{"href":"https:\/\/gemeindebuechereikastl.de\/index.php?rest_route=%2Fwp%2Fv2%2Fmedia&parent=5440"}],"wp:term":[{"taxonomy":"category","embeddable":true,"href":"https:\/\/gemeindebuechereikastl.de\/index.php?rest_route=%2Fwp%2Fv2%2Fcategories&post=5440"},{"taxonomy":"post_tag","embeddable":true,"href":"https:\/\/gemeindebuechereikastl.de\/index.php?rest_route=%2Fwp%2Fv2%2Ftags&post=5440"}],"curies":[{"name":"wp","href":"https:\/\/api.w.org\/{rel}","templated":true}]}}