{"id":5460,"date":"2025-02-08T15:44:09","date_gmt":"2025-02-08T15:44:09","guid":{"rendered":"https:\/\/gemeindebuechereikastl.de\/?p=5460"},"modified":"2025-02-08T15:45:34","modified_gmt":"2025-02-08T15:45:34","slug":"literarische-geheimtipps-in-der-rubrik-uns-mag-keiner-wieder-bestueckt","status":"publish","type":"post","link":"https:\/\/gemeindebuechereikastl.de\/?p=5460","title":{"rendered":"Literarische Geheimtipps in der Rubrik &#8222;Uns mag keiner&#8220; wieder best\u00fcckt"},"content":{"rendered":"<div class=\"flex max-w-full flex-col flex-grow\">\n<div class=\"min-h-8 text-message flex w-full flex-col items-end gap-2 whitespace-normal break-words text-start [.text-message+&amp;]:mt-5\" dir=\"auto\" data-message-author-role=\"assistant\" data-message-id=\"643bff66-ee71-4c35-98fb-e7847cec5a4a\" data-message-model-slug=\"gpt-4o\">\n<div class=\"flex w-full flex-col gap-1 empty:hidden first:pt-[3px]\">\n<div class=\"markdown prose w-full break-words dark:prose-invert light\">\n<h2 style=\"text-align: center;\"><span style=\"color: #ff6600;\"><strong>Vergessene Romane in der Rubrik &#8222;Uns mag keiner\u201c<br \/>\nzum Entdecken<\/strong><\/span><\/h2>\n<p><img loading=\"lazy\" decoding=\"async\" class=\"aligncenter wp-image-5461 size-large\" src=\"https:\/\/gemeindebuechereikastl.de\/wp-content\/uploads\/2025\/02\/uns-mag-keiner-1603x1163.jpg\" alt=\"\" width=\"750\" height=\"544\" srcset=\"https:\/\/gemeindebuechereikastl.de\/wp-content\/uploads\/2025\/02\/uns-mag-keiner-1603x1163.jpg 1603w, https:\/\/gemeindebuechereikastl.de\/wp-content\/uploads\/2025\/02\/uns-mag-keiner-300x218.jpg 300w, https:\/\/gemeindebuechereikastl.de\/wp-content\/uploads\/2025\/02\/uns-mag-keiner-768x557.jpg 768w, https:\/\/gemeindebuechereikastl.de\/wp-content\/uploads\/2025\/02\/uns-mag-keiner-1536x1114.jpg 1536w, https:\/\/gemeindebuechereikastl.de\/wp-content\/uploads\/2025\/02\/uns-mag-keiner-2048x1486.jpg 2048w, https:\/\/gemeindebuechereikastl.de\/wp-content\/uploads\/2025\/02\/uns-mag-keiner-750x544.jpg 750w\" sizes=\"auto, (max-width: 750px) 100vw, 750px\" \/><\/p>\n<p>Bei der Umstellung der B\u00fccher im Obergeschoss hat das B\u00fcchereiteam einige wahre Sch\u00e4tze entdeckt \u2013 herausragende Romane, die in den letzten beiden Jahren angeschafft wurden, aber bisher von den Leserinnen und Lesern noch nicht gen\u00fcgend Beachtung gefunden haben. Diese literarischen Geheimtipps warten nun in der humorvoll benannten Rubrik \u201eUns mag keiner\u201c auf neugierige Entdecker.<\/p>\n<p>Darunter finden sich auch Bestseller und gro\u00dfartige Werke, die nur darauf warten, endlich entdeckt und verschlungen zu werden. Lassen Sie sich \u00fcberraschen und st\u00f6bern Sie in diesem besonderen Bereich \u2013 Sie werden bestimmt ein neues Lieblingsbuch finden! Die Rubrik befindet sich im Obergeschoss bei den Romanen.<\/p>\n<\/div>\n<p><strong>Alle Romane und weiteren B\u00fcchern und Medein sind in unserem \u00a0<a href=\"https:\/\/iopac.gemeindebuechereikastl.de\/\">Online-Katalog\u00a0<\/a>zu finden, sowie auch alle EBooks unter <a href=\"https:\/\/leo-nord.onleihe.de\">Leo Nord.<\/a><\/strong><\/p>\n<\/div>\n<\/div>\n<\/div>\n","protected":false},"excerpt":{"rendered":"<p>Vergessene Romane in der Rubrik &#8222;Uns mag keiner\u201c zum Entdecken Bei der Umstellung der B\u00fccher im Obergeschoss hat das B\u00fcchereiteam einige wahre Sch\u00e4tze entdeckt \u2013 herausragende Romane, die in den letzten beiden Jahren angeschafft wurden, aber bisher von den Leserinnen und Lesern noch nicht gen\u00fcgend Beachtung gefunden haben. Diese literarischen Geheimtipps warten nun in der &hellip; <\/p>\n<p><a class=\"more-link btn\" href=\"https:\/\/gemeindebuechereikastl.de\/?p=5460\">Weiterlesen<\/a><\/p>\n","protected":false},"author":1,"featured_media":5461,"comment_status":"closed","ping_status":"closed","sticky":false,"template":"","format":"standard","meta":{"footnotes":""},"categories":[1],"tags":[195,565],"class_list":["post-5460","post","type-post","status-publish","format-standard","has-post-thumbnail","hentry","category-team","tag-romane","tag-uns-mag-keiner","item-wrap"],"_links":{"self":[{"href":"https:\/\/gemeindebuechereikastl.de\/index.php?rest_route=\/wp\/v2\/posts\/5460","targetHints":{"allow":["GET"]}}],"collection":[{"href":"https:\/\/gemeindebuechereikastl.de\/index.php?rest_route=\/wp\/v2\/posts"}],"about":[{"href":"https:\/\/gemeindebuechereikastl.de\/index.php?rest_route=\/wp\/v2\/types\/post"}],"author":[{"embeddable":true,"href":"https:\/\/gemeindebuechereikastl.de\/index.php?rest_route=\/wp\/v2\/users\/1"}],"replies":[{"embeddable":true,"href":"https:\/\/gemeindebuechereikastl.de\/index.php?rest_route=%2Fwp%2Fv2%2Fcomments&post=5460"}],"version-history":[{"count":3,"href":"https:\/\/gemeindebuechereikastl.de\/index.php?rest_route=\/wp\/v2\/posts\/5460\/revisions"}],"predecessor-version":[{"id":5464,"href":"https:\/\/gemeindebuechereikastl.de\/index.php?rest_route=\/wp\/v2\/posts\/5460\/revisions\/5464"}],"wp:featuredmedia":[{"embeddable":true,"href":"https:\/\/gemeindebuechereikastl.de\/index.php?rest_route=\/wp\/v2\/media\/5461"}],"wp:attachment":[{"href":"https:\/\/gemeindebuechereikastl.de\/index.php?rest_route=%2Fwp%2Fv2%2Fmedia&parent=5460"}],"wp:term":[{"taxonomy":"category","embeddable":true,"href":"https:\/\/gemeindebuechereikastl.de\/index.php?rest_route=%2Fwp%2Fv2%2Fcategories&post=5460"},{"taxonomy":"post_tag","embeddable":true,"href":"https:\/\/gemeindebuechereikastl.de\/index.php?rest_route=%2Fwp%2Fv2%2Ftags&post=5460"}],"curies":[{"name":"wp","href":"https:\/\/api.w.org\/{rel}","templated":true}]}}