{"id":5489,"date":"2025-02-17T10:08:17","date_gmt":"2025-02-17T10:08:17","guid":{"rendered":"https:\/\/gemeindebuechereikastl.de\/?p=5489"},"modified":"2025-02-17T10:14:43","modified_gmt":"2025-02-17T10:14:43","slug":"grosser-andrang-beim-bilderbuchkino-mit-der-kleinen-hexe-in-der-gemeindebuecherei","status":"publish","type":"post","link":"https:\/\/gemeindebuechereikastl.de\/?p=5489","title":{"rendered":"Gro\u00dfer Andrang beim Bilderbuchkino mit der kleinen Hexe in der Gemeindeb\u00fccherei"},"content":{"rendered":"<h2 style=\"text-align: center;\"><span style=\"color: #ff6600;\"><img loading=\"lazy\" decoding=\"async\" class=\"alignleft wp-image-5491 \" src=\"https:\/\/gemeindebuechereikastl.de\/wp-content\/uploads\/2025\/02\/Bilderbuchkino.jpg\" alt=\"\" width=\"272\" height=\"282\" srcset=\"https:\/\/gemeindebuechereikastl.de\/wp-content\/uploads\/2025\/02\/Bilderbuchkino.jpg 685w, https:\/\/gemeindebuechereikastl.de\/wp-content\/uploads\/2025\/02\/Bilderbuchkino-289x300.jpg 289w\" sizes=\"auto, (max-width: 272px) 100vw, 272px\" \/>Gro\u00dfer Andrang herrschte bei der Kastler Vorlesezeit und dem Bilderbuchkino mit dem bezaubernden Bilderbuchklassiker &#8222;Die kleine Hexe&#8220; von Otfried Preu\u00dfler \u2013 ein besonderes Erlebnis f\u00fcr alle Kinder.<\/span><\/h2>\n<p>B\u00fcchereimitarbeiterin Stephanie St\u00f6\u00dfel las die spannende Geschichte vor, w\u00e4hrend B\u00fcchereileiter Georg D\u00fcrr die Bilder per Beamer auf die Leinwand projizierte. Gespannt lauschten die Kinder der Erz\u00e4hlung und kommentierten begeistert die Szenen der kleinen Hexe.<img loading=\"lazy\" decoding=\"async\" class=\"aligncenter wp-image-5492 \" src=\"https:\/\/gemeindebuechereikastl.de\/wp-content\/uploads\/2025\/02\/Kleine-Hexe-2-1603x1006.jpg\" alt=\"\" width=\"721\" height=\"453\" srcset=\"https:\/\/gemeindebuechereikastl.de\/wp-content\/uploads\/2025\/02\/Kleine-Hexe-2-1603x1006.jpg 1603w, https:\/\/gemeindebuechereikastl.de\/wp-content\/uploads\/2025\/02\/Kleine-Hexe-2-300x188.jpg 300w, https:\/\/gemeindebuechereikastl.de\/wp-content\/uploads\/2025\/02\/Kleine-Hexe-2-768x482.jpg 768w, https:\/\/gemeindebuechereikastl.de\/wp-content\/uploads\/2025\/02\/Kleine-Hexe-2-1536x964.jpg 1536w, https:\/\/gemeindebuechereikastl.de\/wp-content\/uploads\/2025\/02\/Kleine-Hexe-2-2048x1285.jpg 2048w, https:\/\/gemeindebuechereikastl.de\/wp-content\/uploads\/2025\/02\/Kleine-Hexe-2-750x470.jpg 750w\" sizes=\"auto, (max-width: 721px) 100vw, 721px\" \/><\/p>\n<p>Die Geschichte erz\u00e4hlt von der kleinen Hexe, die unbedingt in der n\u00e4chsten Walpurgisnacht mit den gro\u00dfen Hexen um das Feuer auf dem Blocksberg tanzen m\u00f6chte. Doch zuvor muss sie das gesamte Hexenbuch studieren und alle Aufgaben meistern. Beim \u00dcben geht jedoch einiges schief \u2013 sogar ihr Besen zerbricht! Gemeinsam mit ihrem treuen Raben Abraxas macht sie sich auf den Weg ins Dorf, um einen neuen Besen zu kaufen. Dabei hilft sie einem traurigen Blumenm\u00e4dchen, doch noch ihre Papierblumen zu verkaufen.<\/p>\n<p><img loading=\"lazy\" decoding=\"async\" class=\"wp-image-5490 alignleft\" src=\"https:\/\/gemeindebuechereikastl.de\/wp-content\/uploads\/2025\/02\/Basteln-1-1603x960.jpg\" alt=\"\" width=\"428\" height=\"256\" srcset=\"https:\/\/gemeindebuechereikastl.de\/wp-content\/uploads\/2025\/02\/Basteln-1-1603x960.jpg 1603w, https:\/\/gemeindebuechereikastl.de\/wp-content\/uploads\/2025\/02\/Basteln-1-300x180.jpg 300w, https:\/\/gemeindebuechereikastl.de\/wp-content\/uploads\/2025\/02\/Basteln-1-768x460.jpg 768w, https:\/\/gemeindebuechereikastl.de\/wp-content\/uploads\/2025\/02\/Basteln-1-1536x920.jpg 1536w, https:\/\/gemeindebuechereikastl.de\/wp-content\/uploads\/2025\/02\/Basteln-1-2048x1227.jpg 2048w, https:\/\/gemeindebuechereikastl.de\/wp-content\/uploads\/2025\/02\/Basteln-1-750x449.jpg 750w\" sizes=\"auto, (max-width: 428px) 100vw, 428px\" \/>Passend zur Geschichte bastelten die Kinder nach dem Vorlesen mit gro\u00dfer Begeisterung ihre eigenen bunten Papierblumen \u2013 kleine Kunstwerke, die sie stolz mit nach Hause nehmen durften. Au\u00dferdem wurde eine lustige Konfettikanone gebastelt, die nat\u00fcrlich sofort ausprobiert wurde \u2013 und schon flogen die bunten Konfettis durch die B\u00fccherei!<\/p>\n<p><strong><span style=\"color: #800000;\">Die Vorfreude auf die n\u00e4chste Vorlesezeit ist gro\u00df: Am Samstag, den 15. M\u00e4rz, steht das Thema Fr\u00fchlingserwachen im Mittelpunkt. Das Fr\u00fchlingsgedicht von Josef Guggenmos wird mit Tanz und Musik lebendig dargestellt \u2013 und alle d\u00fcrfen mitmachen!<\/span><\/strong><\/p>\n","protected":false},"excerpt":{"rendered":"<p>Gro\u00dfer Andrang herrschte bei der Kastler Vorlesezeit und dem Bilderbuchkino mit dem bezaubernden Bilderbuchklassiker &#8222;Die kleine Hexe&#8220; von Otfried Preu\u00dfler \u2013 ein besonderes Erlebnis f\u00fcr alle Kinder. B\u00fcchereimitarbeiterin Stephanie St\u00f6\u00dfel las die spannende Geschichte vor, w\u00e4hrend B\u00fcchereileiter Georg D\u00fcrr die Bilder per Beamer auf die Leinwand projizierte. Gespannt lauschten die Kinder der Erz\u00e4hlung und kommentierten &hellip; <\/p>\n<p><a class=\"more-link btn\" href=\"https:\/\/gemeindebuechereikastl.de\/?p=5489\">Weiterlesen<\/a><\/p>\n","protected":false},"author":1,"featured_media":5492,"comment_status":"closed","ping_status":"closed","sticky":false,"template":"","format":"standard","meta":{"footnotes":""},"categories":[1],"tags":[239,540,657,661],"class_list":["post-5489","post","type-post","status-publish","format-standard","has-post-thumbnail","hentry","category-team","tag-basteln","tag-bilderbuchkino","tag-die-kleine-hexe","tag-hexe","item-wrap"],"_links":{"self":[{"href":"https:\/\/gemeindebuechereikastl.de\/index.php?rest_route=\/wp\/v2\/posts\/5489","targetHints":{"allow":["GET"]}}],"collection":[{"href":"https:\/\/gemeindebuechereikastl.de\/index.php?rest_route=\/wp\/v2\/posts"}],"about":[{"href":"https:\/\/gemeindebuechereikastl.de\/index.php?rest_route=\/wp\/v2\/types\/post"}],"author":[{"embeddable":true,"href":"https:\/\/gemeindebuechereikastl.de\/index.php?rest_route=\/wp\/v2\/users\/1"}],"replies":[{"embeddable":true,"href":"https:\/\/gemeindebuechereikastl.de\/index.php?rest_route=%2Fwp%2Fv2%2Fcomments&post=5489"}],"version-history":[{"count":5,"href":"https:\/\/gemeindebuechereikastl.de\/index.php?rest_route=\/wp\/v2\/posts\/5489\/revisions"}],"predecessor-version":[{"id":5497,"href":"https:\/\/gemeindebuechereikastl.de\/index.php?rest_route=\/wp\/v2\/posts\/5489\/revisions\/5497"}],"wp:featuredmedia":[{"embeddable":true,"href":"https:\/\/gemeindebuechereikastl.de\/index.php?rest_route=\/wp\/v2\/media\/5492"}],"wp:attachment":[{"href":"https:\/\/gemeindebuechereikastl.de\/index.php?rest_route=%2Fwp%2Fv2%2Fmedia&parent=5489"}],"wp:term":[{"taxonomy":"category","embeddable":true,"href":"https:\/\/gemeindebuechereikastl.de\/index.php?rest_route=%2Fwp%2Fv2%2Fcategories&post=5489"},{"taxonomy":"post_tag","embeddable":true,"href":"https:\/\/gemeindebuechereikastl.de\/index.php?rest_route=%2Fwp%2Fv2%2Ftags&post=5489"}],"curies":[{"name":"wp","href":"https:\/\/api.w.org\/{rel}","templated":true}]}}