{"id":5513,"date":"2025-02-24T10:40:48","date_gmt":"2025-02-24T10:40:48","guid":{"rendered":"https:\/\/gemeindebuechereikastl.de\/?p=5513"},"modified":"2025-02-24T10:47:37","modified_gmt":"2025-02-24T10:47:37","slug":"besondere-aktion-fuer-kinder-clownfrau-anni-castello-begeistert-am-unsinnigen-donnerstag-in-der-gemeindebuecherei-kastl","status":"publish","type":"post","link":"https:\/\/gemeindebuechereikastl.de\/?p=5513","title":{"rendered":"Besondere Aktion f\u00fcr Kinder: Clownfrau Anni Castello begeistert am Unsinnigen Donnerstag in der Gemeindeb\u00fccherei Kastl"},"content":{"rendered":"<h2 style=\"text-align: center;\"><span style=\"color: #ff6600;\">Einen Fr\u00f6hlichen \u00dcberraschungsbesuch f\u00fcr alle Kinder gibt es <\/span><span style=\"color: #ff6600;\">am Unsinnigen Donnerstag, 27. Februar ab 17.30 Uhr mit der Clownfrau Anni Castello\u00a0<\/span><span style=\"color: #ff6600;\">in der Gemeindeb\u00fccherei Kastl<\/span><\/h2>\n<p data-start=\"68\" data-end=\"352\">Eine kunterbunte \u00dcberraschung erwartet alle Kinder am Unsinnigen Donnerstag, den 27. Februar, in der Gemeindeb\u00fccherei Kastl! W\u00e4hrend der regul\u00e4ren \u00d6ffnungszeit von 17:00 bis 18:30 Uhr sorgt die fr\u00f6hliche Clownfrau Anni Castello f\u00fcr jede Menge Spa\u00df, Lachen und ausgelassene Stimmung.<img loading=\"lazy\" decoding=\"async\" class=\"wp-image-5514 alignleft\" src=\"https:\/\/gemeindebuechereikastl.de\/wp-content\/uploads\/2025\/02\/Luftballon-1603x1202.jpg\" alt=\"\" width=\"453\" height=\"340\" srcset=\"https:\/\/gemeindebuechereikastl.de\/wp-content\/uploads\/2025\/02\/Luftballon-1603x1202.jpg 1603w, https:\/\/gemeindebuechereikastl.de\/wp-content\/uploads\/2025\/02\/Luftballon-300x225.jpg 300w, https:\/\/gemeindebuechereikastl.de\/wp-content\/uploads\/2025\/02\/Luftballon-768x576.jpg 768w, https:\/\/gemeindebuechereikastl.de\/wp-content\/uploads\/2025\/02\/Luftballon-1536x1152.jpg 1536w, https:\/\/gemeindebuechereikastl.de\/wp-content\/uploads\/2025\/02\/Luftballon-750x563.jpg 750w, https:\/\/gemeindebuechereikastl.de\/wp-content\/uploads\/2025\/02\/Luftballon.jpg 2040w\" sizes=\"auto, (max-width: 453px) 100vw, 453px\" \/><\/p>\n<p data-start=\"354\" data-end=\"626\">Gegen 17:30 Uhr begeistert Anni Castello die kleinen Besucher mit ihrer bunten Kunst und zaubert gemeinsam mit ihnen lustige Figuren aus Luftballons. Ob farbenfrohe Hunde, fantasievolle Tiere, Herzen oder andere kreative \u00dcberraschungen \u2013 der Fantasie sind keine Grenzen gesetzt!<\/p>\n<p data-start=\"628\" data-end=\"875\">Alle Kinder sind herzlich eingeladen, diesen besonderen Nachmittag mitzuerleben. Der Eintritt ist frei, sodass jeder die Gelegenheit hat, sich von der charmanten Clownfrau verzaubern zu lassen und selbst in die Welt der Luftballonkunst einzutauchen.<br \/>\nDas Team der Gemeindeb\u00fccherei Kastl freut sich auf zahlreiche fr\u00f6hliche Besucher und einen unvergesslichen Nachmittag voller Staunen, Lachen und bunter Luftballonfiguren! &#x1f388;&#x1f3ad;&#x2728;<\/p>\n","protected":false},"excerpt":{"rendered":"<p>Einen Fr\u00f6hlichen \u00dcberraschungsbesuch f\u00fcr alle Kinder gibt es am Unsinnigen Donnerstag, 27. Februar ab 17.30 Uhr mit der Clownfrau Anni Castello\u00a0in der Gemeindeb\u00fccherei Kastl Eine kunterbunte \u00dcberraschung erwartet alle Kinder am Unsinnigen Donnerstag, den 27. Februar, in der Gemeindeb\u00fccherei Kastl! W\u00e4hrend der regul\u00e4ren \u00d6ffnungszeit von 17:00 bis 18:30 Uhr sorgt die fr\u00f6hliche Clownfrau Anni Castello &hellip; <\/p>\n<p><a class=\"more-link btn\" href=\"https:\/\/gemeindebuechereikastl.de\/?p=5513\">Weiterlesen<\/a><\/p>\n","protected":false},"author":1,"featured_media":5514,"comment_status":"closed","ping_status":"closed","sticky":false,"template":"","format":"standard","meta":{"footnotes":""},"categories":[1],"tags":[239,11,524,436,664,665],"class_list":["post-5513","post","type-post","status-publish","format-standard","has-post-thumbnail","hentry","category-team","tag-basteln","tag-buecherei","tag-clown","tag-fasching","tag-luftballon","tag-unsinniger-donnerstag","item-wrap"],"_links":{"self":[{"href":"https:\/\/gemeindebuechereikastl.de\/index.php?rest_route=\/wp\/v2\/posts\/5513","targetHints":{"allow":["GET"]}}],"collection":[{"href":"https:\/\/gemeindebuechereikastl.de\/index.php?rest_route=\/wp\/v2\/posts"}],"about":[{"href":"https:\/\/gemeindebuechereikastl.de\/index.php?rest_route=\/wp\/v2\/types\/post"}],"author":[{"embeddable":true,"href":"https:\/\/gemeindebuechereikastl.de\/index.php?rest_route=\/wp\/v2\/users\/1"}],"replies":[{"embeddable":true,"href":"https:\/\/gemeindebuechereikastl.de\/index.php?rest_route=%2Fwp%2Fv2%2Fcomments&post=5513"}],"version-history":[{"count":4,"href":"https:\/\/gemeindebuechereikastl.de\/index.php?rest_route=\/wp\/v2\/posts\/5513\/revisions"}],"predecessor-version":[{"id":5518,"href":"https:\/\/gemeindebuechereikastl.de\/index.php?rest_route=\/wp\/v2\/posts\/5513\/revisions\/5518"}],"wp:featuredmedia":[{"embeddable":true,"href":"https:\/\/gemeindebuechereikastl.de\/index.php?rest_route=\/wp\/v2\/media\/5514"}],"wp:attachment":[{"href":"https:\/\/gemeindebuechereikastl.de\/index.php?rest_route=%2Fwp%2Fv2%2Fmedia&parent=5513"}],"wp:term":[{"taxonomy":"category","embeddable":true,"href":"https:\/\/gemeindebuechereikastl.de\/index.php?rest_route=%2Fwp%2Fv2%2Fcategories&post=5513"},{"taxonomy":"post_tag","embeddable":true,"href":"https:\/\/gemeindebuechereikastl.de\/index.php?rest_route=%2Fwp%2Fv2%2Ftags&post=5513"}],"curies":[{"name":"wp","href":"https:\/\/api.w.org\/{rel}","templated":true}]}}