{"id":5528,"date":"2025-03-04T09:25:24","date_gmt":"2025-03-04T09:25:24","guid":{"rendered":"https:\/\/gemeindebuechereikastl.de\/?p=5528"},"modified":"2025-03-04T10:06:46","modified_gmt":"2025-03-04T10:06:46","slug":"ein-erfolgreiches-buechereijahr-in-der-gemeindebuecherei-kastl","status":"publish","type":"post","link":"https:\/\/gemeindebuechereikastl.de\/?p=5528","title":{"rendered":"Ein erfolgreiches B\u00fcchereijahr in der Gemeindeb\u00fccherei Kastl"},"content":{"rendered":"<h2 style=\"text-align: center;\"><span style=\"color: #ff6600;\"><strong>Gro\u00dfartige Zahlen und viele Aktionen pr\u00e4gen die Bilanz des Kastler B\u00fcchereiteams im Jubil\u00e4umsjahr 2024<\/strong><\/span><\/h2>\n<div class=\"flex max-w-full flex-col flex-grow\">\n<div class=\"min-h-8 text-message relative flex w-full flex-col items-end gap-2 whitespace-normal break-words text-start [.text-message+&amp;]:mt-5\" dir=\"auto\" data-message-author-role=\"assistant\" data-message-id=\"96c715f0-d6b1-49a6-bebf-761f48fc49e5\" data-message-model-slug=\"gpt-4o\">\n<div class=\"flex w-full flex-col gap-1 empty:hidden first:pt-[3px]\">\n<div class=\"markdown prose w-full break-words dark:prose-invert light\">\n<p data-start=\"0\" data-end=\"306\">Beim Jahrestreffen des Teams der Gemeindeb\u00fccherei Kastl dankte B\u00fcchereileiter Georg D\u00fcrr seinem Team <strong data-start=\"95\" data-end=\"130\"><img loading=\"lazy\" decoding=\"async\" class=\"wp-image-5208 alignleft\" src=\"https:\/\/gemeindebuechereikastl.de\/wp-content\/uploads\/2024\/10\/Ehrung1.jpg\" alt=\"\" width=\"456\" height=\"339\" srcset=\"https:\/\/gemeindebuechereikastl.de\/wp-content\/uploads\/2024\/10\/Ehrung1.jpg 1531w, https:\/\/gemeindebuechereikastl.de\/wp-content\/uploads\/2024\/10\/Ehrung1-300x223.jpg 300w, https:\/\/gemeindebuechereikastl.de\/wp-content\/uploads\/2024\/10\/Ehrung1-768x570.jpg 768w, https:\/\/gemeindebuechereikastl.de\/wp-content\/uploads\/2024\/10\/Ehrung1-750x556.jpg 750w\" sizes=\"auto, (max-width: 456px) 100vw, 456px\" \/><\/strong>f\u00fcr <strong data-start=\"95\" data-end=\"130\">\u00fcber <\/strong><strong data-start=\"95\" data-end=\"130\">4000 ehrenamtliche Stunden<\/strong> im Jahr 2024. Diese Leistung spiegelt sich in <strong data-start=\"177\" data-end=\"200\">\u00fcber 6600 Besuchern<\/strong> und der erneuten Auszeichnung mit dem <strong data-start=\"239\" data-end=\"266\">Goldenen B\u00fcchereisiegel<\/strong> f\u00fcr herausragende B\u00fcchereiarbeit wider.<\/p>\n<p data-start=\"308\" data-end=\"740\">In einer Pr\u00e4sentation lie\u00df D\u00fcrr die wichtigsten Zahlen und Highlights Revue passieren. Mit <strong data-start=\"399\" data-end=\"428\">knapp 16.000 Entleihungen<\/strong> \u2013 <strong data-start=\"431\" data-end=\"452\">6,3 pro Einwohner<\/strong> \u2013 wurde erneut ein beachtliches Ergebnis erzielt. Von rund <strong data-start=\"512\" data-end=\"532\">10.000 Euro Etat<\/strong> wurden \u00fcber <strong data-start=\"545\" data-end=\"575\">700 neue B\u00fccher und Medien<\/strong> angeschafft, der Gro\u00dfteil davon B\u00fccher und Zeitschriften. Insgesamt stehen <strong data-start=\"651\" data-end=\"666\">9378 Medien<\/strong> vor Ort und <strong data-start=\"679\" data-end=\"697\">30.000 E-Books<\/strong> im Onleihe-Verbund Leo Nord zur Verf\u00fcgung.<\/p>\n<p data-start=\"742\" data-end=\"1076\">Ein H\u00f6hepunkt war das Jubil\u00e4umsjahr <strong data-start=\"778\" data-end=\"815\">\u201e50 Jahre Gemeindeb\u00fccherei Kastl\u201c<\/strong>, mit einem <strong data-start=\"827\" data-end=\"863\">Mitarbeitertreffen im Steinstadl<\/strong>, einem Festakt mit Gottesdienst, bei dem die B\u00fccherei zahlreiche lobende Worte von \u00fcberregionalen Stellen erhielt. Direktor Stefan E\u00df vom Michaelsbund betonte, wie stolz der Verband auf die Kastler B\u00fccherei sei. <img loading=\"lazy\" decoding=\"async\" class=\"wp-image-5332 alignright\" src=\"https:\/\/gemeindebuechereikastl.de\/wp-content\/uploads\/2024\/12\/Zwakilutschku.jpg\" alt=\"\" width=\"460\" height=\"335\" srcset=\"https:\/\/gemeindebuechereikastl.de\/wp-content\/uploads\/2024\/12\/Zwakilutschku.jpg 1543w, https:\/\/gemeindebuechereikastl.de\/wp-content\/uploads\/2024\/12\/Zwakilutschku-300x219.jpg 300w, https:\/\/gemeindebuechereikastl.de\/wp-content\/uploads\/2024\/12\/Zwakilutschku-768x560.jpg 768w, https:\/\/gemeindebuechereikastl.de\/wp-content\/uploads\/2024\/12\/Zwakilutschku-1536x1120.jpg 1536w, https:\/\/gemeindebuechereikastl.de\/wp-content\/uploads\/2024\/12\/Zwakilutschku-750x547.jpg 750w\" sizes=\"auto, (max-width: 460px) 100vw, 460px\" \/>Sowie zahlreichen Veranstaltungen wie dem <strong data-start=\"919\" data-end=\"955\">Kabarettabend mit Wolfgang Krebs<\/strong>, einer <strong data-start=\"963\" data-end=\"997\">Autorenlesung mit Kurt Tallert<\/strong> und zwei ausverkauften Vorstellungen von <strong data-start=\"1039\" data-end=\"1075\">Doctor D\u00f6blingers Kasperltheater<\/strong>.<\/p>\n<p data-start=\"1078\" data-end=\"1475\">Auch 2025 bietet die Gemeindb\u00fccherei ein abwechslungsreiches <strong><a href=\"https:\/\/gemeindebuechereikastl.de\/?page_id=4978\">Programm<\/a>.<\/strong> Bereits erfolgreich gestartet sind das <strong data-start=\"1181\" data-end=\"1217\">Bilderbuchkino \u201eDie kleine Hexe\u201c<\/strong> und der \u00dcberraschungsbesuch von <strong data-start=\"1250\" data-end=\"1277\">Clownfrau Anni Castello<\/strong>.<br \/>\nGeplant sind ein <strong data-start=\"1296\" data-end=\"1317\">\u201eWein-Lese-Abend\u201c mit &#8222;Kastler lesen f\u00fcr Kastler&#8220; am 26. April<\/strong>, das <strong data-start=\"1323\" data-end=\"1359\">Entenrennen mit Kneippbeckenfest<\/strong>, Fahrten zu den <strong data-start=\"1376\" data-end=\"1402\">Luisenburg-Festspielen<\/strong> und eine <strong data-start=\"1412\" data-end=\"1464\">Autorenlesung mit Pfarrer Rainer Maria Schie\u00dfler<\/strong> im Herbst.<\/p>\n<p>Zweiter B\u00fcrgermeister Andreas Otterbein dankte dem Team f\u00fcr die herausragende ehrenamtliche Arbeit, die weit \u00fcber die Grenzen Kastls hinaus bekannt ist. Er betonte, dass die B\u00fccherei ein <strong>Aush\u00e4ngeschild der Gemeinde<\/strong> sei.<\/p>\n<p style=\"text-align: center;\"><span style=\"color: #800000;\"><strong>B\u00fcchereileiter Georg D\u00fcrr beschloss den offiziellen Teil des Abends mit einem herzlichen Dank an das gesamte Team. Er hob hervor, wie sehr man sich \u00fcber die zahlreichen Besucher freute, denen durch vielf\u00e4ltige Aktionen, Veranstaltungen und das umfangreiche Medienangebot unvergessliche Erlebnisse geboten wurden und werden. Die Gemeindeb\u00fccherei Kastl habe sich l\u00e4ngst zu einem lebendigen Treffpunkt entwickelt und die gelungenen Aktionen zeigen einmal mehr, dass die Gemeindeb\u00fccherei Kastl nicht nur ein Ort der B\u00fccher, sondern auch ein Ort des Miteinanders und der besonderen Erlebnisse ist. So B\u00fcchereileiter Georg D\u00fcrr in seinem Schlusswort.<\/strong><\/span><\/p>\n<\/div>\n<\/div>\n<\/div>\n<\/div>\n","protected":false},"excerpt":{"rendered":"<p>Gro\u00dfartige Zahlen und viele Aktionen pr\u00e4gen die Bilanz des Kastler B\u00fcchereiteams im Jubil\u00e4umsjahr 2024 Beim Jahrestreffen des Teams der Gemeindeb\u00fccherei Kastl dankte B\u00fcchereileiter Georg D\u00fcrr seinem Team f\u00fcr \u00fcber 4000 ehrenamtliche Stunden im Jahr 2024. Diese Leistung spiegelt sich in \u00fcber 6600 Besuchern und der erneuten Auszeichnung mit dem Goldenen B\u00fcchereisiegel f\u00fcr herausragende B\u00fcchereiarbeit wider. &hellip; <\/p>\n<p><a class=\"more-link btn\" href=\"https:\/\/gemeindebuechereikastl.de\/?p=5528\">Weiterlesen<\/a><\/p>\n","protected":false},"author":1,"featured_media":5208,"comment_status":"closed","ping_status":"closed","sticky":false,"template":"","format":"standard","meta":{"footnotes":""},"categories":[1],"tags":[267,64,671,328],"class_list":["post-5528","post","type-post","status-publish","format-standard","has-post-thumbnail","hentry","category-team","tag-bilanz","tag-buechereiteam","tag-grossartige-bilanz","tag-team","item-wrap"],"_links":{"self":[{"href":"https:\/\/gemeindebuechereikastl.de\/index.php?rest_route=\/wp\/v2\/posts\/5528","targetHints":{"allow":["GET"]}}],"collection":[{"href":"https:\/\/gemeindebuechereikastl.de\/index.php?rest_route=\/wp\/v2\/posts"}],"about":[{"href":"https:\/\/gemeindebuechereikastl.de\/index.php?rest_route=\/wp\/v2\/types\/post"}],"author":[{"embeddable":true,"href":"https:\/\/gemeindebuechereikastl.de\/index.php?rest_route=\/wp\/v2\/users\/1"}],"replies":[{"embeddable":true,"href":"https:\/\/gemeindebuechereikastl.de\/index.php?rest_route=%2Fwp%2Fv2%2Fcomments&post=5528"}],"version-history":[{"count":3,"href":"https:\/\/gemeindebuechereikastl.de\/index.php?rest_route=\/wp\/v2\/posts\/5528\/revisions"}],"predecessor-version":[{"id":5531,"href":"https:\/\/gemeindebuechereikastl.de\/index.php?rest_route=\/wp\/v2\/posts\/5528\/revisions\/5531"}],"wp:featuredmedia":[{"embeddable":true,"href":"https:\/\/gemeindebuechereikastl.de\/index.php?rest_route=\/wp\/v2\/media\/5208"}],"wp:attachment":[{"href":"https:\/\/gemeindebuechereikastl.de\/index.php?rest_route=%2Fwp%2Fv2%2Fmedia&parent=5528"}],"wp:term":[{"taxonomy":"category","embeddable":true,"href":"https:\/\/gemeindebuechereikastl.de\/index.php?rest_route=%2Fwp%2Fv2%2Fcategories&post=5528"},{"taxonomy":"post_tag","embeddable":true,"href":"https:\/\/gemeindebuechereikastl.de\/index.php?rest_route=%2Fwp%2Fv2%2Ftags&post=5528"}],"curies":[{"name":"wp","href":"https:\/\/api.w.org\/{rel}","templated":true}]}}