{"id":5533,"date":"2025-03-10T15:28:12","date_gmt":"2025-03-10T15:28:12","guid":{"rendered":"https:\/\/gemeindebuechereikastl.de\/?p=5533"},"modified":"2025-03-15T11:12:25","modified_gmt":"2025-03-15T11:12:25","slug":"kastler-buechereiteam-auf-einladung-von-mdb-susanne-hierl-in-berlin","status":"publish","type":"post","link":"https:\/\/gemeindebuechereikastl.de\/?p=5533","title":{"rendered":"Kastler B\u00fcchereiteam auf Einladung von MdB Susanne Hierl in Berlin"},"content":{"rendered":"<h2 style=\"text-align: center;\"><span style=\"color: #ff6600;\"><strong>Das Kastler B\u00fcchereiteam war mit weiterem ehrenamtlich engagiertem Mitarbeiter\/innen aus den B\u00fcchereien des Landkreises Neumarkt zu Besuch in der Hauptstadt \u2013 MdB Susanne Hierl lud zur politischen Informationsreise nach Berlin ein<img loading=\"lazy\" decoding=\"async\" class=\"alignleft wp-image-5536 \" src=\"https:\/\/gemeindebuechereikastl.de\/wp-content\/uploads\/2025\/03\/Berlin-2-905x1206.jpg\" alt=\"\" width=\"242\" height=\"322\" srcset=\"https:\/\/gemeindebuechereikastl.de\/wp-content\/uploads\/2025\/03\/Berlin-2-905x1206.jpg 905w, https:\/\/gemeindebuechereikastl.de\/wp-content\/uploads\/2025\/03\/Berlin-2-225x300.jpg 225w, https:\/\/gemeindebuechereikastl.de\/wp-content\/uploads\/2025\/03\/Berlin-2-768x1024.jpg 768w, https:\/\/gemeindebuechereikastl.de\/wp-content\/uploads\/2025\/03\/Berlin-2-1152x1536.jpg 1152w, https:\/\/gemeindebuechereikastl.de\/wp-content\/uploads\/2025\/03\/Berlin-2-750x1000.jpg 750w, https:\/\/gemeindebuechereikastl.de\/wp-content\/uploads\/2025\/03\/Berlin-2.jpg 1200w\" sizes=\"auto, (max-width: 242px) 100vw, 242px\" \/><\/strong><\/span><\/h2>\n<p data-start=\"438\" data-end=\"735\">Das Programm begann am Montag mit der Anreise und einem Besuch des Plenarsaals, wo die Gruppe spannende Einblicke in die Arbeit des Bundestags erhielt. Von der Reichstagskuppel bot sich ein beeindruckender Blick \u00fcber die Stadt. Am Nachmittag folgte ein\u00a0 Gespr\u00e4ch mit MdB Susanne Hierl.<\/p>\n<p data-start=\"438\" data-end=\"735\"><img loading=\"lazy\" decoding=\"async\" class=\"alignright wp-image-5537 \" src=\"https:\/\/gemeindebuechereikastl.de\/wp-content\/uploads\/2025\/03\/Berlin-3-905x1206.jpg\" alt=\"\" width=\"270\" height=\"360\" srcset=\"https:\/\/gemeindebuechereikastl.de\/wp-content\/uploads\/2025\/03\/Berlin-3-905x1206.jpg 905w, https:\/\/gemeindebuechereikastl.de\/wp-content\/uploads\/2025\/03\/Berlin-3-225x300.jpg 225w, https:\/\/gemeindebuechereikastl.de\/wp-content\/uploads\/2025\/03\/Berlin-3-768x1024.jpg 768w, https:\/\/gemeindebuechereikastl.de\/wp-content\/uploads\/2025\/03\/Berlin-3-1152x1536.jpg 1152w, https:\/\/gemeindebuechereikastl.de\/wp-content\/uploads\/2025\/03\/Berlin-3-750x1000.jpg 750w, https:\/\/gemeindebuechereikastl.de\/wp-content\/uploads\/2025\/03\/Berlin-3.jpg 1512w\" sizes=\"auto, (max-width: 270px) 100vw, 270px\" \/><\/p>\n<p data-start=\"737\" data-end=\"1026\">Am Dienstag stand eine Stadtrundfahrt auf dem Programm, gefolgt vom Besuch im Doku-Zentrum der Stiftung &#8222;Flucht, Vertreibung, Vers\u00f6hnung. Am Nachmittag erhielten die Teilnehmer Einblicke in die Arbeit des Verteidigungsministeriums, danach blieb Zeit f\u00fcr einen Rundgang am Brandenburger Tor.<\/p>\n<p data-start=\"1028\" data-end=\"1524\"><img loading=\"lazy\" decoding=\"async\" class=\"alignleft wp-image-5535 \" src=\"https:\/\/gemeindebuechereikastl.de\/wp-content\/uploads\/2025\/03\/Berlin-1.jpg\" alt=\"\" width=\"329\" height=\"185\" srcset=\"https:\/\/gemeindebuechereikastl.de\/wp-content\/uploads\/2025\/03\/Berlin-1.jpg 1600w, https:\/\/gemeindebuechereikastl.de\/wp-content\/uploads\/2025\/03\/Berlin-1-300x169.jpg 300w, https:\/\/gemeindebuechereikastl.de\/wp-content\/uploads\/2025\/03\/Berlin-1-768x432.jpg 768w, https:\/\/gemeindebuechereikastl.de\/wp-content\/uploads\/2025\/03\/Berlin-1-1536x865.jpg 1536w, https:\/\/gemeindebuechereikastl.de\/wp-content\/uploads\/2025\/03\/Berlin-1-750x422.jpg 750w\" sizes=\"auto, (max-width: 329px) 100vw, 329px\" \/>Am Mittwoch besuchte die Gruppe die Bayerische Vertretung in Berlin und den Bundesrat. Danach blieb Zeit f\u00fcr eigene Erkundungen am Gendarmenmarkt und Potsdamer Platz. Ein weiteres Highlight war der Besuch der Ausstellung \u201eTr\u00e4nenpalast\u201c zur deutschen Teilung. Eine politische Stadtrundfahrt f\u00fchrte zur Gedenkst\u00e4tte Berliner Mauer sowie zur Gedenkst\u00e4tte Deutscher Widerstand mit einer eindrucksvollen F\u00fchrung. Ein Rundgang durch den historischen Stadtkern am Nikolaikirchplatz rundete den Tag ab.<\/p>\n<p data-start=\"1028\" data-end=\"1524\"><img loading=\"lazy\" decoding=\"async\" class=\"alignleft wp-image-5538\" src=\"https:\/\/gemeindebuechereikastl.de\/wp-content\/uploads\/2025\/03\/Gedaechrtniskirche-1603x1069.jpg\" alt=\"\" width=\"500\" height=\"333\" srcset=\"https:\/\/gemeindebuechereikastl.de\/wp-content\/uploads\/2025\/03\/Gedaechrtniskirche-1603x1069.jpg 1603w, https:\/\/gemeindebuechereikastl.de\/wp-content\/uploads\/2025\/03\/Gedaechrtniskirche-300x200.jpg 300w, https:\/\/gemeindebuechereikastl.de\/wp-content\/uploads\/2025\/03\/Gedaechrtniskirche-768x512.jpg 768w, https:\/\/gemeindebuechereikastl.de\/wp-content\/uploads\/2025\/03\/Gedaechrtniskirche-1536x1024.jpg 1536w, https:\/\/gemeindebuechereikastl.de\/wp-content\/uploads\/2025\/03\/Gedaechrtniskirche-2048x1365.jpg 2048w, https:\/\/gemeindebuechereikastl.de\/wp-content\/uploads\/2025\/03\/Gedaechrtniskirche-750x500.jpg 750w\" sizes=\"auto, (max-width: 500px) 100vw, 500px\" \/><\/p>\n<p data-start=\"1526\" data-end=\"1844\" data-is-last-node=\"\" data-is-only-node=\"\">Am letzten Tag standen Besuche der Kaiser-Wilhelm-Ged\u00e4chtniskirche, des KaDeWe und des Europa-Centers auf dem Programm, bevor die Gruppe voller neuer Eindr\u00fccke die Heimreise antrat. Die Fahrt bot spannende politische und geschichtliche Einblicke sowie die M\u00f6glichkeit, Berlin aus verschiedenen Perspektiven zu erleben.<\/p>\n","protected":false},"excerpt":{"rendered":"<p>Das Kastler B\u00fcchereiteam war mit weiterem ehrenamtlich engagiertem Mitarbeiter\/innen aus den B\u00fcchereien des Landkreises Neumarkt zu Besuch in der Hauptstadt \u2013 MdB Susanne Hierl lud zur politischen Informationsreise nach Berlin ein Das Programm begann am Montag mit der Anreise und einem Besuch des Plenarsaals, wo die Gruppe spannende Einblicke in die Arbeit des Bundestags erhielt. &hellip; <\/p>\n<p><a class=\"more-link btn\" href=\"https:\/\/gemeindebuechereikastl.de\/?p=5533\">Weiterlesen<\/a><\/p>\n","protected":false},"author":1,"featured_media":5537,"comment_status":"closed","ping_status":"closed","sticky":false,"template":"","format":"standard","meta":{"footnotes":""},"categories":[1],"tags":[110,64,616],"class_list":["post-5533","post","type-post","status-publish","format-standard","has-post-thumbnail","hentry","category-team","tag-berlin","tag-buechereiteam","tag-informationsfahrt","item-wrap"],"_links":{"self":[{"href":"https:\/\/gemeindebuechereikastl.de\/index.php?rest_route=\/wp\/v2\/posts\/5533","targetHints":{"allow":["GET"]}}],"collection":[{"href":"https:\/\/gemeindebuechereikastl.de\/index.php?rest_route=\/wp\/v2\/posts"}],"about":[{"href":"https:\/\/gemeindebuechereikastl.de\/index.php?rest_route=\/wp\/v2\/types\/post"}],"author":[{"embeddable":true,"href":"https:\/\/gemeindebuechereikastl.de\/index.php?rest_route=\/wp\/v2\/users\/1"}],"replies":[{"embeddable":true,"href":"https:\/\/gemeindebuechereikastl.de\/index.php?rest_route=%2Fwp%2Fv2%2Fcomments&post=5533"}],"version-history":[{"count":4,"href":"https:\/\/gemeindebuechereikastl.de\/index.php?rest_route=\/wp\/v2\/posts\/5533\/revisions"}],"predecessor-version":[{"id":5561,"href":"https:\/\/gemeindebuechereikastl.de\/index.php?rest_route=\/wp\/v2\/posts\/5533\/revisions\/5561"}],"wp:featuredmedia":[{"embeddable":true,"href":"https:\/\/gemeindebuechereikastl.de\/index.php?rest_route=\/wp\/v2\/media\/5537"}],"wp:attachment":[{"href":"https:\/\/gemeindebuechereikastl.de\/index.php?rest_route=%2Fwp%2Fv2%2Fmedia&parent=5533"}],"wp:term":[{"taxonomy":"category","embeddable":true,"href":"https:\/\/gemeindebuechereikastl.de\/index.php?rest_route=%2Fwp%2Fv2%2Fcategories&post=5533"},{"taxonomy":"post_tag","embeddable":true,"href":"https:\/\/gemeindebuechereikastl.de\/index.php?rest_route=%2Fwp%2Fv2%2Ftags&post=5533"}],"curies":[{"name":"wp","href":"https:\/\/api.w.org\/{rel}","templated":true}]}}