{"id":5553,"date":"2025-03-11T12:46:55","date_gmt":"2025-03-11T12:46:55","guid":{"rendered":"https:\/\/gemeindebuechereikastl.de\/?p=5553"},"modified":"2025-03-11T13:06:06","modified_gmt":"2025-03-11T13:06:06","slug":"fruehlingserwachen-bei-der-vorlesezeit-in-der-buecherei","status":"publish","type":"post","link":"https:\/\/gemeindebuechereikastl.de\/?p=5553","title":{"rendered":"Fr\u00fchlingserwachen bei der Vorlesezeit in der B\u00fccherei"},"content":{"rendered":"<h2 style=\"text-align: center;\"><span style=\"color: #ff6600;\"><strong>Am Samstag, 15. M\u00e4rz um 10.00 Uhr VORLESEZEIT mit einem Fr\u00fchlingserwachen in der B\u00fccherei<\/strong><\/span><\/h2>\n<p style=\"text-align: center;\"><strong><img loading=\"lazy\" decoding=\"async\" class=\"wp-image-5555 alignright\" src=\"https:\/\/gemeindebuechereikastl.de\/wp-content\/uploads\/2025\/03\/fruehlingserwachen-1603x1133.jpg\" alt=\"\" width=\"293\" height=\"207\" srcset=\"https:\/\/gemeindebuechereikastl.de\/wp-content\/uploads\/2025\/03\/fruehlingserwachen-1603x1133.jpg 1603w, https:\/\/gemeindebuechereikastl.de\/wp-content\/uploads\/2025\/03\/fruehlingserwachen-300x212.jpg 300w, https:\/\/gemeindebuechereikastl.de\/wp-content\/uploads\/2025\/03\/fruehlingserwachen-768x543.jpg 768w, https:\/\/gemeindebuechereikastl.de\/wp-content\/uploads\/2025\/03\/fruehlingserwachen-1536x1086.jpg 1536w, https:\/\/gemeindebuechereikastl.de\/wp-content\/uploads\/2025\/03\/fruehlingserwachen-750x530.jpg 750w, https:\/\/gemeindebuechereikastl.de\/wp-content\/uploads\/2025\/03\/fruehlingserwachen.jpg 1754w\" sizes=\"auto, (max-width: 293px) 100vw, 293px\" \/><\/strong><strong>Am Samstag, den 15. M\u00e4rz um 10:00 Uhr, hei\u00dft es in der Gemeindeb\u00fccherei Kastl wieder: VORLESEZEIT! <\/strong><strong>Diesmal steht alles unter dem fr\u00fchlingshaften Motto \u201eFr\u00fchlingserwachen\u201c \u2013 und im Mittelpunkt das bezaubernde Gedicht \u201eDie Tulpenzwiebel\u201c von Josef Guggenmos. Eingeladen sind alle Kinder im Alter<br \/>\nvon 6 bis 8 Jahren.<\/strong><\/p>\n<p>Josef Guggenmos (1922\u20132003), der \u201eMeister der kleinen Form\u201c, geh\u00f6rt zu den bedeutendsten deutschen Kinderbuchautoren. Seine poetischen, spielerischen Texte begeistern Jung und Alt und laden dazu ein, die Magie der Sprache zu entdecken.<\/p>\n<p><img loading=\"lazy\" decoding=\"async\" class=\"wp-image-3895 alignleft\" src=\"https:\/\/gemeindebuechereikastl.de\/wp-content\/uploads\/2023\/04\/Tulpe-1-1603x902.jpg\" alt=\"\" width=\"379\" height=\"213\" srcset=\"https:\/\/gemeindebuechereikastl.de\/wp-content\/uploads\/2023\/04\/Tulpe-1-1603x902.jpg 1603w, https:\/\/gemeindebuechereikastl.de\/wp-content\/uploads\/2023\/04\/Tulpe-1-300x169.jpg 300w, https:\/\/gemeindebuechereikastl.de\/wp-content\/uploads\/2023\/04\/Tulpe-1-768x432.jpg 768w, https:\/\/gemeindebuechereikastl.de\/wp-content\/uploads\/2023\/04\/Tulpe-1-1536x864.jpg 1536w, https:\/\/gemeindebuechereikastl.de\/wp-content\/uploads\/2023\/04\/Tulpe-1-2048x1152.jpg 2048w, https:\/\/gemeindebuechereikastl.de\/wp-content\/uploads\/2023\/04\/Tulpe-1-750x422.jpg 750w\" sizes=\"auto, (max-width: 379px) 100vw, 379px\" \/>Doch an diesem Vormittag bleibt es nicht nur beim Zuh\u00f6ren! Mit Musik und Tanz wird das Gedicht lebendig, und die Kinder tauchen mit allen Sinnen in die Welt des Fr\u00fchlings ein. Nach dem Vorlesen gibt es eine kreative Bastelaktion \u2013 ein kunterbunter Spa\u00df f\u00fcr alle!<\/p>\n<p style=\"text-align: center;\"><strong>Das B\u00fcchereiteam freut sich auf viele kleine Zuh\u00f6rerinnen und Zuh\u00f6rer, die gemeinsam den Fr\u00fchling in die B\u00fccherei holen!<\/strong><\/p>\n","protected":false},"excerpt":{"rendered":"<p>Am Samstag, 15. M\u00e4rz um 10.00 Uhr VORLESEZEIT mit einem Fr\u00fchlingserwachen in der B\u00fccherei Am Samstag, den 15. M\u00e4rz um 10:00 Uhr, hei\u00dft es in der Gemeindeb\u00fccherei Kastl wieder: VORLESEZEIT! Diesmal steht alles unter dem fr\u00fchlingshaften Motto \u201eFr\u00fchlingserwachen\u201c \u2013 und im Mittelpunkt das bezaubernde Gedicht \u201eDie Tulpenzwiebel\u201c von Josef Guggenmos. Eingeladen sind alle Kinder im &hellip; <\/p>\n<p><a class=\"more-link btn\" href=\"https:\/\/gemeindebuechereikastl.de\/?p=5553\">Weiterlesen<\/a><\/p>\n","protected":false},"author":1,"featured_media":5555,"comment_status":"closed","ping_status":"closed","sticky":false,"template":"","format":"standard","meta":{"footnotes":""},"categories":[1],"tags":[24,660,243,36,173],"class_list":["post-5553","post","type-post","status-publish","format-standard","has-post-thumbnail","hentry","category-team","tag-fruehling","tag-kastler-vorlesezeit","tag-musik","tag-tanz","tag-vorlesezeit","item-wrap"],"_links":{"self":[{"href":"https:\/\/gemeindebuechereikastl.de\/index.php?rest_route=\/wp\/v2\/posts\/5553","targetHints":{"allow":["GET"]}}],"collection":[{"href":"https:\/\/gemeindebuechereikastl.de\/index.php?rest_route=\/wp\/v2\/posts"}],"about":[{"href":"https:\/\/gemeindebuechereikastl.de\/index.php?rest_route=\/wp\/v2\/types\/post"}],"author":[{"embeddable":true,"href":"https:\/\/gemeindebuechereikastl.de\/index.php?rest_route=\/wp\/v2\/users\/1"}],"replies":[{"embeddable":true,"href":"https:\/\/gemeindebuechereikastl.de\/index.php?rest_route=%2Fwp%2Fv2%2Fcomments&post=5553"}],"version-history":[{"count":5,"href":"https:\/\/gemeindebuechereikastl.de\/index.php?rest_route=\/wp\/v2\/posts\/5553\/revisions"}],"predecessor-version":[{"id":5560,"href":"https:\/\/gemeindebuechereikastl.de\/index.php?rest_route=\/wp\/v2\/posts\/5553\/revisions\/5560"}],"wp:featuredmedia":[{"embeddable":true,"href":"https:\/\/gemeindebuechereikastl.de\/index.php?rest_route=\/wp\/v2\/media\/5555"}],"wp:attachment":[{"href":"https:\/\/gemeindebuechereikastl.de\/index.php?rest_route=%2Fwp%2Fv2%2Fmedia&parent=5553"}],"wp:term":[{"taxonomy":"category","embeddable":true,"href":"https:\/\/gemeindebuechereikastl.de\/index.php?rest_route=%2Fwp%2Fv2%2Fcategories&post=5553"},{"taxonomy":"post_tag","embeddable":true,"href":"https:\/\/gemeindebuechereikastl.de\/index.php?rest_route=%2Fwp%2Fv2%2Ftags&post=5553"}],"curies":[{"name":"wp","href":"https:\/\/api.w.org\/{rel}","templated":true}]}}