{"id":5572,"date":"2025-03-18T12:54:04","date_gmt":"2025-03-18T12:54:04","guid":{"rendered":"https:\/\/gemeindebuechereikastl.de\/?p=5572"},"modified":"2025-03-18T13:02:08","modified_gmt":"2025-03-18T13:02:08","slug":"fruehlingserwachen-fuer-kinder-bei-der-vorlesezeit-in-der-gemeindebuecherei-kastl","status":"publish","type":"post","link":"https:\/\/gemeindebuechereikastl.de\/?p=5572","title":{"rendered":"Fr\u00fchlingserwachen f\u00fcr Kinder bei der Vorlesezeit in der Gemeindeb\u00fccherei Kastl"},"content":{"rendered":"<h2 style=\"text-align: center;\"><strong><span style=\"color: #ff6600;\">Ganz im Zeichen des Fr\u00fchlings stand die Vorlesezeit im M\u00e4rz in der Kastler Gemeindeb\u00fccherei<\/span><br \/>\n<\/strong><\/h2>\n<p style=\"text-align: center;\"><strong>Es drehte sich rund um das wundersch\u00f6ne Gedicht \u201eDie Tulpe\u201c von Josef Guggenmos. Dieses kleine Fr\u00fchlingsgedicht z\u00e4hlt zu den sch\u00f6nsten seiner Art und verzauberte auch die jungen Zuh\u00f6rerinnen und Zuh\u00f6rer mit seiner poetischen Sprache:<\/strong><\/p>\n<p><img loading=\"lazy\" decoding=\"async\" class=\"aligncenter wp-image-5573 \" src=\"https:\/\/gemeindebuechereikastl.de\/wp-content\/uploads\/2025\/03\/Fruehlingserwachen-1-1603x902.jpg\" alt=\"\" width=\"702\" height=\"395\" srcset=\"https:\/\/gemeindebuechereikastl.de\/wp-content\/uploads\/2025\/03\/Fruehlingserwachen-1-1603x902.jpg 1603w, https:\/\/gemeindebuechereikastl.de\/wp-content\/uploads\/2025\/03\/Fruehlingserwachen-1-300x169.jpg 300w, https:\/\/gemeindebuechereikastl.de\/wp-content\/uploads\/2025\/03\/Fruehlingserwachen-1-768x432.jpg 768w, https:\/\/gemeindebuechereikastl.de\/wp-content\/uploads\/2025\/03\/Fruehlingserwachen-1-1536x865.jpg 1536w, https:\/\/gemeindebuechereikastl.de\/wp-content\/uploads\/2025\/03\/Fruehlingserwachen-1-2048x1153.jpg 2048w, https:\/\/gemeindebuechereikastl.de\/wp-content\/uploads\/2025\/03\/Fruehlingserwachen-1-750x422.jpg 750w\" sizes=\"auto, (max-width: 702px) 100vw, 702px\" \/><\/p>\n<p>Josef Guggenmos (1922\u20132003), der \u201eMeister der kleinen Form\u201c, gilt als einer der bedeutendsten deutschen Kinderbuchautoren. Seine klare, tiefgr\u00fcndige Sprache l\u00e4dt Kinder und Erwachsene gleicherma\u00dfen zum Staunen und spielerischen Umgang mit Worten ein.<\/p>\n<p><em>Dunkel \/ war alles und Nacht. \/ In der Erde tief \/ die Zwiebel schlief, \/ die braune.<br \/>\nWas ist das f\u00fcr ein Gemunkel, \/ was ist das f\u00fcr ein Geraune, \/ dachte die Zwiebel, \/ pl\u00f6tzlich erwacht.<br \/>\nWas singen die V\u00f6gel da droben \/ und jauchzen und toben?<br \/>\nVon Neugier gepackt, \/ hat die Zwiebel einen langen Hals gemacht \/ und um sich geblickt \/ mit einem h\u00fcbschen Tulpengesicht. \/ Da hat ihr der Fr\u00fchling entgegengelacht.<\/em><img loading=\"lazy\" decoding=\"async\" class=\"wp-image-5574 alignright\" src=\"https:\/\/gemeindebuechereikastl.de\/wp-content\/uploads\/2025\/03\/Fruehlingserwachen1-1603x902.jpg\" alt=\"\" width=\"355\" height=\"200\" srcset=\"https:\/\/gemeindebuechereikastl.de\/wp-content\/uploads\/2025\/03\/Fruehlingserwachen1-1603x902.jpg 1603w, https:\/\/gemeindebuechereikastl.de\/wp-content\/uploads\/2025\/03\/Fruehlingserwachen1-300x169.jpg 300w, https:\/\/gemeindebuechereikastl.de\/wp-content\/uploads\/2025\/03\/Fruehlingserwachen1-768x432.jpg 768w, https:\/\/gemeindebuechereikastl.de\/wp-content\/uploads\/2025\/03\/Fruehlingserwachen1-1536x865.jpg 1536w, https:\/\/gemeindebuechereikastl.de\/wp-content\/uploads\/2025\/03\/Fruehlingserwachen1-2048x1153.jpg 2048w, https:\/\/gemeindebuechereikastl.de\/wp-content\/uploads\/2025\/03\/Fruehlingserwachen1-750x422.jpg 750w\" sizes=\"auto, (max-width: 355px) 100vw, 355px\" \/><\/p>\n<p>Die Vorlesezeit bot diesmal ein ganz besonderes Erlebnis: Musikalisch begleitet wurden die Kinder spielerisch an das Gedicht herangef\u00fchrt. Gemeinsam sprachen sie die Verse, machten dazu passende Bewegungen und vertonten das Gedicht mit einfachen Instrumenten. Anschlie\u00dfend betrachteten sie echte Tulpenzwiebeln und lie\u00dfen den Fr\u00fchling bei einem fr\u00f6hlichen Fr\u00fchlings-Tanz lebendig werden.<img loading=\"lazy\" decoding=\"async\" class=\"wp-image-5575 alignleft\" src=\"https:\/\/gemeindebuechereikastl.de\/wp-content\/uploads\/2025\/03\/Schusselhexe-1603x1134.jpg\" alt=\"\" width=\"178\" height=\"126\" srcset=\"https:\/\/gemeindebuechereikastl.de\/wp-content\/uploads\/2025\/03\/Schusselhexe-1603x1134.jpg 1603w, https:\/\/gemeindebuechereikastl.de\/wp-content\/uploads\/2025\/03\/Schusselhexe-300x212.jpg 300w, https:\/\/gemeindebuechereikastl.de\/wp-content\/uploads\/2025\/03\/Schusselhexe-768x543.jpg 768w, https:\/\/gemeindebuechereikastl.de\/wp-content\/uploads\/2025\/03\/Schusselhexe-1536x1086.jpg 1536w, https:\/\/gemeindebuechereikastl.de\/wp-content\/uploads\/2025\/03\/Schusselhexe-2048x1448.jpg 2048w, https:\/\/gemeindebuechereikastl.de\/wp-content\/uploads\/2025\/03\/Schusselhexe-750x530.jpg 750w\" sizes=\"auto, (max-width: 178px) 100vw, 178px\" \/><\/p>\n<p><strong>Die n\u00e4chste Vorlesezeit findet am Samstag, 12. April um 10.00 Uhr statt \u2013 als besondere Osteraktion mit Daniela Anheuser, die das Buch \u201eDie kleine Schusselhexe\u201c im Kamishibai-Erz\u00e4hltheater pr\u00e4sentiert.<\/strong> Das B\u00fcchereiteam freut sich schon jetzt auf viele kleine G\u00e4ste ab 3 Jahren!<\/p>\n","protected":false},"excerpt":{"rendered":"<p>Ganz im Zeichen des Fr\u00fchlings stand die Vorlesezeit im M\u00e4rz in der Kastler Gemeindeb\u00fccherei Es drehte sich rund um das wundersch\u00f6ne Gedicht \u201eDie Tulpe\u201c von Josef Guggenmos. Dieses kleine Fr\u00fchlingsgedicht z\u00e4hlt zu den sch\u00f6nsten seiner Art und verzauberte auch die jungen Zuh\u00f6rerinnen und Zuh\u00f6rer mit seiner poetischen Sprache: Josef Guggenmos (1922\u20132003), der \u201eMeister der kleinen &hellip; <\/p>\n<p><a class=\"more-link btn\" href=\"https:\/\/gemeindebuechereikastl.de\/?p=5572\">Weiterlesen<\/a><\/p>\n","protected":false},"author":1,"featured_media":5573,"comment_status":"closed","ping_status":"closed","sticky":false,"template":"","format":"standard","meta":{"footnotes":""},"categories":[1],"tags":[24,672,173],"class_list":["post-5572","post","type-post","status-publish","format-standard","has-post-thumbnail","hentry","category-team","tag-fruehling","tag-fruehlingserwachen","tag-vorlesezeit","item-wrap"],"_links":{"self":[{"href":"https:\/\/gemeindebuechereikastl.de\/index.php?rest_route=\/wp\/v2\/posts\/5572","targetHints":{"allow":["GET"]}}],"collection":[{"href":"https:\/\/gemeindebuechereikastl.de\/index.php?rest_route=\/wp\/v2\/posts"}],"about":[{"href":"https:\/\/gemeindebuechereikastl.de\/index.php?rest_route=\/wp\/v2\/types\/post"}],"author":[{"embeddable":true,"href":"https:\/\/gemeindebuechereikastl.de\/index.php?rest_route=\/wp\/v2\/users\/1"}],"replies":[{"embeddable":true,"href":"https:\/\/gemeindebuechereikastl.de\/index.php?rest_route=%2Fwp%2Fv2%2Fcomments&post=5572"}],"version-history":[{"count":3,"href":"https:\/\/gemeindebuechereikastl.de\/index.php?rest_route=\/wp\/v2\/posts\/5572\/revisions"}],"predecessor-version":[{"id":5578,"href":"https:\/\/gemeindebuechereikastl.de\/index.php?rest_route=\/wp\/v2\/posts\/5572\/revisions\/5578"}],"wp:featuredmedia":[{"embeddable":true,"href":"https:\/\/gemeindebuechereikastl.de\/index.php?rest_route=\/wp\/v2\/media\/5573"}],"wp:attachment":[{"href":"https:\/\/gemeindebuechereikastl.de\/index.php?rest_route=%2Fwp%2Fv2%2Fmedia&parent=5572"}],"wp:term":[{"taxonomy":"category","embeddable":true,"href":"https:\/\/gemeindebuechereikastl.de\/index.php?rest_route=%2Fwp%2Fv2%2Fcategories&post=5572"},{"taxonomy":"post_tag","embeddable":true,"href":"https:\/\/gemeindebuechereikastl.de\/index.php?rest_route=%2Fwp%2Fv2%2Ftags&post=5572"}],"curies":[{"name":"wp","href":"https:\/\/api.w.org\/{rel}","templated":true}]}}