{"id":5579,"date":"2025-03-19T15:35:18","date_gmt":"2025-03-19T15:35:18","guid":{"rendered":"https:\/\/gemeindebuechereikastl.de\/?p=5579"},"modified":"2025-03-19T15:36:15","modified_gmt":"2025-03-19T15:36:15","slug":"kinder-der-1-klasse-besuchten-zum-ersten-mal-gemeinsam-im-rahmen-der-schulausleihe-die-buecherei","status":"publish","type":"post","link":"https:\/\/gemeindebuechereikastl.de\/?p=5579","title":{"rendered":"Kinder der 1. Klasse besuchten zum Ersten Mal gemeinsam im Rahmen der Schulausleihe die B\u00fccherei"},"content":{"rendered":"<h2 style=\"text-align: center;\"><span style=\"color: #ff6600;\"><strong>Die Kinder der 1. Klasse der Seyfried-Schweppermann-Grundschule Kastl besuchten zum Ersten Mal gemeinsam im Rahmen der Schulausleihe die Gemeindeb\u00fccherei<\/strong><\/span><\/h2>\n<p style=\"text-align: center;\" data-start=\"98\" data-end=\"527\"><strong>Nachdem fast alle Buchstaben gelernt und erste Leseerfahrungen gesammelt waren, machten sich die Erstkl\u00e4ssler voller Neugier auf den Weg \u2013 f\u00fcr viele der erste B\u00fcchereibesuch als Klasse. Einige kannten die B\u00fccherei bereits von Besuchen mit den Eltern oder durch den \u201eB\u00fcchereif\u00fchrerschein\u201c aus der Kindergartenzeit.<\/strong> <img loading=\"lazy\" decoding=\"async\" class=\"aligncenter wp-image-5580 \" src=\"https:\/\/gemeindebuechereikastl.de\/wp-content\/uploads\/2025\/03\/1-Klasse-1603x920.jpg\" alt=\"\" width=\"729\" height=\"418\" srcset=\"https:\/\/gemeindebuechereikastl.de\/wp-content\/uploads\/2025\/03\/1-Klasse-1603x920.jpg 1603w, https:\/\/gemeindebuechereikastl.de\/wp-content\/uploads\/2025\/03\/1-Klasse-300x172.jpg 300w, https:\/\/gemeindebuechereikastl.de\/wp-content\/uploads\/2025\/03\/1-Klasse-768x441.jpg 768w, https:\/\/gemeindebuechereikastl.de\/wp-content\/uploads\/2025\/03\/1-Klasse-1536x882.jpg 1536w, https:\/\/gemeindebuechereikastl.de\/wp-content\/uploads\/2025\/03\/1-Klasse-2048x1176.jpg 2048w, https:\/\/gemeindebuechereikastl.de\/wp-content\/uploads\/2025\/03\/1-Klasse-750x431.jpg 750w\" sizes=\"auto, (max-width: 729px) 100vw, 729px\" \/><\/p>\n<p data-start=\"529\" data-end=\"848\">In der B\u00fccherei wurden sie herzlich von B\u00fcchereileiter Georg D\u00fcrr und den Mitarbeiterinnen Sabine Diener, Rita Popp und Christa Kastner empfangen. Zu Beginn durften die Kinder erz\u00e4hlen, was man alles ausleihen kann \u2013 dabei gab es auch Neues zu entdecken, z.\u202fB. die Bedeutung der bunten Etiketten auf B\u00fcchern und Medien.<\/p>\n<p data-start=\"850\" data-end=\"1462\">Bei einem Rundgang durch die beiden Etagen lernten die Kinder das vielf\u00e4ltige Angebot kennen. Besonders beeindruckt waren sie von der gro\u00dfen Auswahl an Kinderb\u00fcchern zu ihren Lieblingsthemen wie Tiere, Fahrzeuge, Berufe oder Fu\u00dfball. Auch Tiptoi-B\u00fccher wurden vorgestellt. Beim Sch\u00e4tzspiel, wie viele Medien es gibt, reichten die Antworten von 500 bis zu einer Million \u2013 umso gr\u00f6\u00dfer war das Staunen \u00fcber die tats\u00e4chliche Zahl: \u00fcber 9.500 Medien, darunter rund 8.000 B\u00fccher und Zeitschriften sowie 1.500 Nichtbuchmedien wie Spiele, DVDs, H\u00f6rb\u00fccher und Tonies. Zus\u00e4tzlich sind rund 30.000 eBooks online ausleihbar.<img loading=\"lazy\" decoding=\"async\" class=\"wp-image-5581 aligncenter\" src=\"https:\/\/gemeindebuechereikastl.de\/wp-content\/uploads\/2025\/03\/Schulausleihe-1-Klasse-1603x902.jpg\" alt=\"\" width=\"697\" height=\"392\" srcset=\"https:\/\/gemeindebuechereikastl.de\/wp-content\/uploads\/2025\/03\/Schulausleihe-1-Klasse-1603x902.jpg 1603w, https:\/\/gemeindebuechereikastl.de\/wp-content\/uploads\/2025\/03\/Schulausleihe-1-Klasse-300x169.jpg 300w, https:\/\/gemeindebuechereikastl.de\/wp-content\/uploads\/2025\/03\/Schulausleihe-1-Klasse-768x432.jpg 768w, https:\/\/gemeindebuechereikastl.de\/wp-content\/uploads\/2025\/03\/Schulausleihe-1-Klasse-1536x865.jpg 1536w, https:\/\/gemeindebuechereikastl.de\/wp-content\/uploads\/2025\/03\/Schulausleihe-1-Klasse-2048x1153.jpg 2048w, https:\/\/gemeindebuechereikastl.de\/wp-content\/uploads\/2025\/03\/Schulausleihe-1-Klasse-750x422.jpg 750w\" sizes=\"auto, (max-width: 697px) 100vw, 697px\" \/><\/p>\n<p data-start=\"1464\" data-end=\"1662\">Ein weiteres Highlight: Die B\u00fccherei besitzt etwa 3.000 Antolin-B\u00fccher f\u00fcr Leseanf\u00e4nger. Nach der F\u00fchrung durften die Kinder endlich selbst st\u00f6bern \u2013 und alle fanden begeistert B\u00fccher zum Mitnehmen.<\/p>\n<p data-start=\"1664\" data-end=\"1886\">Jedes Kind erhielt ihren eigenen Leseausweis und kann nun regelm\u00e4\u00dfig B\u00fccher und Medien ausleihen. Als kleines Geschenk gab es eine B\u00fcchereitasche, ein Heftchen und ein Lesezeichen \u2013 perfekt f\u00fcr die frisch entliehenen Lieblingsb\u00fccher.<\/p>\n","protected":false},"excerpt":{"rendered":"<p>Die Kinder der 1. Klasse der Seyfried-Schweppermann-Grundschule Kastl besuchten zum Ersten Mal gemeinsam im Rahmen der Schulausleihe die Gemeindeb\u00fccherei Nachdem fast alle Buchstaben gelernt und erste Leseerfahrungen gesammelt waren, machten sich die Erstkl\u00e4ssler voller Neugier auf den Weg \u2013 f\u00fcr viele der erste B\u00fcchereibesuch als Klasse. Einige kannten die B\u00fccherei bereits von Besuchen mit den &hellip; <\/p>\n<p><a class=\"more-link btn\" href=\"https:\/\/gemeindebuechereikastl.de\/?p=5579\">Weiterlesen<\/a><\/p>\n","protected":false},"author":1,"featured_media":5580,"comment_status":"closed","ping_status":"closed","sticky":false,"template":"","format":"standard","meta":{"footnotes":""},"categories":[1],"tags":[21,22],"class_list":["post-5579","post","type-post","status-publish","format-standard","has-post-thumbnail","hentry","category-team","tag-1-klasse","tag-schulausleihe","item-wrap"],"_links":{"self":[{"href":"https:\/\/gemeindebuechereikastl.de\/index.php?rest_route=\/wp\/v2\/posts\/5579","targetHints":{"allow":["GET"]}}],"collection":[{"href":"https:\/\/gemeindebuechereikastl.de\/index.php?rest_route=\/wp\/v2\/posts"}],"about":[{"href":"https:\/\/gemeindebuechereikastl.de\/index.php?rest_route=\/wp\/v2\/types\/post"}],"author":[{"embeddable":true,"href":"https:\/\/gemeindebuechereikastl.de\/index.php?rest_route=\/wp\/v2\/users\/1"}],"replies":[{"embeddable":true,"href":"https:\/\/gemeindebuechereikastl.de\/index.php?rest_route=%2Fwp%2Fv2%2Fcomments&post=5579"}],"version-history":[{"count":2,"href":"https:\/\/gemeindebuechereikastl.de\/index.php?rest_route=\/wp\/v2\/posts\/5579\/revisions"}],"predecessor-version":[{"id":5583,"href":"https:\/\/gemeindebuechereikastl.de\/index.php?rest_route=\/wp\/v2\/posts\/5579\/revisions\/5583"}],"wp:featuredmedia":[{"embeddable":true,"href":"https:\/\/gemeindebuechereikastl.de\/index.php?rest_route=\/wp\/v2\/media\/5580"}],"wp:attachment":[{"href":"https:\/\/gemeindebuechereikastl.de\/index.php?rest_route=%2Fwp%2Fv2%2Fmedia&parent=5579"}],"wp:term":[{"taxonomy":"category","embeddable":true,"href":"https:\/\/gemeindebuechereikastl.de\/index.php?rest_route=%2Fwp%2Fv2%2Fcategories&post=5579"},{"taxonomy":"post_tag","embeddable":true,"href":"https:\/\/gemeindebuechereikastl.de\/index.php?rest_route=%2Fwp%2Fv2%2Ftags&post=5579"}],"curies":[{"name":"wp","href":"https:\/\/api.w.org\/{rel}","templated":true}]}}