{"id":5627,"date":"2025-04-29T11:48:31","date_gmt":"2025-04-29T11:48:31","guid":{"rendered":"https:\/\/gemeindebuechereikastl.de\/?p=5627"},"modified":"2025-04-29T17:44:14","modified_gmt":"2025-04-29T17:44:14","slug":"5627","status":"publish","type":"post","link":"https:\/\/gemeindebuechereikastl.de\/?p=5627","title":{"rendered":"Zugriff auf unseren Online-Katalog ist wieder m\u00f6glich!!"},"content":{"rendered":"<h2 style=\"text-align: center;\"><span style=\"color: #ff6600;\"><strong>Unser &#8222;Online Katalog&#8220; f\u00fcr die Suche nach B\u00fcchern und Medien und dem Login f\u00fcr Leser ist wieder erreichbar!<\/strong><\/span><\/h2>\n<p><strong>Liebe Leserinnen und Leser, liebe Interessierte an unserem Buch- und Medienangebot in unserer\u00a0 Gemeindeb\u00fccherei Kastl.<\/strong><\/p>\n<p>Wir m\u00f6chten uns f\u00fcr die vor\u00fcbergehende Nichtverf\u00fcgbarkeit unseres Online-Katalogs entschuldigen. In den vergangenen Wochen kam es aufgrund technischer Schwierigkeiten und mehrfacher \u00c4nderungen beim Zugriff zu wiederholten Ausf\u00e4llen.<\/p>\n<p>Nach l\u00e4ngerer Kl\u00e4rung ist der Zugang nun endlich wieder m\u00f6glich. Wie gewohnt erreichen Sie den Onlinekatalog \u00fcber unsere Homepage \u2013 klicken Sie dazu einfach auf den Men\u00fcpunkt <span style=\"color: #ff0000;\">\u201eOnline-Katalog\u201c<\/span> und weiter auf der Seite <strong>Online-Katalog<\/strong>\u00a0 mit einen Klick auf das Logo der B\u00fccherei und schon sind Sie wieder in unserem <a href=\"https:\/\/iopac.gemeindebuechereikastl.de\/iopac\/\"><strong><span style=\"color: #ff0000;\">ONLINE-KATALOG<\/span><\/strong><\/a><\/p>\n<p><span style=\"color: #ff0000;\"><strong>Vielen Dank f\u00fcr Ihre Geduld und Ihr Verst\u00e4ndnis!<br \/>\n<\/strong><strong>Ihr B\u00dcCHEREITEAM<\/strong><\/span><\/p>\n<p><img loading=\"lazy\" decoding=\"async\" class=\"aligncenter wp-image-5637 \" src=\"https:\/\/gemeindebuechereikastl.de\/wp-content\/uploads\/2025\/04\/online-news-1603x899.jpg\" alt=\"\" width=\"668\" height=\"375\" srcset=\"https:\/\/gemeindebuechereikastl.de\/wp-content\/uploads\/2025\/04\/online-news-1603x899.jpg 1603w, https:\/\/gemeindebuechereikastl.de\/wp-content\/uploads\/2025\/04\/online-news-300x168.jpg 300w, https:\/\/gemeindebuechereikastl.de\/wp-content\/uploads\/2025\/04\/online-news-768x431.jpg 768w, https:\/\/gemeindebuechereikastl.de\/wp-content\/uploads\/2025\/04\/online-news-1536x861.jpg 1536w, https:\/\/gemeindebuechereikastl.de\/wp-content\/uploads\/2025\/04\/online-news-750x421.jpg 750w, https:\/\/gemeindebuechereikastl.de\/wp-content\/uploads\/2025\/04\/online-news.jpg 1610w\" sizes=\"auto, (max-width: 668px) 100vw, 668px\" \/><\/p>\n<p>&#8212;&#8212;&#8212;&#8212;&#8212;&#8212;&#8212;&#8212;&#8212;&#8212;&#8212;&#8212;&#8212;&#8212;&#8212;&#8212;&#8212;&#8212;&#8212;&#8212;&#8212;&#8212;&#8212;&#8212;&#8212;&#8212;&#8212;&#8212;<\/p>\n<p><img loading=\"lazy\" decoding=\"async\" class=\"aligncenter wp-image-5636 \" src=\"https:\/\/gemeindebuechereikastl.de\/wp-content\/uploads\/2025\/04\/online-login.jpg\" alt=\"\" width=\"674\" height=\"318\" srcset=\"https:\/\/gemeindebuechereikastl.de\/wp-content\/uploads\/2025\/04\/online-login.jpg 1601w, https:\/\/gemeindebuechereikastl.de\/wp-content\/uploads\/2025\/04\/online-login-300x141.jpg 300w, https:\/\/gemeindebuechereikastl.de\/wp-content\/uploads\/2025\/04\/online-login-768x362.jpg 768w, https:\/\/gemeindebuechereikastl.de\/wp-content\/uploads\/2025\/04\/online-login-1536x724.jpg 1536w, https:\/\/gemeindebuechereikastl.de\/wp-content\/uploads\/2025\/04\/online-login-750x354.jpg 750w\" sizes=\"auto, (max-width: 674px) 100vw, 674px\" \/><\/p>\n","protected":false},"excerpt":{"rendered":"<p>Unser &#8222;Online Katalog&#8220; f\u00fcr die Suche nach B\u00fcchern und Medien und dem Login f\u00fcr Leser ist wieder erreichbar! Liebe Leserinnen und Leser, liebe Interessierte an unserem Buch- und Medienangebot in unserer\u00a0 Gemeindeb\u00fccherei Kastl. Wir m\u00f6chten uns f\u00fcr die vor\u00fcbergehende Nichtverf\u00fcgbarkeit unseres Online-Katalogs entschuldigen. In den vergangenen Wochen kam es aufgrund technischer Schwierigkeiten und mehrfacher \u00c4nderungen &hellip; <\/p>\n<p><a class=\"more-link btn\" href=\"https:\/\/gemeindebuechereikastl.de\/?p=5627\">Weiterlesen<\/a><\/p>\n","protected":false},"author":1,"featured_media":5637,"comment_status":"closed","ping_status":"closed","sticky":false,"template":"","format":"standard","meta":{"footnotes":""},"categories":[1],"tags":[222],"class_list":["post-5627","post","type-post","status-publish","format-standard","has-post-thumbnail","hentry","category-team","tag-online-katalog","item-wrap"],"_links":{"self":[{"href":"https:\/\/gemeindebuechereikastl.de\/index.php?rest_route=\/wp\/v2\/posts\/5627","targetHints":{"allow":["GET"]}}],"collection":[{"href":"https:\/\/gemeindebuechereikastl.de\/index.php?rest_route=\/wp\/v2\/posts"}],"about":[{"href":"https:\/\/gemeindebuechereikastl.de\/index.php?rest_route=\/wp\/v2\/types\/post"}],"author":[{"embeddable":true,"href":"https:\/\/gemeindebuechereikastl.de\/index.php?rest_route=\/wp\/v2\/users\/1"}],"replies":[{"embeddable":true,"href":"https:\/\/gemeindebuechereikastl.de\/index.php?rest_route=%2Fwp%2Fv2%2Fcomments&post=5627"}],"version-history":[{"count":8,"href":"https:\/\/gemeindebuechereikastl.de\/index.php?rest_route=\/wp\/v2\/posts\/5627\/revisions"}],"predecessor-version":[{"id":5639,"href":"https:\/\/gemeindebuechereikastl.de\/index.php?rest_route=\/wp\/v2\/posts\/5627\/revisions\/5639"}],"wp:featuredmedia":[{"embeddable":true,"href":"https:\/\/gemeindebuechereikastl.de\/index.php?rest_route=\/wp\/v2\/media\/5637"}],"wp:attachment":[{"href":"https:\/\/gemeindebuechereikastl.de\/index.php?rest_route=%2Fwp%2Fv2%2Fmedia&parent=5627"}],"wp:term":[{"taxonomy":"category","embeddable":true,"href":"https:\/\/gemeindebuechereikastl.de\/index.php?rest_route=%2Fwp%2Fv2%2Fcategories&post=5627"},{"taxonomy":"post_tag","embeddable":true,"href":"https:\/\/gemeindebuechereikastl.de\/index.php?rest_route=%2Fwp%2Fv2%2Ftags&post=5627"}],"curies":[{"name":"wp","href":"https:\/\/api.w.org\/{rel}","templated":true}]}}