{"id":5640,"date":"2025-05-01T06:44:19","date_gmt":"2025-05-01T06:44:19","guid":{"rendered":"https:\/\/gemeindebuechereikastl.de\/?p=5640"},"modified":"2025-05-01T06:53:04","modified_gmt":"2025-05-01T06:53:04","slug":"kastler-lesen-fuer-kastler-wieder-ein-besonderer-lese-und-hoergenuss-im-obergeschoss-der-buecherei-2","status":"publish","type":"post","link":"https:\/\/gemeindebuechereikastl.de\/?p=5640","title":{"rendered":"\u201eKastler lesen f\u00fcr Kastler\u201c wieder ein besonderer Lese- und H\u00f6rgenuss im Obergeschoss der B\u00fccherei"},"content":{"rendered":"<h2 style=\"text-align: center;\"><span style=\"color: #ff6600;\"><strong>Interessanter und Geschmackvoller \u201eWein-Lese-Abend\u201c unter dem Motto \u201cKastler lesen f\u00fcr Kastler\u201c im Obergeschoss der B\u00fccherei<\/strong><\/span><\/h2>\n<p>Im Anschluss an den \u201eWelttag des Buches\u201c hatte das Team der Gemeindeb\u00fccherei zu dieser besonderen Veranstaltung eingeladen, bei der Kastler B\u00fcrgerinnen und B\u00fcrger ihre Lieblingsb\u00fccher vorstellten.<\/p>\n<p><img loading=\"lazy\" decoding=\"async\" class=\"aligncenter wp-image-5644 \" src=\"https:\/\/gemeindebuechereikastl.de\/wp-content\/uploads\/2025\/05\/Wein-Lese-Abend-1603x1078.jpg\" alt=\"\" width=\"720\" height=\"484\" srcset=\"https:\/\/gemeindebuechereikastl.de\/wp-content\/uploads\/2025\/05\/Wein-Lese-Abend-1603x1078.jpg 1603w, https:\/\/gemeindebuechereikastl.de\/wp-content\/uploads\/2025\/05\/Wein-Lese-Abend-300x202.jpg 300w, https:\/\/gemeindebuechereikastl.de\/wp-content\/uploads\/2025\/05\/Wein-Lese-Abend-768x516.jpg 768w, https:\/\/gemeindebuechereikastl.de\/wp-content\/uploads\/2025\/05\/Wein-Lese-Abend-1536x1033.jpg 1536w, https:\/\/gemeindebuechereikastl.de\/wp-content\/uploads\/2025\/05\/Wein-Lese-Abend-2048x1377.jpg 2048w, https:\/\/gemeindebuechereikastl.de\/wp-content\/uploads\/2025\/05\/Wein-Lese-Abend-750x504.jpg 750w\" sizes=\"auto, (max-width: 720px) 100vw, 720px\" \/>B\u00fcchereileiter Georg D\u00fcrr begr\u00fc\u00dfte die zahlreichen G\u00e4ste sowie die Vorleserinnen und Vorleser mit Birgit Wiesend, Daniela Schuller, Josef Riedl und den &#8222;Boader&#8220; Albert Fromm. Im Mittelpunkt standen dabei nicht ber\u00fchmte Schriftsteller, sondern die pers\u00f6nlichen Empfehlungen der Kastler Leserinnen und Leser.<img loading=\"lazy\" decoding=\"async\" class=\"wp-image-5645 alignleft\" src=\"https:\/\/gemeindebuechereikastl.de\/wp-content\/uploads\/2025\/05\/Wiesend-Birgit-757x1206.jpg\" alt=\"\" width=\"201\" height=\"321\" srcset=\"https:\/\/gemeindebuechereikastl.de\/wp-content\/uploads\/2025\/05\/Wiesend-Birgit-757x1206.jpg 757w, https:\/\/gemeindebuechereikastl.de\/wp-content\/uploads\/2025\/05\/Wiesend-Birgit-188x300.jpg 188w, https:\/\/gemeindebuechereikastl.de\/wp-content\/uploads\/2025\/05\/Wiesend-Birgit-768x1223.jpg 768w, https:\/\/gemeindebuechereikastl.de\/wp-content\/uploads\/2025\/05\/Wiesend-Birgit-964x1536.jpg 964w, https:\/\/gemeindebuechereikastl.de\/wp-content\/uploads\/2025\/05\/Wiesend-Birgit-1286x2048.jpg 1286w, https:\/\/gemeindebuechereikastl.de\/wp-content\/uploads\/2025\/05\/Wiesend-Birgit-750x1195.jpg 750w, https:\/\/gemeindebuechereikastl.de\/wp-content\/uploads\/2025\/05\/Wiesend-Birgit-scaled.jpg 1607w\" sizes=\"auto, (max-width: 201px) 100vw, 201px\" \/><\/p>\n<p>Den Auftakt machte Birgit Wiesend mit Anne Sterns Romanreihe \u201eDie Frauen vom Karlsplatz\u201c \u2013 vier B\u00e4nde, vier Epochen, vier Frauenschicksale in Berlin. Auguste (1892) wird auf ihre Rolle als Ehefrau vorbereitet, Henny (1913) will den Traum ihrer verstorbenen Mutter erf\u00fcllen und Medizin studieren, Vera (1943) erlebt Krieg und innere Zerrissenheit in einer Berliner Villa und \u00a0\u00a0\u00a0\u00a0Maria (1968) erh\u00e4lt ihr erstes Engagement als Ballerina und begibt sich auf Spurensuche ihrer Herkunft.<img loading=\"lazy\" decoding=\"async\" class=\"wp-image-5642 alignright\" src=\"https:\/\/gemeindebuechereikastl.de\/wp-content\/uploads\/2025\/05\/Riedl-Josef-905x1206.jpg\" alt=\"\" width=\"184\" height=\"245\" srcset=\"https:\/\/gemeindebuechereikastl.de\/wp-content\/uploads\/2025\/05\/Riedl-Josef-905x1206.jpg 905w, https:\/\/gemeindebuechereikastl.de\/wp-content\/uploads\/2025\/05\/Riedl-Josef-225x300.jpg 225w, https:\/\/gemeindebuechereikastl.de\/wp-content\/uploads\/2025\/05\/Riedl-Josef-768x1024.jpg 768w, https:\/\/gemeindebuechereikastl.de\/wp-content\/uploads\/2025\/05\/Riedl-Josef-1152x1536.jpg 1152w, https:\/\/gemeindebuechereikastl.de\/wp-content\/uploads\/2025\/05\/Riedl-Josef-1536x2048.jpg 1536w, https:\/\/gemeindebuechereikastl.de\/wp-content\/uploads\/2025\/05\/Riedl-Josef-750x1000.jpg 750w, https:\/\/gemeindebuechereikastl.de\/wp-content\/uploads\/2025\/05\/Riedl-Josef-scaled.jpg 1920w\" sizes=\"auto, (max-width: 184px) 100vw, 184px\" \/><\/p>\n<p>Josef Riedl las anschlie\u00dfend aus \u201eLo und Lu\u201c von Hanns-Josef Ortheil \u2013 liebevolle Geschichten \u00fcber seine beiden Kinder, die mit ihren Alltagsabenteuern das Familienleben auf charmante Weise auf den Kopf stellen. Besonders eine Episode von einem Volksfestbesuch brachte die Zuh\u00f6rer zum Schmunzeln.<br \/>\n<img loading=\"lazy\" decoding=\"async\" class=\"wp-image-5643 alignleft\" src=\"https:\/\/gemeindebuechereikastl.de\/wp-content\/uploads\/2025\/05\/Schuller-Daniela-769x1206.jpg\" alt=\"\" width=\"196\" height=\"307\" srcset=\"https:\/\/gemeindebuechereikastl.de\/wp-content\/uploads\/2025\/05\/Schuller-Daniela-769x1206.jpg 769w, https:\/\/gemeindebuechereikastl.de\/wp-content\/uploads\/2025\/05\/Schuller-Daniela-191x300.jpg 191w, https:\/\/gemeindebuechereikastl.de\/wp-content\/uploads\/2025\/05\/Schuller-Daniela-768x1204.jpg 768w, https:\/\/gemeindebuechereikastl.de\/wp-content\/uploads\/2025\/05\/Schuller-Daniela-979x1536.jpg 979w, https:\/\/gemeindebuechereikastl.de\/wp-content\/uploads\/2025\/05\/Schuller-Daniela-1306x2048.jpg 1306w, https:\/\/gemeindebuechereikastl.de\/wp-content\/uploads\/2025\/05\/Schuller-Daniela-750x1176.jpg 750w, https:\/\/gemeindebuechereikastl.de\/wp-content\/uploads\/2025\/05\/Schuller-Daniela-scaled.jpg 1632w\" sizes=\"auto, (max-width: 196px) 100vw, 196px\" \/>In der dritten Runde stellte Daniela Schuller das Buch \u201eUnter blutrotem Himmel\u201c von Mark Sullivan vor \u2013 die wahre Geschichte von Pino Lella, einem italienischen Jugendlichen im Zweiten Weltkrieg, der Juden zur Flucht verhalf und sp\u00e4ter als Spion f\u00fcr die Alliierten t\u00e4tig wurde. Eine ergreifende Erz\u00e4hlung \u00fcber Mut, Liebe und das Erwachsenwerden in dunklen Zeiten.<img loading=\"lazy\" decoding=\"async\" class=\"alignright wp-image-5641 \" src=\"https:\/\/gemeindebuechereikastl.de\/wp-content\/uploads\/2025\/05\/Boader-Albert-714x1206.jpg\" alt=\"\" width=\"189\" height=\"319\" srcset=\"https:\/\/gemeindebuechereikastl.de\/wp-content\/uploads\/2025\/05\/Boader-Albert-714x1206.jpg 714w, https:\/\/gemeindebuechereikastl.de\/wp-content\/uploads\/2025\/05\/Boader-Albert-178x300.jpg 178w, https:\/\/gemeindebuechereikastl.de\/wp-content\/uploads\/2025\/05\/Boader-Albert-768x1297.jpg 768w, https:\/\/gemeindebuechereikastl.de\/wp-content\/uploads\/2025\/05\/Boader-Albert-910x1536.jpg 910w, https:\/\/gemeindebuechereikastl.de\/wp-content\/uploads\/2025\/05\/Boader-Albert-1213x2048.jpg 1213w, https:\/\/gemeindebuechereikastl.de\/wp-content\/uploads\/2025\/05\/Boader-Albert-750x1266.jpg 750w, https:\/\/gemeindebuechereikastl.de\/wp-content\/uploads\/2025\/05\/Boader-Albert-scaled.jpg 1516w\" sizes=\"auto, (max-width: 189px) 100vw, 189px\" \/><\/p>\n<p>Den Abschluss bildete der Boader Albert mit Geschichten und Gedichten von Gerhard Polt. Mit Witz und Scharfsinn trug er die Texte \u201eZeit\u201c, \u201eGem\u00fctlichkeit\u201c, \u201eTransparenz\u201c und \u201eDer Berti\u201c vor \u2013 humorvolle Beobachtungen, die bei den Zuh\u00f6rern f\u00fcr viele Lachsalven sorgten.<\/p>\n<p>Mit diesem abwechslungsreichen Abend ist dem B\u00fcchereiteam erneut eine gelungene Mischung aus nachdenklichen, unterhaltsamen und heiteren Lesebeitr\u00e4gen gelungen. Die Zuh\u00f6rer lauschten gespannt und honorierten jede Lesesequenz mit herzlichem Applaus. Die Vielfalt der Literatur, kombiniert mit der entspannten Atmosph\u00e4re und einem guten Glas Wein, machte diesen \u201eWein-Lese-Abend\u201c zu einem besonderen Erlebnis in der Kastler B\u00fccherei.<\/p>\n","protected":false},"excerpt":{"rendered":"<p>Interessanter und Geschmackvoller \u201eWein-Lese-Abend\u201c unter dem Motto \u201cKastler lesen f\u00fcr Kastler\u201c im Obergeschoss der B\u00fccherei Im Anschluss an den \u201eWelttag des Buches\u201c hatte das Team der Gemeindeb\u00fccherei zu dieser besonderen Veranstaltung eingeladen, bei der Kastler B\u00fcrgerinnen und B\u00fcrger ihre Lieblingsb\u00fccher vorstellten. B\u00fcchereileiter Georg D\u00fcrr begr\u00fc\u00dfte die zahlreichen G\u00e4ste sowie die Vorleserinnen und Vorleser mit Birgit &hellip; <\/p>\n<p><a class=\"more-link btn\" href=\"https:\/\/gemeindebuechereikastl.de\/?p=5640\">Weiterlesen<\/a><\/p>\n","protected":false},"author":1,"featured_media":5644,"comment_status":"closed","ping_status":"closed","sticky":false,"template":"","format":"standard","meta":{"footnotes":""},"categories":[1],"tags":[455,472,80,454,473],"class_list":["post-5640","post","type-post","status-publish","format-standard","has-post-thumbnail","hentry","category-team","tag-abend","tag-leseabend","tag-vorlesen","tag-wein","tag-wein-lese-abend","item-wrap"],"_links":{"self":[{"href":"https:\/\/gemeindebuechereikastl.de\/index.php?rest_route=\/wp\/v2\/posts\/5640","targetHints":{"allow":["GET"]}}],"collection":[{"href":"https:\/\/gemeindebuechereikastl.de\/index.php?rest_route=\/wp\/v2\/posts"}],"about":[{"href":"https:\/\/gemeindebuechereikastl.de\/index.php?rest_route=\/wp\/v2\/types\/post"}],"author":[{"embeddable":true,"href":"https:\/\/gemeindebuechereikastl.de\/index.php?rest_route=\/wp\/v2\/users\/1"}],"replies":[{"embeddable":true,"href":"https:\/\/gemeindebuechereikastl.de\/index.php?rest_route=%2Fwp%2Fv2%2Fcomments&post=5640"}],"version-history":[{"count":4,"href":"https:\/\/gemeindebuechereikastl.de\/index.php?rest_route=\/wp\/v2\/posts\/5640\/revisions"}],"predecessor-version":[{"id":5649,"href":"https:\/\/gemeindebuechereikastl.de\/index.php?rest_route=\/wp\/v2\/posts\/5640\/revisions\/5649"}],"wp:featuredmedia":[{"embeddable":true,"href":"https:\/\/gemeindebuechereikastl.de\/index.php?rest_route=\/wp\/v2\/media\/5644"}],"wp:attachment":[{"href":"https:\/\/gemeindebuechereikastl.de\/index.php?rest_route=%2Fwp%2Fv2%2Fmedia&parent=5640"}],"wp:term":[{"taxonomy":"category","embeddable":true,"href":"https:\/\/gemeindebuechereikastl.de\/index.php?rest_route=%2Fwp%2Fv2%2Fcategories&post=5640"},{"taxonomy":"post_tag","embeddable":true,"href":"https:\/\/gemeindebuechereikastl.de\/index.php?rest_route=%2Fwp%2Fv2%2Ftags&post=5640"}],"curies":[{"name":"wp","href":"https:\/\/api.w.org\/{rel}","templated":true}]}}