{"id":5658,"date":"2025-05-13T12:55:03","date_gmt":"2025-05-13T12:55:03","guid":{"rendered":"https:\/\/gemeindebuechereikastl.de\/?p=5658"},"modified":"2025-05-13T13:10:53","modified_gmt":"2025-05-13T13:10:53","slug":"gemeindebuecherei-kastl-ein-lebendiger-ort-des-lesens-lernens-und-begegnens-jahresbericht-2024bleibt","status":"publish","type":"post","link":"https:\/\/gemeindebuechereikastl.de\/?p=5658","title":{"rendered":"Gemeindeb\u00fccherei Kastl ein lebendiger Ort des Lesens, Lernens und Begegnens &#8211; Jahresbericht 2024bleibt."},"content":{"rendered":"<h2 style=\"text-align: center;\"><span style=\"color: #ff6600;\"><strong>Jahresbericht 2024 \u00fcbergeben \u2013 Gemeindeb\u00fccherei Kastl blickt auf bewegtes Jubil\u00e4umsjahr zur\u00fcck<\/strong><\/span><\/h2>\n<div class=\"flex max-w-full flex-col grow\">\n<div class=\"min-h-8 text-message relative flex w-full flex-col items-end gap-2 text-start break-words whitespace-normal [.text-message+&amp;]:mt-5\" dir=\"auto\" data-message-author-role=\"assistant\" data-message-id=\"05d1ce19-bc27-4e0d-8c83-246106494a19\" data-message-model-slug=\"gpt-4o\">\n<div class=\"flex w-full flex-col gap-1 empty:hidden first:pt-[3px]\">\n<div class=\"markdown prose dark:prose-invert w-full break-words light\">\n<p style=\"text-align: center;\" data-start=\"95\" data-end=\"363\"><strong>Mit dem Zitat von Altkanzler Helmut Schmidt \u2013 \u201eBibliotheken sind die geistigen Tankstellen der Nation\u201c \u2013 \u00fcberreichten B\u00fcchereileiter Georg D\u00fcrr und seine Stellvertreterin Christa Kastner den Jahresbericht 2024 an Pfarrer Johannes Arweck und B\u00fcrgermeister Stefan Braun.<\/strong><\/p>\n<p><img loading=\"lazy\" decoding=\"async\" class=\"wp-image-5659 aligncenter\" src=\"https:\/\/gemeindebuechereikastl.de\/wp-content\/uploads\/2025\/05\/Jahresbericht-2024-1571x1206.jpg\" alt=\"\" width=\"721\" height=\"554\" srcset=\"https:\/\/gemeindebuechereikastl.de\/wp-content\/uploads\/2025\/05\/Jahresbericht-2024-1571x1206.jpg 1571w, https:\/\/gemeindebuechereikastl.de\/wp-content\/uploads\/2025\/05\/Jahresbericht-2024-300x230.jpg 300w, https:\/\/gemeindebuechereikastl.de\/wp-content\/uploads\/2025\/05\/Jahresbericht-2024-768x590.jpg 768w, https:\/\/gemeindebuechereikastl.de\/wp-content\/uploads\/2025\/05\/Jahresbericht-2024-1536x1179.jpg 1536w, https:\/\/gemeindebuechereikastl.de\/wp-content\/uploads\/2025\/05\/Jahresbericht-2024-2048x1572.jpg 2048w, https:\/\/gemeindebuechereikastl.de\/wp-content\/uploads\/2025\/05\/Jahresbericht-2024-750x576.jpg 750w\" sizes=\"auto, (max-width: 721px) 100vw, 721px\" \/><\/p>\n<p>Im Mittelpunkt des vergangenen Jahres stand das 50-j\u00e4hrige Jubil\u00e4um der Gemeindeb\u00fccherei, die 1974 aus der Pfarrb\u00fccherei hervorging. Zahlreiche Veranstaltungen, starke Besucherzahlen und viel Anerkennung begleiteten das Festjahr.<\/p>\n<\/div>\n<div class=\"markdown prose dark:prose-invert w-full break-words light\">\n<p data-start=\"596\" data-end=\"632\"><span style=\"color: #ff6600;\"><strong data-start=\"596\" data-end=\"632\">Starke Bilanz \u2013 engagiertes Team<\/strong><\/span><strong data-start=\"596\" data-end=\"632\"><img loading=\"lazy\" decoding=\"async\" class=\"wp-image-4592 alignright\" src=\"https:\/\/gemeindebuechereikastl.de\/wp-content\/uploads\/2024\/02\/Buechereiteam-2024-1603x981.jpg\" alt=\"\" width=\"299\" height=\"183\" srcset=\"https:\/\/gemeindebuechereikastl.de\/wp-content\/uploads\/2024\/02\/Buechereiteam-2024-1603x981.jpg 1603w, https:\/\/gemeindebuechereikastl.de\/wp-content\/uploads\/2024\/02\/Buechereiteam-2024-300x184.jpg 300w, https:\/\/gemeindebuechereikastl.de\/wp-content\/uploads\/2024\/02\/Buechereiteam-2024-768x470.jpg 768w, https:\/\/gemeindebuechereikastl.de\/wp-content\/uploads\/2024\/02\/Buechereiteam-2024-1536x940.jpg 1536w, https:\/\/gemeindebuechereikastl.de\/wp-content\/uploads\/2024\/02\/Buechereiteam-2024-2048x1254.jpg 2048w, https:\/\/gemeindebuechereikastl.de\/wp-content\/uploads\/2024\/02\/Buechereiteam-2024-750x459.jpg 750w\" sizes=\"auto, (max-width: 299px) 100vw, 299px\" \/><\/strong><\/p>\n<p data-start=\"634\" data-end=\"999\">\u00dcber 4.000 ehrenamtliche Stunden, ein vielseitiges Medienangebot mit 9.378 Titeln sowie 1.300 Nicht-buchmedien und 26 Zeitschriften-Abos dokumentieren die lebendige Arbeit der B\u00fccherei. Die digitale Ausleihe \u00fcber LEO-Nord \u2013 mit rund 30.000 E-Medien \u2013 erfreut sich insbesondere bei jungen Leserinnen und Lesern gro\u00dfer Beliebtheit und feierte ihr 10-j\u00e4hriges Bestehen.<br \/>\n<strong data-start=\"1001\" data-end=\"1037\"><img loading=\"lazy\" decoding=\"async\" class=\"wp-image-4745 alignleft\" src=\"https:\/\/gemeindebuechereikastl.de\/wp-content\/uploads\/2024\/05\/Ehrung-Team-1603x902.jpg\" alt=\"\" width=\"345\" height=\"194\" srcset=\"https:\/\/gemeindebuechereikastl.de\/wp-content\/uploads\/2024\/05\/Ehrung-Team-1603x902.jpg 1603w, https:\/\/gemeindebuechereikastl.de\/wp-content\/uploads\/2024\/05\/Ehrung-Team-300x169.jpg 300w, https:\/\/gemeindebuechereikastl.de\/wp-content\/uploads\/2024\/05\/Ehrung-Team-768x432.jpg 768w, https:\/\/gemeindebuechereikastl.de\/wp-content\/uploads\/2024\/05\/Ehrung-Team-1536x865.jpg 1536w, https:\/\/gemeindebuechereikastl.de\/wp-content\/uploads\/2024\/05\/Ehrung-Team-2048x1153.jpg 2048w, https:\/\/gemeindebuechereikastl.de\/wp-content\/uploads\/2024\/05\/Ehrung-Team-750x422.jpg 750w\" sizes=\"auto, (max-width: 345px) 100vw, 345px\" \/><span style=\"color: #ff6600;\">Jubil\u00e4um mit besonderen Momenten<\/span><\/strong><\/p>\n<p data-start=\"1039\" data-end=\"1424\">Das Jubil\u00e4um wurde mit zahlreichen H\u00f6hepunkten gefeiert: Ein gro\u00dfes Teamtreffen, ein Ehrenabend mit Auszeichnungen, ein Kabarettabend mit Wolfgang Krebs, eine \u201eDunkelausleihe\u201c bei Taschenlampenlicht, eine Lesung mit Kurt Tallert und Vorstellungen von Doctor D\u00f6blingers Kasperltheater fanden gro\u00dfen Anklang.<\/p>\n<p data-start=\"1426\" data-end=\"1450\"><span style=\"color: #ff6600;\"><strong data-start=\"1426\" data-end=\"1450\">Auszeichnung in Gold<\/strong><\/span><img loading=\"lazy\" decoding=\"async\" class=\"wp-image-5200 alignright\" src=\"https:\/\/gemeindebuechereikastl.de\/wp-content\/uploads\/2024\/10\/Buechereisiegel-in-Gold-1603x1182.jpg\" alt=\"\" width=\"219\" height=\"161\" srcset=\"https:\/\/gemeindebuechereikastl.de\/wp-content\/uploads\/2024\/10\/Buechereisiegel-in-Gold-1603x1182.jpg 1603w, https:\/\/gemeindebuechereikastl.de\/wp-content\/uploads\/2024\/10\/Buechereisiegel-in-Gold-300x221.jpg 300w, https:\/\/gemeindebuechereikastl.de\/wp-content\/uploads\/2024\/10\/Buechereisiegel-in-Gold-768x566.jpg 768w, https:\/\/gemeindebuechereikastl.de\/wp-content\/uploads\/2024\/10\/Buechereisiegel-in-Gold-1536x1133.jpg 1536w, https:\/\/gemeindebuechereikastl.de\/wp-content\/uploads\/2024\/10\/Buechereisiegel-in-Gold-750x553.jpg 750w, https:\/\/gemeindebuechereikastl.de\/wp-content\/uploads\/2024\/10\/Buechereisiegel-in-Gold.jpg 2000w\" sizes=\"auto, (max-width: 219px) 100vw, 219px\" \/><\/p>\n<p data-start=\"1452\" data-end=\"1737\">Als besonderes Zeichen der Anerkennung erhielt die B\u00fccherei das \u201eB\u00fcchereisiegel in Gold\u201c f\u00fcr herausragende Leistungen im bayerischen B\u00fcchereiwesen. Unter den Gratulanten: Dr. Ludwig Brandl (Di\u00f6zese Eichst\u00e4tt) und \u2013 kabarettistisch \u2013 Ministerpr\u00e4sident Markus S\u00f6der alias Wolfgang Krebs.<\/p>\n<p data-start=\"1739\" data-end=\"1786\"><span style=\"color: #ff6600;\"><strong data-start=\"1739\" data-end=\"1786\">Ausblick 2025: Neue Ideen, bew\u00e4hrte Formate<\/strong><\/span><\/p>\n<p data-start=\"1788\" data-end=\"2062\">Auch 2025 bleibt das B\u00fcchereiteam aktiv. Geplant sind das beliebte Entenrennen (5. Juli), zwei Leserfahrten zu den Luisenburg-Festspielen (20. Juli, 17. August) sowie eine Lesung mit Pfarrer Rainer Maria Schie\u00dfler (13. September) unter dem Titel \u201eEin Abend voller Hoffnung\u201c. Weiter Veranstaltungstipps gibt es hier auf der Homepage unter <strong><a href=\"https:\/\/gemeindebuechereikastl.de\/?page_id=4978\">Termine 2025<\/a><\/strong><a href=\"https:\/\/gemeindebuechereikastl.de\/wp-content\/uploads\/2025\/05\/Jahresbericht-2024.pdf\"><img loading=\"lazy\" decoding=\"async\" class=\"alignright wp-image-5661 \" src=\"https:\/\/gemeindebuechereikastl.de\/wp-content\/uploads\/2025\/05\/Jahresbericht-2024-1-854x1206.jpg\" alt=\"\" width=\"219\" height=\"309\" srcset=\"https:\/\/gemeindebuechereikastl.de\/wp-content\/uploads\/2025\/05\/Jahresbericht-2024-1-854x1206.jpg 854w, https:\/\/gemeindebuechereikastl.de\/wp-content\/uploads\/2025\/05\/Jahresbericht-2024-1-213x300.jpg 213w, https:\/\/gemeindebuechereikastl.de\/wp-content\/uploads\/2025\/05\/Jahresbericht-2024-1-768x1084.jpg 768w, https:\/\/gemeindebuechereikastl.de\/wp-content\/uploads\/2025\/05\/Jahresbericht-2024-1-1088x1536.jpg 1088w, https:\/\/gemeindebuechereikastl.de\/wp-content\/uploads\/2025\/05\/Jahresbericht-2024-1-750x1059.jpg 750w, https:\/\/gemeindebuechereikastl.de\/wp-content\/uploads\/2025\/05\/Jahresbericht-2024-1.jpg 1188w\" sizes=\"auto, (max-width: 219px) 100vw, 219px\" \/><\/a><\/p>\n<p data-start=\"2064\" data-end=\"2084\"><span style=\"color: #ff6600;\"><strong data-start=\"2064\" data-end=\"2084\">Service und Dank<\/strong><\/span><\/p>\n<p data-start=\"2086\" data-end=\"2438\" data-is-last-node=\"\" data-is-only-node=\"\">Die Onleihe, der <strong><a href=\"https:\/\/iopac.gemeindebuechereikastl.de\/iopac\/\">Online-Katalog<\/a><\/strong> und die laufend aktualisierte Website <a class=\"\" href=\"http:\/\/www.gemeindebuechereikastl.de\" target=\"_new\" rel=\"noopener\" data-start=\"2156\" data-end=\"2225\">www.gemeindebuechereikastl.de<\/a> erg\u00e4nzen das Angebot rund ums Jahr. Das B\u00fcchereiteam dankt der Pfarrei, der Gemeinde sowie allen Helferinnen, Helfern und Unterst\u00fctzern, die diesen besonderen Ort des Lesens, Lernens und Miteinanders erm\u00f6glichen.<\/p>\n<p data-start=\"2086\" data-end=\"2438\" data-is-last-node=\"\" data-is-only-node=\"\">Den ganzen\u00a0<a href=\"https:\/\/gemeindebuechereikastl.de\/wp-content\/uploads\/2025\/05\/Jahresbericht-2024.pdf\"><strong>Jahresbericht 2024<\/strong><\/a> gibt es hier zum Nachlesen<\/p>\n<\/div>\n<\/div>\n<\/div>\n<\/div>\n<p>&nbsp;<\/p>\n","protected":false},"excerpt":{"rendered":"<p>Jahresbericht 2024 \u00fcbergeben \u2013 Gemeindeb\u00fccherei Kastl blickt auf bewegtes Jubil\u00e4umsjahr zur\u00fcck Mit dem Zitat von Altkanzler Helmut Schmidt \u2013 \u201eBibliotheken sind die geistigen Tankstellen der Nation\u201c \u2013 \u00fcberreichten B\u00fcchereileiter Georg D\u00fcrr und seine Stellvertreterin Christa Kastner den Jahresbericht 2024 an Pfarrer Johannes Arweck und B\u00fcrgermeister Stefan Braun. Im Mittelpunkt des vergangenen Jahres stand das 50-j\u00e4hrige &hellip; <\/p>\n<p><a class=\"more-link btn\" href=\"https:\/\/gemeindebuechereikastl.de\/?p=5658\">Weiterlesen<\/a><\/p>\n","protected":false},"author":1,"featured_media":5659,"comment_status":"closed","ping_status":"closed","sticky":false,"template":"","format":"standard","meta":{"footnotes":""},"categories":[1],"tags":[679,89,268,680,330],"class_list":["post-5658","post","type-post","status-publish","format-standard","has-post-thumbnail","hentry","category-team","tag-buergerm","tag-buergermeister","tag-jahresbericht","tag-lese-ort","tag-pfarrer","item-wrap"],"_links":{"self":[{"href":"https:\/\/gemeindebuechereikastl.de\/index.php?rest_route=\/wp\/v2\/posts\/5658","targetHints":{"allow":["GET"]}}],"collection":[{"href":"https:\/\/gemeindebuechereikastl.de\/index.php?rest_route=\/wp\/v2\/posts"}],"about":[{"href":"https:\/\/gemeindebuechereikastl.de\/index.php?rest_route=\/wp\/v2\/types\/post"}],"author":[{"embeddable":true,"href":"https:\/\/gemeindebuechereikastl.de\/index.php?rest_route=\/wp\/v2\/users\/1"}],"replies":[{"embeddable":true,"href":"https:\/\/gemeindebuechereikastl.de\/index.php?rest_route=%2Fwp%2Fv2%2Fcomments&post=5658"}],"version-history":[{"count":3,"href":"https:\/\/gemeindebuechereikastl.de\/index.php?rest_route=\/wp\/v2\/posts\/5658\/revisions"}],"predecessor-version":[{"id":5664,"href":"https:\/\/gemeindebuechereikastl.de\/index.php?rest_route=\/wp\/v2\/posts\/5658\/revisions\/5664"}],"wp:featuredmedia":[{"embeddable":true,"href":"https:\/\/gemeindebuechereikastl.de\/index.php?rest_route=\/wp\/v2\/media\/5659"}],"wp:attachment":[{"href":"https:\/\/gemeindebuechereikastl.de\/index.php?rest_route=%2Fwp%2Fv2%2Fmedia&parent=5658"}],"wp:term":[{"taxonomy":"category","embeddable":true,"href":"https:\/\/gemeindebuechereikastl.de\/index.php?rest_route=%2Fwp%2Fv2%2Fcategories&post=5658"},{"taxonomy":"post_tag","embeddable":true,"href":"https:\/\/gemeindebuechereikastl.de\/index.php?rest_route=%2Fwp%2Fv2%2Ftags&post=5658"}],"curies":[{"name":"wp","href":"https:\/\/api.w.org\/{rel}","templated":true}]}}