{"id":5685,"date":"2025-05-25T07:37:09","date_gmt":"2025-05-25T07:37:09","guid":{"rendered":"https:\/\/gemeindebuechereikastl.de\/?p=5685"},"modified":"2025-06-02T15:28:13","modified_gmt":"2025-06-02T15:28:13","slug":"anmeldung-fuer-theaterfahrt-die-drei-musketiere-von-buecherei-und-kolping-ab-sofort-moeglich","status":"publish","type":"post","link":"https:\/\/gemeindebuechereikastl.de\/?p=5685","title":{"rendered":"Anmeldung f\u00fcr Theaterfahrt &#8222;Die drei Musketiere&#8220; von B\u00fccherei und Kolping ab sofort m\u00f6glich"},"content":{"rendered":"<h2 style=\"text-align: center;\"><span style=\"color: #ff6600;\"><strong>Die drei Musketiere bei den Luisenburg-Festspielen am Sonntag, 17. August 2025<\/strong><\/span><\/h2>\n<h3 style=\"text-align: center;\"><strong>Ein Mantel- und Degen-Klassiker, bei dem die Funken spr\u00fchen!<\/strong><\/h3>\n<p><img loading=\"lazy\" decoding=\"async\" class=\"aligncenter\" src=\"https:\/\/www.luisenburg-aktuell.de\/wp-content\/uploads\/2024\/11\/DIE-DREI-MUSKETIERE_2025.jpg\" width=\"666\" height=\"444\" \/><\/p>\n<p><strong>DIE DREI MUSKETIERE erz\u00e4hlt die Geschichte von des jungen, hei\u00dfbl\u00fctigen Gascogniers d\u2019 Artagnan, der nach Paris zieht, um sich seinen Herzenswunsch zu erf\u00fcllen, Musketier zu werden.<\/strong><br \/>\n<strong>In der neuen Fassung von Susanne Felicitas Wolf sind DIE DREI MUSKETIERE ein opulentes, mitrei\u00dfendes und ebenso feinsinniges Theaterereignis. Der Mantel- und Degen-Klassiker ist wie geschaffen f\u00fcr die gro\u00dfe Felsenb\u00fchne und verbindet Leidenschaft mit Abenteuer, Poesie mit Dramatik und Spannung mit Witz!<\/strong><a href=\"https:\/\/gemeindebuechereikastl.de\/wp-content\/uploads\/2025\/05\/Die-drei-Musketiere-2025-Kastl.pdf\"><img loading=\"lazy\" decoding=\"async\" class=\"alignright wp-image-5687 \" src=\"https:\/\/gemeindebuechereikastl.de\/wp-content\/uploads\/2025\/05\/Die-drei-Musketiere-2025-Kastl.pub_-853x1206.jpg\" alt=\"\" width=\"178\" height=\"252\" srcset=\"https:\/\/gemeindebuechereikastl.de\/wp-content\/uploads\/2025\/05\/Die-drei-Musketiere-2025-Kastl.pub_-853x1206.jpg 853w, https:\/\/gemeindebuechereikastl.de\/wp-content\/uploads\/2025\/05\/Die-drei-Musketiere-2025-Kastl.pub_-212x300.jpg 212w, https:\/\/gemeindebuechereikastl.de\/wp-content\/uploads\/2025\/05\/Die-drei-Musketiere-2025-Kastl.pub_-768x1086.jpg 768w, https:\/\/gemeindebuechereikastl.de\/wp-content\/uploads\/2025\/05\/Die-drei-Musketiere-2025-Kastl.pub_-1086x1536.jpg 1086w, https:\/\/gemeindebuechereikastl.de\/wp-content\/uploads\/2025\/05\/Die-drei-Musketiere-2025-Kastl.pub_-750x1061.jpg 750w, https:\/\/gemeindebuechereikastl.de\/wp-content\/uploads\/2025\/05\/Die-drei-Musketiere-2025-Kastl.pub_.jpg 1240w\" sizes=\"auto, (max-width: 178px) 100vw, 178px\" \/><\/a><\/p>\n<h3><b>PROGRAMM:<\/b><\/h3>\n<h5><b> <\/b><b>* <\/b><b>Die Abfahrt ist in Kastl um <\/b><b>11.45 Uhr <\/b><b>am Alten Bahnhof \/\u00a0 Zustieg in Ursensollen um <\/b><b>11.55 Uhr <\/b><b>an der B\u00fccherei <\/b><\/h5>\n<h5><b>* Um 15.00 Uhr Beginn des Mantel- und Degen-Klassikers \u201eDie drei Musketiere\u201c auf der <\/b><b>Luisenburgb\u00fchne<img loading=\"lazy\" decoding=\"async\" class=\"alignleft wp-image-5693 \" src=\"https:\/\/gemeindebuechereikastl.de\/wp-content\/uploads\/2025\/05\/Goepfersgruen-1.jpg\" alt=\"\" width=\"326\" height=\"196\" srcset=\"https:\/\/gemeindebuechereikastl.de\/wp-content\/uploads\/2025\/05\/Goepfersgruen-1.jpg 764w, https:\/\/gemeindebuechereikastl.de\/wp-content\/uploads\/2025\/05\/Goepfersgruen-1-300x180.jpg 300w, https:\/\/gemeindebuechereikastl.de\/wp-content\/uploads\/2025\/05\/Goepfersgruen-1-750x451.jpg 750w\" sizes=\"auto, (max-width: 326px) 100vw, 326px\" \/><\/b><\/h5>\n<h5><b>* Nach dem St\u00fcck ca. 17.3<\/b><b>0 Uhr &#8211; Weiterfahrt nach\u00a0\u00a0 G\u00f6pfersgr\u00fcn <\/b><b>zum Abendessen im \u201eWirtshaus Gl\u00e4\u00dfl im Gut\u201c<\/b><\/h5>\n<h5><b>* Nach dem Abendessen um ca. 19.30 Uhr R\u00fcckfahrt nach Kastl<\/b><\/h5>\n<h5><b>* Der <\/b><b>FAHRPREIS <\/b><b>betr\u00e4gt <\/b><b><span style=\"color: #ff6600;\">70,00 Euro pro Person<\/span><\/b><b>. Im Preis sind<br \/>\nenthalten die Busfahrt und die Eintrittskarte (PK 2) zum St\u00fcck. <\/b><\/h5>\n<h5><b>* Die <\/b><b>ANMELDUNG<\/b><b> ist in der <\/b><b>Gemeindeb\u00fccherei Kastl <\/b><b>zu den <\/b><b>\u00d6ffnungszeiten <\/b><b>(<\/b><b>Sonntag, von 10.00 \u2013 11.30 Uhr \/ Dienstag und Donnerstag von 17.00 \u2013 18.30 Uhr) <\/b><b>m\u00f6glich.\u00a0<\/b>Bei der <b>ANMELDUNG<\/b> ist gleichzeitig der <b>gesamte Fahrpreis<\/b> zu bezahlen. Die Pl\u00e4tze werden nach Anmeldezeitpunkt vergeben.<\/h5>\n<h3 style=\"text-align: center;\"><a href=\"https:\/\/gemeindebuechereikastl.de\/wp-content\/uploads\/2025\/05\/Die-drei-Musketiere-2025-Kastl.pdf\">Download Flyer &#8222;Die drei Musketiere 2025&#8220;<\/a><\/h3>\n","protected":false},"excerpt":{"rendered":"<p>Die drei Musketiere bei den Luisenburg-Festspielen am Sonntag, 17. August 2025 Ein Mantel- und Degen-Klassiker, bei dem die Funken spr\u00fchen! DIE DREI MUSKETIERE erz\u00e4hlt die Geschichte von des jungen, hei\u00dfbl\u00fctigen Gascogniers d\u2019 Artagnan, der nach Paris zieht, um sich seinen Herzenswunsch zu erf\u00fcllen, Musketier zu werden. In der neuen Fassung von Susanne Felicitas Wolf sind &hellip; <\/p>\n<p><a class=\"more-link btn\" href=\"https:\/\/gemeindebuechereikastl.de\/?p=5685\">Weiterlesen<\/a><\/p>\n","protected":false},"author":1,"featured_media":5689,"comment_status":"closed","ping_status":"closed","sticky":false,"template":"","format":"standard","meta":{"footnotes":""},"categories":[1],"tags":[684,247,53],"class_list":["post-5685","post","type-post","status-publish","format-standard","has-post-thumbnail","hentry","category-team","tag-die-drei-musketiere","tag-luisenburg-festspiele","tag-wunsiedel","item-wrap"],"_links":{"self":[{"href":"https:\/\/gemeindebuechereikastl.de\/index.php?rest_route=\/wp\/v2\/posts\/5685","targetHints":{"allow":["GET"]}}],"collection":[{"href":"https:\/\/gemeindebuechereikastl.de\/index.php?rest_route=\/wp\/v2\/posts"}],"about":[{"href":"https:\/\/gemeindebuechereikastl.de\/index.php?rest_route=\/wp\/v2\/types\/post"}],"author":[{"embeddable":true,"href":"https:\/\/gemeindebuechereikastl.de\/index.php?rest_route=\/wp\/v2\/users\/1"}],"replies":[{"embeddable":true,"href":"https:\/\/gemeindebuechereikastl.de\/index.php?rest_route=%2Fwp%2Fv2%2Fcomments&post=5685"}],"version-history":[{"count":6,"href":"https:\/\/gemeindebuechereikastl.de\/index.php?rest_route=\/wp\/v2\/posts\/5685\/revisions"}],"predecessor-version":[{"id":5721,"href":"https:\/\/gemeindebuechereikastl.de\/index.php?rest_route=\/wp\/v2\/posts\/5685\/revisions\/5721"}],"wp:featuredmedia":[{"embeddable":true,"href":"https:\/\/gemeindebuechereikastl.de\/index.php?rest_route=\/wp\/v2\/media\/5689"}],"wp:attachment":[{"href":"https:\/\/gemeindebuechereikastl.de\/index.php?rest_route=%2Fwp%2Fv2%2Fmedia&parent=5685"}],"wp:term":[{"taxonomy":"category","embeddable":true,"href":"https:\/\/gemeindebuechereikastl.de\/index.php?rest_route=%2Fwp%2Fv2%2Fcategories&post=5685"},{"taxonomy":"post_tag","embeddable":true,"href":"https:\/\/gemeindebuechereikastl.de\/index.php?rest_route=%2Fwp%2Fv2%2Ftags&post=5685"}],"curies":[{"name":"wp","href":"https:\/\/api.w.org\/{rel}","templated":true}]}}