{"id":5709,"date":"2025-05-30T15:11:46","date_gmt":"2025-05-30T15:11:46","guid":{"rendered":"https:\/\/gemeindebuechereikastl.de\/?p=5709"},"modified":"2025-06-01T07:40:56","modified_gmt":"2025-06-01T07:40:56","slug":"rennenten-fuers-kastler-entenrennen-in-der-buecherei-erhaeltlich","status":"publish","type":"post","link":"https:\/\/gemeindebuechereikastl.de\/?p=5709","title":{"rendered":"Rennenten f\u00fcrs Kastler Entenrennen in der B\u00fccherei erh\u00e4ltlich"},"content":{"rendered":"<h2 style=\"text-align: center;\"><span style=\"color: #ff6600;\"><b>Quak! Quak! Das Warten hat ein Ende<br \/>\ndie Enten sind am Samstag, 5. Juli wieder auf der Lauterach unterwegs &#8211; Verkauf der Rennenten in der B\u00fccherei ist angelaufen!<\/b><\/span><\/h2>\n<p style=\"text-align: center;\" data-start=\"120\" data-end=\"511\"><strong>Am 5. Juli ist es wieder so weit \u2013 der Nabel der Entenwelt liegt in Kastl! Beim beliebten Kastler Entenrennen auf der Lauterach hei\u00dft es erneut: Ente gut, alles gut! Im Rahmen des Kneippbeckenfestes l\u00e4dt das Team der Gemeindeb\u00fccherei Kastl am Samstag, den 5. Juli, wieder zum fr\u00f6hlich-sportlichen Rennen ein. Der Startschuss f\u00e4llt wie gewohnt am Steinstadl, das Ziel liegt beim Kneippbecken.<\/strong><img loading=\"lazy\" decoding=\"async\" class=\"alignleft wp-image-5710 size-large\" src=\"https:\/\/gemeindebuechereikastl.de\/wp-content\/uploads\/2025\/05\/Uebergabe-Rennente-1603x1044.jpg\" alt=\"\" width=\"750\" height=\"488\" srcset=\"https:\/\/gemeindebuechereikastl.de\/wp-content\/uploads\/2025\/05\/Uebergabe-Rennente-1603x1044.jpg 1603w, https:\/\/gemeindebuechereikastl.de\/wp-content\/uploads\/2025\/05\/Uebergabe-Rennente-300x195.jpg 300w, https:\/\/gemeindebuechereikastl.de\/wp-content\/uploads\/2025\/05\/Uebergabe-Rennente-768x500.jpg 768w, https:\/\/gemeindebuechereikastl.de\/wp-content\/uploads\/2025\/05\/Uebergabe-Rennente-1536x1000.jpg 1536w, https:\/\/gemeindebuechereikastl.de\/wp-content\/uploads\/2025\/05\/Uebergabe-Rennente-2048x1333.jpg 2048w, https:\/\/gemeindebuechereikastl.de\/wp-content\/uploads\/2025\/05\/Uebergabe-Rennente-750x488.jpg 750w\" sizes=\"auto, (max-width: 750px) 100vw, 750px\" \/><\/p>\n<p data-start=\"513\" data-end=\"849\">Zum Auftakt des Vorverkaufs \u00fcberreichten B\u00fcchereileiter Georg D\u00fcrr und seine Stellvertreterin Christa Kastner die symbolische Rennente mit der Startnummer 1 an B\u00fcrgermeister Stefan Braun. Der nahm sie mit Humor entgegen und scherzte, er m\u00fcsse sich wohl ein neues Rennteam suchen \u2013 seine bisherigen Enten landeten stets\u00a0im hinteren Feld.<img loading=\"lazy\" decoding=\"async\" class=\"wp-image-5711 alignleft\" src=\"https:\/\/gemeindebuechereikastl.de\/wp-content\/uploads\/2025\/05\/Grosse-Ente-1580x1206.jpg\" alt=\"\" width=\"284\" height=\"217\" srcset=\"https:\/\/gemeindebuechereikastl.de\/wp-content\/uploads\/2025\/05\/Grosse-Ente-1580x1206.jpg 1580w, https:\/\/gemeindebuechereikastl.de\/wp-content\/uploads\/2025\/05\/Grosse-Ente-300x229.jpg 300w, https:\/\/gemeindebuechereikastl.de\/wp-content\/uploads\/2025\/05\/Grosse-Ente-768x586.jpg 768w, https:\/\/gemeindebuechereikastl.de\/wp-content\/uploads\/2025\/05\/Grosse-Ente-1536x1172.jpg 1536w, https:\/\/gemeindebuechereikastl.de\/wp-content\/uploads\/2025\/05\/Grosse-Ente-2048x1563.jpg 2048w, https:\/\/gemeindebuechereikastl.de\/wp-content\/uploads\/2025\/05\/Grosse-Ente-750x572.jpg 750w\" sizes=\"auto, (max-width: 284px) 100vw, 284px\" \/><\/p>\n<p data-start=\"851\" data-end=\"1133\"><strong>F\u00fcr die Teilnahme sind spezielle \u201eRenn-Enten\u201c n\u00f6tig, die ab sofort f\u00fcr 3,00 EUR w\u00e4hrend der \u00d6ffnungszeiten in der Gemeindeb\u00fccherei erh\u00e4ltlich sind. Auf die Schnellsten warten tolle Preise \u2013 darunter Jahreskarten f\u00fcrs Kastler Freibad, Buchgutscheine und B\u00fccherei &#8211; Jahreskarten f\u00fcr Familie, Kinogutscheine und weitere kleine Preise.<img loading=\"lazy\" decoding=\"async\" class=\"alignright wp-image-5714 \" src=\"https:\/\/gemeindebuechereikastl.de\/wp-content\/uploads\/2025\/05\/Plakat-Entenrennen-2025-Rennenten.jpg\" alt=\"\" width=\"268\" height=\"174\" srcset=\"https:\/\/gemeindebuechereikastl.de\/wp-content\/uploads\/2025\/05\/Plakat-Entenrennen-2025-Rennenten.jpg 1230w, https:\/\/gemeindebuechereikastl.de\/wp-content\/uploads\/2025\/05\/Plakat-Entenrennen-2025-Rennenten-300x195.jpg 300w, https:\/\/gemeindebuechereikastl.de\/wp-content\/uploads\/2025\/05\/Plakat-Entenrennen-2025-Rennenten-768x498.jpg 768w, https:\/\/gemeindebuechereikastl.de\/wp-content\/uploads\/2025\/05\/Plakat-Entenrennen-2025-Rennenten-750x487.jpg 750w\" sizes=\"auto, (max-width: 268px) 100vw, 268px\" \/><\/strong><\/p>\n<p data-start=\"1135\" data-end=\"1396\">Am Renntag treffen sich alle Entenbesitzer ab 14:00 Uhr am Steinstadl. Um 15:00 Uhr f\u00e4llt der Startschuss: Hunderte bunte Enten st\u00fcrzen sich in die Lauterach und k\u00e4mpfen um die besten Pl\u00e4tze. Je schneller die Ente das Ziel erreicht, desto attraktiver der Preis!\u00a0Die Siegerehrung findet direkt im Anschluss im Rahmen des Kneippbeckenfestes statt. Viel Gl\u00fcck \u2013 und m\u00f6ge die schnellste Ente gewinnen!<\/p>\n","protected":false},"excerpt":{"rendered":"<p>Quak! Quak! Das Warten hat ein Ende die Enten sind am Samstag, 5. Juli wieder auf der Lauterach unterwegs &#8211; Verkauf der Rennenten in der B\u00fccherei ist angelaufen! Am 5. Juli ist es wieder so weit \u2013 der Nabel der Entenwelt liegt in Kastl! Beim beliebten Kastler Entenrennen auf der Lauterach hei\u00dft es erneut: Ente &hellip; <\/p>\n<p><a class=\"more-link btn\" href=\"https:\/\/gemeindebuechereikastl.de\/?p=5709\">Weiterlesen<\/a><\/p>\n","protected":false},"author":1,"featured_media":5714,"comment_status":"closed","ping_status":"closed","sticky":false,"template":"","format":"standard","meta":{"footnotes":""},"categories":[1],"tags":[55,56,41],"class_list":["post-5709","post","type-post","status-publish","format-standard","has-post-thumbnail","hentry","category-team","tag-entenrennen","tag-lauterach","tag-rennente","item-wrap"],"_links":{"self":[{"href":"https:\/\/gemeindebuechereikastl.de\/index.php?rest_route=\/wp\/v2\/posts\/5709","targetHints":{"allow":["GET"]}}],"collection":[{"href":"https:\/\/gemeindebuechereikastl.de\/index.php?rest_route=\/wp\/v2\/posts"}],"about":[{"href":"https:\/\/gemeindebuechereikastl.de\/index.php?rest_route=\/wp\/v2\/types\/post"}],"author":[{"embeddable":true,"href":"https:\/\/gemeindebuechereikastl.de\/index.php?rest_route=\/wp\/v2\/users\/1"}],"replies":[{"embeddable":true,"href":"https:\/\/gemeindebuechereikastl.de\/index.php?rest_route=%2Fwp%2Fv2%2Fcomments&post=5709"}],"version-history":[{"count":5,"href":"https:\/\/gemeindebuechereikastl.de\/index.php?rest_route=\/wp\/v2\/posts\/5709\/revisions"}],"predecessor-version":[{"id":5719,"href":"https:\/\/gemeindebuechereikastl.de\/index.php?rest_route=\/wp\/v2\/posts\/5709\/revisions\/5719"}],"wp:featuredmedia":[{"embeddable":true,"href":"https:\/\/gemeindebuechereikastl.de\/index.php?rest_route=\/wp\/v2\/media\/5714"}],"wp:attachment":[{"href":"https:\/\/gemeindebuechereikastl.de\/index.php?rest_route=%2Fwp%2Fv2%2Fmedia&parent=5709"}],"wp:term":[{"taxonomy":"category","embeddable":true,"href":"https:\/\/gemeindebuechereikastl.de\/index.php?rest_route=%2Fwp%2Fv2%2Fcategories&post=5709"},{"taxonomy":"post_tag","embeddable":true,"href":"https:\/\/gemeindebuechereikastl.de\/index.php?rest_route=%2Fwp%2Fv2%2Ftags&post=5709"}],"curies":[{"name":"wp","href":"https:\/\/api.w.org\/{rel}","templated":true}]}}