{"id":5722,"date":"2025-06-05T15:04:01","date_gmt":"2025-06-05T15:04:01","guid":{"rendered":"https:\/\/gemeindebuechereikastl.de\/?p=5722"},"modified":"2025-06-05T15:04:34","modified_gmt":"2025-06-05T15:04:34","slug":"fruehjahrsneuheiten-fuer-gross-und-klein-jetzt-ausleihbar","status":"publish","type":"post","link":"https:\/\/gemeindebuechereikastl.de\/?p=5722","title":{"rendered":"Fr\u00fchjahrsneuheiten f\u00fcr Gro\u00df und Klein \u2013 jetzt ausleihbar!\u201c"},"content":{"rendered":"<h2 style=\"text-align: center;\"><span style=\"color: #ff6600;\"><strong>\u00dcber 100 Fr\u00fchjahrsneuheiten aus dem B\u00fcchermarkt warten auf Gro\u00df und Klein zum Entleihen!<\/strong><\/span><\/h2>\n<p style=\"text-align: center;\"><strong>Diverse Fr\u00fchjahrs- und Sommernovit\u00e4ten hat das Team f\u00fcr alle Leser eingekauft. Diese stehen ab sofort zur Ausleihe bereit. Vom Bilderbuch f\u00fcr Kleinkinder \u00fcber spannende Romane f\u00fcr Erwachsene bis hin zu neuen Mangas und Tonies \u2013 f\u00fcr jeden ist etwas dabei!<\/strong><\/p>\n<p><img loading=\"lazy\" decoding=\"async\" class=\"aligncenter wp-image-5724 size-full\" src=\"https:\/\/gemeindebuechereikastl.de\/wp-content\/uploads\/2025\/06\/Romane-Sachbuecher.jpg\" alt=\"\" width=\"1019\" height=\"723\" srcset=\"https:\/\/gemeindebuechereikastl.de\/wp-content\/uploads\/2025\/06\/Romane-Sachbuecher.jpg 1019w, https:\/\/gemeindebuechereikastl.de\/wp-content\/uploads\/2025\/06\/Romane-Sachbuecher-300x213.jpg 300w, https:\/\/gemeindebuechereikastl.de\/wp-content\/uploads\/2025\/06\/Romane-Sachbuecher-768x545.jpg 768w, https:\/\/gemeindebuechereikastl.de\/wp-content\/uploads\/2025\/06\/Romane-Sachbuecher-750x532.jpg 750w\" sizes=\"auto, (max-width: 1019px) 100vw, 1019px\" \/><\/p>\n<p data-start=\"107\" data-end=\"157\"><strong data-start=\"107\" data-end=\"157\">Entdecken Sie unsere neuen Fr\u00fchjahrs-Sommernovit\u00e4ten!<\/strong><\/p>\n<p>Angefangen bei liebevoll gestalteten Bilderb\u00fcchern wie \u201e<em>Uhuwe liest vor<\/em>\u201c oder \u201eDie kleine Rittereule\u00a0und der fr\u00fche Vogel\u201c \u2013 auch viele weitere Bilderb\u00fccher warten darauf, entdeckt zu werden. Im Bereich der Erstleser gibt es ebenfalls frischen Lesestoff, zum Beispiel \u201e<em>Rico und die Klaut\u00f6rtchen<\/em>\u201c, \u201e<em>Dr. Brumm und die verflixte Gem\u00fcsekiste<\/em>\u201c oder \u201e<em>Die Tierwandler \u2013 Pl\u00f6tzlich Eule<\/em>!\u201c und vieles mehr.<\/p>\n<p>F\u00fcr Kinder zwischen 8 und 13 Jahren wurden unsere beliebten Reihen erweitert. Freuen Sie sich auf neue Abenteuer der \u201e<em>Drei ???\u201c<\/em> oder spannende Geschichten aus der \u201e<em>Woodwalkers<\/em>\u201c-Serie. Aber auch abseits der Reihen gibt es gro\u00dfartige neue Kinderb\u00fccher zu entdecken.<\/p>\n<p>In der neuen Manga-Rubrik \u2013 ein absoluter Ausleihrenner \u2013 wurden mehrere Serien erg\u00e4nzt. Auch bei den Tonies gibt es wieder viele spannende Neuheiten!<\/p>\n<p data-start=\"835\" data-end=\"985\"><img loading=\"lazy\" decoding=\"async\" class=\"aligncenter wp-image-5724 size-full\" src=\"https:\/\/gemeindebuechereikastl.de\/wp-content\/uploads\/2025\/06\/Romane-Sachbuecher.jpg\" alt=\"\" width=\"1019\" height=\"723\" srcset=\"https:\/\/gemeindebuechereikastl.de\/wp-content\/uploads\/2025\/06\/Romane-Sachbuecher.jpg 1019w, https:\/\/gemeindebuechereikastl.de\/wp-content\/uploads\/2025\/06\/Romane-Sachbuecher-300x213.jpg 300w, https:\/\/gemeindebuechereikastl.de\/wp-content\/uploads\/2025\/06\/Romane-Sachbuecher-768x545.jpg 768w, https:\/\/gemeindebuechereikastl.de\/wp-content\/uploads\/2025\/06\/Romane-Sachbuecher-750x532.jpg 750w\" sizes=\"auto, (max-width: 1019px) 100vw, 1019px\" \/><\/p>\n<p data-start=\"987\" data-end=\"1394\">Nat\u00fcrlich kommen auch Romanliebhaber auf ihre Kosten: Freuen Sie sich auf die hei\u00df ersehnte Fortsetzung <em data-start=\"1091\" data-end=\"1124\">\u201eOnyx Storm \u2013 Flammengek\u00fcsst 3\u201c<\/em>, auf <em data-start=\"1130\" data-end=\"1158\">\u201eHelden \u2013 Jacop der Fuchs\u201c<\/em> von Frank Sch\u00e4tzing oder &#8222;<em>Die Abschaffung des Todes<\/em>&#8220; von Andreas Eschbach\u00a0 uf den neuen S\u00fcdtirol-Krimi <em data-start=\"1213\" data-end=\"1238\">\u201eEin Schimmern am Berg\u201c<\/em>. Auch <em data-start=\"1245\" data-end=\"1268\">\u201eDer Gott des Waldes\u201c<\/em> ist neu im Bestand. Neben Titeln von der Bestsellerliste finden Sie auch Krimis aus aller Welt sowie neue historische Romane.<\/p>\n<p data-start=\"1396\" data-end=\"1642\">F\u00fcr alle, die sich gerne weiterbilden, gibt es auch neue Sachb\u00fccher und Kindersachb\u00fccher. Darunter <em data-start=\"1495\" data-end=\"1530\">\u201eDer Pinguin, der fliegen lernte\u201c<\/em> von Eckart von Hirschhausen und <em data-start=\"1563\" data-end=\"1623\">\u201eKeine Zeit f\u00fcr Pessimismus \u2013 Ideen f\u00fcr eine bessere Welt\u201c<\/em> von Dirk Rossmann und weitere intersante Sachb\u00fccher.<\/p>\n<p data-start=\"1644\" data-end=\"1734\"><strong><span style=\"color: #800000;\">Alle weiteren Infos finden Sie in unserem unserem\u00a0<a style=\"color: #800000;\" href=\"https:\/\/iopac.gemeindebuechereikastl.de\/\"><span style=\"color: #800080;\">Online-Katalog\u00a0<\/span><\/a>hier unter\u00a0\u201e<a href=\"https:\/\/iopac.gemeindebuechereikastl.de\/iopac\/\">Neue Titel<\/a>\u201c<\/span><\/strong><\/p>\n<p data-start=\"1736\" data-end=\"1847\"><strong><span style=\"color: #800000;\">Kommen Sie einfach bei uns in der B\u00fccherei in der Klosterbergstra\u00dfe 1 vorbei \u2013 wir freuen uns auf Ihren Besuch!\u00a0 \u00a0<\/span><em><span style=\"color: #800000;\">Ihr B\u00fcchereiteam<\/span><\/em><\/strong><\/p>\n","protected":false},"excerpt":{"rendered":"<p>\u00dcber 100 Fr\u00fchjahrsneuheiten aus dem B\u00fcchermarkt warten auf Gro\u00df und Klein zum Entleihen! Diverse Fr\u00fchjahrs- und Sommernovit\u00e4ten hat das Team f\u00fcr alle Leser eingekauft. Diese stehen ab sofort zur Ausleihe bereit. Vom Bilderbuch f\u00fcr Kleinkinder \u00fcber spannende Romane f\u00fcr Erwachsene bis hin zu neuen Mangas und Tonies \u2013 f\u00fcr jeden ist etwas dabei! Entdecken Sie &hellip; <\/p>\n<p><a class=\"more-link btn\" href=\"https:\/\/gemeindebuechereikastl.de\/?p=5722\">Weiterlesen<\/a><\/p>\n","protected":false},"author":1,"featured_media":5724,"comment_status":"closed","ping_status":"closed","sticky":false,"template":"","format":"standard","meta":{"footnotes":""},"categories":[1],"tags":[85,86,685],"class_list":["post-5722","post","type-post","status-publish","format-standard","has-post-thumbnail","hentry","category-team","tag-neue-buecher","tag-neue-medien","tag-novitaeten","item-wrap"],"_links":{"self":[{"href":"https:\/\/gemeindebuechereikastl.de\/index.php?rest_route=\/wp\/v2\/posts\/5722","targetHints":{"allow":["GET"]}}],"collection":[{"href":"https:\/\/gemeindebuechereikastl.de\/index.php?rest_route=\/wp\/v2\/posts"}],"about":[{"href":"https:\/\/gemeindebuechereikastl.de\/index.php?rest_route=\/wp\/v2\/types\/post"}],"author":[{"embeddable":true,"href":"https:\/\/gemeindebuechereikastl.de\/index.php?rest_route=\/wp\/v2\/users\/1"}],"replies":[{"embeddable":true,"href":"https:\/\/gemeindebuechereikastl.de\/index.php?rest_route=%2Fwp%2Fv2%2Fcomments&post=5722"}],"version-history":[{"count":2,"href":"https:\/\/gemeindebuechereikastl.de\/index.php?rest_route=\/wp\/v2\/posts\/5722\/revisions"}],"predecessor-version":[{"id":5726,"href":"https:\/\/gemeindebuechereikastl.de\/index.php?rest_route=\/wp\/v2\/posts\/5722\/revisions\/5726"}],"wp:featuredmedia":[{"embeddable":true,"href":"https:\/\/gemeindebuechereikastl.de\/index.php?rest_route=\/wp\/v2\/media\/5724"}],"wp:attachment":[{"href":"https:\/\/gemeindebuechereikastl.de\/index.php?rest_route=%2Fwp%2Fv2%2Fmedia&parent=5722"}],"wp:term":[{"taxonomy":"category","embeddable":true,"href":"https:\/\/gemeindebuechereikastl.de\/index.php?rest_route=%2Fwp%2Fv2%2Fcategories&post=5722"},{"taxonomy":"post_tag","embeddable":true,"href":"https:\/\/gemeindebuechereikastl.de\/index.php?rest_route=%2Fwp%2Fv2%2Ftags&post=5722"}],"curies":[{"name":"wp","href":"https:\/\/api.w.org\/{rel}","templated":true}]}}