{"id":5727,"date":"2025-06-09T07:49:22","date_gmt":"2025-06-09T07:49:22","guid":{"rendered":"https:\/\/gemeindebuechereikastl.de\/?p=5727"},"modified":"2025-06-13T11:45:39","modified_gmt":"2025-06-13T11:45:39","slug":"buergerwind-kastl-gmbh-unterstuetzt-gemeindebuecherei-mit-500-euro-spende","status":"publish","type":"post","link":"https:\/\/gemeindebuechereikastl.de\/?p=5727","title":{"rendered":"B\u00fcrgerwind Kastl GmbH unterst\u00fctzt Gemeindeb\u00fccherei mit 500-Euro-Spende"},"content":{"rendered":"<h2 style=\"text-align: center;\"><span style=\"color: #ff6600;\"><strong>Gro\u00dfz\u00fcgige Spende bereichert die Gemeindeb\u00fccherei Kastl \u2013 B\u00fcrgerwind Kastl GmbH zeigt lokales Engagement<\/strong><\/span><\/h2>\n<p data-start=\"123\" data-end=\"550\">Die Gemeindeb\u00fccherei Kastl erhielt k\u00fcrzlich eine Spende in H\u00f6he von 500 Euro von der B\u00fcrgerwind Kastl GmbH. Bei einer kleinen \u00dcbergabe \u00fcberreichte Dr. Waldemar Draxler den symbolischen Scheck an B\u00fcchereileiter Georg D\u00fcrr und seine Stellvertreterin Christa Kastner. Auch B\u00fcrgermeister Stefan Braun war anwesend und lobte das lokale Engagement: \u201eDer Einsatz f\u00fcr Bildung und Kultur ist ein starkes Zeichen gelebter Verantwortung.\u201c<\/p>\n<p data-start=\"123\" data-end=\"550\"><img loading=\"lazy\" decoding=\"async\" class=\"aligncenter wp-image-5728 size-large\" src=\"https:\/\/gemeindebuechereikastl.de\/wp-content\/uploads\/2025\/06\/Spende-Buergerwind-1-1603x1202.jpg\" alt=\"\" width=\"750\" height=\"562\" srcset=\"https:\/\/gemeindebuechereikastl.de\/wp-content\/uploads\/2025\/06\/Spende-Buergerwind-1-1603x1202.jpg 1603w, https:\/\/gemeindebuechereikastl.de\/wp-content\/uploads\/2025\/06\/Spende-Buergerwind-1-300x225.jpg 300w, https:\/\/gemeindebuechereikastl.de\/wp-content\/uploads\/2025\/06\/Spende-Buergerwind-1-768x576.jpg 768w, https:\/\/gemeindebuechereikastl.de\/wp-content\/uploads\/2025\/06\/Spende-Buergerwind-1-1536x1152.jpg 1536w, https:\/\/gemeindebuechereikastl.de\/wp-content\/uploads\/2025\/06\/Spende-Buergerwind-1-750x563.jpg 750w, https:\/\/gemeindebuechereikastl.de\/wp-content\/uploads\/2025\/06\/Spende-Buergerwind-1.jpg 2048w\" sizes=\"auto, (max-width: 750px) 100vw, 750px\" \/><\/p>\n<p data-start=\"552\" data-end=\"832\">Mit der Spende soll das Medienangebot der B\u00fccherei erweitert und der Zugang zu aktuellen Inhalten f\u00fcr Leserinnen und Leser aller Altersgruppen verbessert werden. Die Unterst\u00fctzung komme genau zur richtigen Zeit, so D\u00fcrr, da die Nachfrage nach modernen Medien ungebrochen hoch sei.<\/p>\n<p data-start=\"834\" data-end=\"1088\">Die B\u00fcrgerwind Kastl GmbH setzt mit ihrer Zuwendung ein klares Zeichen f\u00fcr gesellschaftliche Verantwortung und die F\u00f6rderung kultureller Einrichtungen vor Ort. B\u00fcchereiteam und Marktgemeinde Kastl bedanken sich herzlich f\u00fcr diese wertvolle Unterst\u00fctzung.<\/p>\n","protected":false},"excerpt":{"rendered":"<p>Gro\u00dfz\u00fcgige Spende bereichert die Gemeindeb\u00fccherei Kastl \u2013 B\u00fcrgerwind Kastl GmbH zeigt lokales Engagement Die Gemeindeb\u00fccherei Kastl erhielt k\u00fcrzlich eine Spende in H\u00f6he von 500 Euro von der B\u00fcrgerwind Kastl GmbH. Bei einer kleinen \u00dcbergabe \u00fcberreichte Dr. Waldemar Draxler den symbolischen Scheck an B\u00fcchereileiter Georg D\u00fcrr und seine Stellvertreterin Christa Kastner. Auch B\u00fcrgermeister Stefan Braun war &hellip; <\/p>\n<p><a class=\"more-link btn\" href=\"https:\/\/gemeindebuechereikastl.de\/?p=5727\">Weiterlesen<\/a><\/p>\n","protected":false},"author":1,"featured_media":5731,"comment_status":"closed","ping_status":"closed","sticky":false,"template":"","format":"standard","meta":{"footnotes":""},"categories":[1],"tags":[686,85,444],"class_list":["post-5727","post","type-post","status-publish","format-standard","has-post-thumbnail","hentry","category-team","tag-moderne-medien","tag-neue-buecher","tag-spende","item-wrap"],"_links":{"self":[{"href":"https:\/\/gemeindebuechereikastl.de\/index.php?rest_route=\/wp\/v2\/posts\/5727","targetHints":{"allow":["GET"]}}],"collection":[{"href":"https:\/\/gemeindebuechereikastl.de\/index.php?rest_route=\/wp\/v2\/posts"}],"about":[{"href":"https:\/\/gemeindebuechereikastl.de\/index.php?rest_route=\/wp\/v2\/types\/post"}],"author":[{"embeddable":true,"href":"https:\/\/gemeindebuechereikastl.de\/index.php?rest_route=\/wp\/v2\/users\/1"}],"replies":[{"embeddable":true,"href":"https:\/\/gemeindebuechereikastl.de\/index.php?rest_route=%2Fwp%2Fv2%2Fcomments&post=5727"}],"version-history":[{"count":2,"href":"https:\/\/gemeindebuechereikastl.de\/index.php?rest_route=\/wp\/v2\/posts\/5727\/revisions"}],"predecessor-version":[{"id":5737,"href":"https:\/\/gemeindebuechereikastl.de\/index.php?rest_route=\/wp\/v2\/posts\/5727\/revisions\/5737"}],"wp:featuredmedia":[{"embeddable":true,"href":"https:\/\/gemeindebuechereikastl.de\/index.php?rest_route=\/wp\/v2\/media\/5731"}],"wp:attachment":[{"href":"https:\/\/gemeindebuechereikastl.de\/index.php?rest_route=%2Fwp%2Fv2%2Fmedia&parent=5727"}],"wp:term":[{"taxonomy":"category","embeddable":true,"href":"https:\/\/gemeindebuechereikastl.de\/index.php?rest_route=%2Fwp%2Fv2%2Fcategories&post=5727"},{"taxonomy":"post_tag","embeddable":true,"href":"https:\/\/gemeindebuechereikastl.de\/index.php?rest_route=%2Fwp%2Fv2%2Ftags&post=5727"}],"curies":[{"name":"wp","href":"https:\/\/api.w.org\/{rel}","templated":true}]}}