{"id":5740,"date":"2025-06-25T10:55:32","date_gmt":"2025-06-25T10:55:32","guid":{"rendered":"https:\/\/gemeindebuechereikastl.de\/?p=5740"},"modified":"2025-06-25T10:59:24","modified_gmt":"2025-06-25T10:59:24","slug":"plitsch-platsch-badespass-sommerliche-buchausstellung-in-der-gemeindebuecherei-kastl","status":"publish","type":"post","link":"https:\/\/gemeindebuechereikastl.de\/?p=5740","title":{"rendered":"Plitsch, Platsch, Badespa\u00df \u2013 Sommerliche Buchausstellung in der Gemeindeb\u00fccherei Kastl"},"content":{"rendered":"<h2 style=\"text-align: center;\"><span style=\"color: #ff6600;\"><strong>Sommerliche Buchausstellung mit Kinderb\u00fcchern zum Thema &#8222;Plitsch, Platsch, Badespa\u00df&#8220;<\/strong><\/span><\/h2>\n<p><img loading=\"lazy\" decoding=\"async\" class=\"alignleft wp-image-5741 \" src=\"https:\/\/gemeindebuechereikastl.de\/wp-content\/uploads\/2025\/06\/Ausstellung-Badespass-763x1206.jpg\" alt=\"\" width=\"417\" height=\"659\" srcset=\"https:\/\/gemeindebuechereikastl.de\/wp-content\/uploads\/2025\/06\/Ausstellung-Badespass-763x1206.jpg 763w, https:\/\/gemeindebuechereikastl.de\/wp-content\/uploads\/2025\/06\/Ausstellung-Badespass-190x300.jpg 190w, https:\/\/gemeindebuechereikastl.de\/wp-content\/uploads\/2025\/06\/Ausstellung-Badespass-768x1213.jpg 768w, https:\/\/gemeindebuechereikastl.de\/wp-content\/uploads\/2025\/06\/Ausstellung-Badespass-972x1536.jpg 972w, https:\/\/gemeindebuechereikastl.de\/wp-content\/uploads\/2025\/06\/Ausstellung-Badespass-1296x2048.jpg 1296w, https:\/\/gemeindebuechereikastl.de\/wp-content\/uploads\/2025\/06\/Ausstellung-Badespass-750x1185.jpg 750w, https:\/\/gemeindebuechereikastl.de\/wp-content\/uploads\/2025\/06\/Ausstellung-Badespass-scaled.jpg 1621w\" sizes=\"auto, (max-width: 417px) 100vw, 417px\" \/>Wenn die Sonne scheint, die Freib\u00e4der locken und die Wasserschlachten im Garten beginnen, wird das Thema \u201eBadespa\u00df\u201c f\u00fcr Kinder besonders aktuell \u2013 und genau darum dreht sich die neue <strong>Buchausstellung in der Gemeindeb\u00fccherei Kastl<\/strong>. Unter dem Motto <strong>\u201ePlitsch, Platsch, Badespa\u00df\u201c<\/strong> pr\u00e4sentiert die B\u00fccherei eine fr\u00f6hlich-bunte Auswahl an Kinderb\u00fcchern rund ums Wasser.<\/p>\n<p><strong>Lesespa\u00df mit nassen F\u00fc\u00dfen<br \/>\n<\/strong>Wasserdrachen in der Badewanne, mutige Seepferdchen-Abenteuer oder lustige Geschichten aus dem Freibad \u2013 die Ausstellung bietet Geschichten f\u00fcr alle Altersstufen, vom Pappbilderbuch f\u00fcr die Kleinsten bis hin zum sommerlichen Leseabenteuer f\u00fcr Grundschulkinder.<\/p>\n<p><strong>Einige Highlights aus der Sammlung:<\/strong><\/p>\n<ul>\n<li><strong data-start=\"60\" data-end=\"110\">Schule der magischen Tiere \u2013 Nass und nasser<\/strong><strong> &#8211; <\/strong>Sommerliche Sondergeschichte mit viel Wasserspa\u00df und magischen Tieren.<\/li>\n<li><strong data-start=\"189\" data-end=\"216\">Der kleine Wassermann<\/strong><strong> &#8211; <\/strong>Klassiker \u00fcber ein neugieriges Unterwasserkind im M\u00fchlenweiher.<\/li>\n<li><strong data-start=\"288\" data-end=\"309\">Alga Wasserhexe<\/strong><strong> &#8211; <\/strong>Eine freche kleine Hexe erlebt lustige Abenteuer rund ums Wasser.<\/li>\n<li><strong data-start=\"383\" data-end=\"409\">Mama Muh geht Schwimmen<\/strong><strong> &#8211; <\/strong>Die neugierige Kuh Mama Muh will schwimmen lernen.<\/li>\n<li><strong data-start=\"475\" data-end=\"508\">Lieselotte will nicht baden<\/strong><strong> &#8211; <\/strong>Witzige Geschichte \u00fcber eine Kuh, die sich vorm Baden dr\u00fcckt.<\/li>\n<li><strong data-start=\"578\" data-end=\"615\">Lesel\u00f6wen Schwimmbadgeschichten<\/strong><strong> &#8211; <\/strong>Kurze Geschichten mit viel Spa\u00df im Schwimmbad \u2013 ideal f\u00fcr Leseanf\u00e4nger.<\/li>\n<\/ul>\n<p><strong>Und weitere tolle Wasser und Badegeschichten Entdecken, ausleihen, mitnehmen &#8211; Infos gibt es in unserem <a href=\"https:\/\/iopac.gemeindebuechereikastl.de\/\">Online-Katalog<\/a><\/strong><\/p>\n<p>Alle ausgestellten B\u00fccher k\u00f6nnen direkt <strong>ausgeliehen<\/strong> werden \u2013 perfekt f\u00fcr die Ferienzeit, den n\u00e4chsten Badesee-Ausflug oder entspannte Vorlesemomente im Schatten.<\/p>\n<p>Die Ausstellung l\u00e4uft ab sofort w\u00e4hrend der regul\u00e4ren \u00d6ffnungszeiten der B\u00fccherei. Kinder k\u00f6nnen st\u00f6bern, schm\u00f6kern und neue Lieblingsgeschichten entdecken.<\/p>\n<p><span style=\"color: #3366ff;\"><strong>Also: Badehose einpacken, B\u00fccher ausleihen und los geht\u2019s in den Sommer mit jeder Menge Lesespa\u00df \u2013 plitsch, platsch!<\/strong><\/span><\/p>\n","protected":false},"excerpt":{"rendered":"<p>Sommerliche Buchausstellung mit Kinderb\u00fcchern zum Thema &#8222;Plitsch, Platsch, Badespa\u00df&#8220; Wenn die Sonne scheint, die Freib\u00e4der locken und die Wasserschlachten im Garten beginnen, wird das Thema \u201eBadespa\u00df\u201c f\u00fcr Kinder besonders aktuell \u2013 und genau darum dreht sich die neue Buchausstellung in der Gemeindeb\u00fccherei Kastl. Unter dem Motto \u201ePlitsch, Platsch, Badespa\u00df\u201c pr\u00e4sentiert die B\u00fccherei eine fr\u00f6hlich-bunte Auswahl &hellip; <\/p>\n<p><a class=\"more-link btn\" href=\"https:\/\/gemeindebuechereikastl.de\/?p=5740\">Weiterlesen<\/a><\/p>\n","protected":false},"author":1,"featured_media":5741,"comment_status":"closed","ping_status":"closed","sticky":false,"template":"","format":"standard","meta":{"footnotes":""},"categories":[1],"tags":[687,194,190,688],"class_list":["post-5740","post","type-post","status-publish","format-standard","has-post-thumbnail","hentry","category-team","tag-baden","tag-buchausstellung","tag-kinderbuecher","tag-schwimmen","item-wrap"],"_links":{"self":[{"href":"https:\/\/gemeindebuechereikastl.de\/index.php?rest_route=\/wp\/v2\/posts\/5740","targetHints":{"allow":["GET"]}}],"collection":[{"href":"https:\/\/gemeindebuechereikastl.de\/index.php?rest_route=\/wp\/v2\/posts"}],"about":[{"href":"https:\/\/gemeindebuechereikastl.de\/index.php?rest_route=\/wp\/v2\/types\/post"}],"author":[{"embeddable":true,"href":"https:\/\/gemeindebuechereikastl.de\/index.php?rest_route=\/wp\/v2\/users\/1"}],"replies":[{"embeddable":true,"href":"https:\/\/gemeindebuechereikastl.de\/index.php?rest_route=%2Fwp%2Fv2%2Fcomments&post=5740"}],"version-history":[{"count":3,"href":"https:\/\/gemeindebuechereikastl.de\/index.php?rest_route=\/wp\/v2\/posts\/5740\/revisions"}],"predecessor-version":[{"id":5744,"href":"https:\/\/gemeindebuechereikastl.de\/index.php?rest_route=\/wp\/v2\/posts\/5740\/revisions\/5744"}],"wp:featuredmedia":[{"embeddable":true,"href":"https:\/\/gemeindebuechereikastl.de\/index.php?rest_route=\/wp\/v2\/media\/5741"}],"wp:attachment":[{"href":"https:\/\/gemeindebuechereikastl.de\/index.php?rest_route=%2Fwp%2Fv2%2Fmedia&parent=5740"}],"wp:term":[{"taxonomy":"category","embeddable":true,"href":"https:\/\/gemeindebuechereikastl.de\/index.php?rest_route=%2Fwp%2Fv2%2Fcategories&post=5740"},{"taxonomy":"post_tag","embeddable":true,"href":"https:\/\/gemeindebuechereikastl.de\/index.php?rest_route=%2Fwp%2Fv2%2Ftags&post=5740"}],"curies":[{"name":"wp","href":"https:\/\/api.w.org\/{rel}","templated":true}]}}